{"id":273413,"date":"2025-12-06T00:30:16","date_gmt":"2025-12-06T00:30:16","guid":{"rendered":"https:\/\/www.europesays.com\/es\/273413\/"},"modified":"2025-12-06T00:30:16","modified_gmt":"2025-12-06T00:30:16","slug":"llega-la-generacion-de-mujeres-mas-preparada-de-nuestra-historia","status":"publish","type":"post","link":"https:\/\/www.europesays.com\/es\/273413\/","title":{"rendered":"Llega la generaci\u00f3n de mujeres m\u00e1s preparada de nuestra historia"},"content":{"rendered":"<p class=\"paragraph\" id=\"paragraph_1\">Ana Rosa Quintana sit\u00faa <strong>el progreso como una prioridad nacional<\/strong>, donde cada vez m\u00e1s voces reivindican su papel como referentes. Asegura que Espa\u00f1a atraviesa un momento crucial y afirma que \u00absomos un pa\u00eds de mujeres valientes y estamos ante la llegada de la generaci\u00f3n m\u00e1s preparada de nuestra historia\u00bb.<\/p>\n<p class=\"paragraph\" id=\"paragraph_2\">Su participaci\u00f3n dentro del listado de las Top 100 en tres ocasiones \u2014<strong>8\u00aa, 10\u00aa y 11\u00aa edici\u00f3n<\/strong>\u2014 refuerza su influencia y relevancia en los \u00e1mbitos medi\u00e1tico y social. Adem\u00e1s, su reconocimiento como Honoraria representa un hito importante que pone en valor su compromiso con la inserci\u00f3n profesional en posiciones de liderazgo.<\/p>\n<p class=\"paragraph\" id=\"paragraph_3\">Este tipo de galard\u00f3n visibiliza la <strong>habilidad femenina<\/strong> y abre puertas a las nuevas edades. Por ello, Ana Rosa afirma que iniciativas como esta \u00abson una alfombra para el futuro\u00bb.<\/p>\n<p><img loading=\"lazy\" decoding=\"async\" alt=\"1003744033790_260200252_1706x960-convertido-de-webp\" height=\"180\" src=\"https:\/\/www.europesays.com\/es\/wp-content\/uploads\/2025\/12\/1003744042331_260312335_320x180.jpg\" width=\"320\" data-lazy-status=\"processed\" data-lazy-info=\"remove loading item 1\"\/><\/p>\n<p class=\"paragraph\" id=\"paragraph_4\">La comunicadora, con una <strong>amplia trayectoria,<\/strong> subraya que en su carrera siempre ha buscado transmitir con hechos esta necesidad de equidad.<\/p>\n<p class=\"paragraph\" id=\"paragraph_5\">\u00abEn casa, con mi trabajo, he ense\u00f1ado a mis hijos que una mujer tiene los mismos derechos y las mismas oportunidades que un hombre\u00bb, apunta. Este ejemplo se traduce en decisiones que han ampliado su autoridad m\u00e1s all\u00e1 de la pantalla.<\/p>\n<p><a class=\"btn__link\" href=\"https:\/\/www.elespanol.com\/mujer\/lastop100\/votaciones\/\" rel=\"noopener nofollow\" target=\"_blank\">ELIGE A TUS CANDIDATAS DE LA XIII EDICI\u00d3N<\/a><\/p>\n<p class=\"paragraph\" id=\"paragraph_6\">El recorrido de la periodista ocupa un <strong>lugar central en los medios<\/strong> desde hace cuatro d\u00e9cadas. Su puesto ha marcado la actualidad informativa con programas ic\u00f3nicos como El programa de Ana Rosa, l\u00edder matinal durante 18 a\u00f1os, y como presidenta de <strong>Unicorn Content<\/strong>, la productora que m\u00e1s horas de televisi\u00f3n produce en Espa\u00f1a desde 2022. Esto ha consolidado tambi\u00e9n su faceta a nivel corporativo.<\/p>\n<p class=\"paragraph\" id=\"paragraph_7\">Ese mismo a\u00f1o, Forbes la incluy\u00f3 en la clasificaci\u00f3n de las <strong>100 mujeres m\u00e1s influyentes de Espa\u00f1a<\/strong>, ensalzando su impacto como presentadora y ejecutiva de una de las empresas m\u00e1s potentes del sector audiovisual.<\/p>\n<p><img decoding=\"async\" alt=\"La gala de 'Las Top 100 Mujeres L\u00edderes en Espa\u00f1a' celebrada en 2023 en el Teatro Real.\" data-imgm=\"true\" height=\"180\" loading=\"lazy\"  src=\"https:\/\/www.europesays.com\/es\/wp-content\/uploads\/2025\/12\/1003744022159_260047037_1024x576.jpg\"  width=\"320\"\/><\/p>\n<p>                                                            La gala de &#8216;Las Top 100 Mujeres L\u00edderes en Espa\u00f1a&#8217; celebrada en 2023 en el Teatro Real.<\/p>\n<p>                    Cedida<\/p>\n<p class=\"paragraph\" id=\"paragraph_8\">Ella misma vincula esa evoluci\u00f3n a su forma de entender <strong>la comunicaci\u00f3n<\/strong> y <strong>conciencia ciudadana<\/strong>. \u201cHe informado permanentemente en mis programas sobre los derechos de las clases m\u00e1s desfavorecidas y he reivindicado la necesidad de una igualdad social para conseguir los mismos salarios y acabar con los llamados techos de cristal\u201d, explica.<\/p>\n<p class=\"paragraph\" id=\"paragraph_9\">El emprendimiento femenino en Espa\u00f1a est\u00e1 <strong>creciendo con fuerza<\/strong> e incluso ya supera la media europea. Ana Rosa resalta que \u00abpor cada 10 hombres que inician negocios, hay ocho mujeres que tambi\u00e9n lo hacen\u00bb. Esto evidencia una transformaci\u00f3n significativa a nivel nacional.<\/p>\n<p><img decoding=\"async\" alt=\"1003744040512_260288992_1706x960-convertido-de-webp\" height=\"180\" loading=\"lazy\" width=\"320\" data-lazy-status=\"processed\" id=\"d674aa09cc\" src=\"https:\/\/www.elespanol.com\/mujer\/lastop100\/20251205\/ana-rosa-quintana-destaca-avance-femenino-llega-generacion-mujeres-preparada-historia\/[\" https:=\"\" data-lazy-info=\"changed src\"\/><\/p>\n<p class=\"paragraph\" id=\"paragraph_10\">Su extenso camino en la <strong>esfera p\u00fablica<\/strong>, combinada con su liderazgo, la sit\u00faan como una figura esencial dentro del ecosistema actual. No solo representa un modelo a seguir para muchas, sino que tambi\u00e9n ha logrado consolidarse como un referente imprescindible para quienes aspiran a gestionar y cambiar diversos \u00e1mbitos.<\/p>\n","protected":false},"excerpt":{"rendered":"Ana Rosa Quintana sit\u00faa el progreso como una prioridad nacional, donde cada vez m\u00e1s voces reivindican su papel&hellip;\n","protected":false},"author":2,"featured_media":273414,"comment_status":"","ping_status":"","sticky":false,"template":"","format":"standard","meta":{"footnotes":""},"categories":[174],"tags":[255,146,147,25,24,256,66909,66910,15562,23],"class_list":{"0":"post-273413","1":"post","2":"type-post","3":"status-publish","4":"format-standard","5":"has-post-thumbnail","7":"category-famosos","8":"tag-celebrities","9":"tag-entertainment","10":"tag-entretenimiento","11":"tag-es","12":"tag-espana","13":"tag-famosos","14":"tag-las-top-100-honorarias","15":"tag-lastop100","16":"tag-liderazgo","17":"tag-spain"},"share_on_mastodon":{"url":"https:\/\/pubeurope.com\/@es\/115669803495876774","error":""},"_links":{"self":[{"href":"https:\/\/www.europesays.com\/es\/wp-json\/wp\/v2\/posts\/273413","targetHints":{"allow":["GET"]}}],"collection":[{"href":"https:\/\/www.europesays.com\/es\/wp-json\/wp\/v2\/posts"}],"about":[{"href":"https:\/\/www.europesays.com\/es\/wp-json\/wp\/v2\/types\/post"}],"author":[{"embeddable":true,"href":"https:\/\/www.europesays.com\/es\/wp-json\/wp\/v2\/users\/2"}],"replies":[{"embeddable":true,"href":"https:\/\/www.europesays.com\/es\/wp-json\/wp\/v2\/comments?post=273413"}],"version-history":[{"count":0,"href":"https:\/\/www.europesays.com\/es\/wp-json\/wp\/v2\/posts\/273413\/revisions"}],"wp:featuredmedia":[{"embeddable":true,"href":"https:\/\/www.europesays.com\/es\/wp-json\/wp\/v2\/media\/273414"}],"wp:attachment":[{"href":"https:\/\/www.europesays.com\/es\/wp-json\/wp\/v2\/media?parent=273413"}],"wp:term":[{"taxonomy":"category","embeddable":true,"href":"https:\/\/www.europesays.com\/es\/wp-json\/wp\/v2\/categories?post=273413"},{"taxonomy":"post_tag","embeddable":true,"href":"https:\/\/www.europesays.com\/es\/wp-json\/wp\/v2\/tags?post=273413"}],"curies":[{"name":"wp","href":"https:\/\/api.w.org\/{rel}","templated":true}]}}