{"id":273415,"date":"2025-12-06T00:33:09","date_gmt":"2025-12-06T00:33:09","guid":{"rendered":"https:\/\/www.europesays.com\/es\/273415\/"},"modified":"2025-12-06T00:33:09","modified_gmt":"2025-12-06T00:33:09","slug":"las-campanadas-de-fin-de-ano-de-canal-sur-se-retransmitiran-desde-sierra-nevada","status":"publish","type":"post","link":"https:\/\/www.europesays.com\/es\/273415\/","title":{"rendered":"Las campanadas de fin de a\u00f1o de Canal Sur se retransmitir\u00e1n desde Sierra Nevada"},"content":{"rendered":"<p style=\"\">Las <strong>campanadas<\/strong> de fin de a\u00f1o son el fen\u00f3meno televisivo m\u00e1s visto en Espa\u00f1a. Pocas familias no se toman las uvas y despiden cada a\u00f1o en compa\u00f1\u00eda y frente al televisor. La batalla siempre est\u00e1 en la cadena escogida para decir adi\u00f3s al curso  &#8230; y comenzar el nuevo con renovadas ilusiones.<\/p>\n<p class=\"voc-p\" style=\"\"><strong>Canal Sur<\/strong> acaba de publicar que despedir\u00e1 el a\u00f1o 2025 y <strong>dar\u00e1 la bienvenida a 2026 desde Sierra Nevada,<\/strong> en la provincia de Granada. Toda una novedad, pues tradicionalmente las campanadas se han retransmitido desde las diferentes capitales andaluzas y desde ciudades muy reconocidas en la Comunidad.<\/p>\n<p class=\"voc-p\" style=\"\">En esta ocasi\u00f3n, Canal Sur se desplaza a Pradollano para tomarse <strong>\u00ablas uvas m\u00e1s blancas\u00bb, \u00abcon los mejores deseos\u00bb<\/strong>, desde una estaci\u00f3n de esqu\u00ed querida por todos, en un entorno natural, en la estaci\u00f3n m\u00e1s alta de Espa\u00f1a y la m\u00e1s meridional de Europa. La noticia la han dado en sus programas \u00abAndaluc\u00eda Directo\u00bb, que dirige Modesto Barrag\u00e1n, y \u00abAndaluc\u00eda Ahora\u00bb, de Javier Ben\u00edtez, respectivamente.<\/p>\n<p class=\"voc-p\" style=\"\">El pasado a\u00f1o, <strong>Modesto Barrag\u00e1n y Paz Santana<\/strong> se tomaron las uvas en Ja\u00e9n, que suced\u00eda a Jerez (2023). La RTVA andaluza tambi\u00e9n las ha emitido desde C\u00e1diz, Antequera, Almon\u00e1ster la Real o Estepa en los \u00faltimos a\u00f1os.<\/p>\n","protected":false},"excerpt":{"rendered":"Las campanadas de fin de a\u00f1o son el fen\u00f3meno televisivo m\u00e1s visto en Espa\u00f1a. Pocas familias no se&hellip;\n","protected":false},"author":2,"featured_media":273416,"comment_status":"","ping_status":"","sticky":false,"template":"","format":"standard","meta":{"footnotes":""},"categories":[171],"tags":[45,259,1611,48603,4632,146,147,25,24,772,43210,66911,11774,23,14132,214],"class_list":{"0":"post-273415","1":"post","2":"type-post","3":"status-publish","4":"format-standard","5":"has-post-thumbnail","7":"category-tv","8":"tag-45","9":"tag-andalucia","10":"tag-ano","11":"tag-campanadas","12":"tag-canal","13":"tag-entertainment","14":"tag-entretenimiento","15":"tag-es","16":"tag-espana","17":"tag-fin","18":"tag-nevada","19":"tag-retransmitiran","20":"tag-sierra","21":"tag-spain","22":"tag-sur","23":"tag-tv"},"share_on_mastodon":{"url":"https:\/\/pubeurope.com\/@es\/115669814947634212","error":""},"_links":{"self":[{"href":"https:\/\/www.europesays.com\/es\/wp-json\/wp\/v2\/posts\/273415","targetHints":{"allow":["GET"]}}],"collection":[{"href":"https:\/\/www.europesays.com\/es\/wp-json\/wp\/v2\/posts"}],"about":[{"href":"https:\/\/www.europesays.com\/es\/wp-json\/wp\/v2\/types\/post"}],"author":[{"embeddable":true,"href":"https:\/\/www.europesays.com\/es\/wp-json\/wp\/v2\/users\/2"}],"replies":[{"embeddable":true,"href":"https:\/\/www.europesays.com\/es\/wp-json\/wp\/v2\/comments?post=273415"}],"version-history":[{"count":0,"href":"https:\/\/www.europesays.com\/es\/wp-json\/wp\/v2\/posts\/273415\/revisions"}],"wp:featuredmedia":[{"embeddable":true,"href":"https:\/\/www.europesays.com\/es\/wp-json\/wp\/v2\/media\/273416"}],"wp:attachment":[{"href":"https:\/\/www.europesays.com\/es\/wp-json\/wp\/v2\/media?parent=273415"}],"wp:term":[{"taxonomy":"category","embeddable":true,"href":"https:\/\/www.europesays.com\/es\/wp-json\/wp\/v2\/categories?post=273415"},{"taxonomy":"post_tag","embeddable":true,"href":"https:\/\/www.europesays.com\/es\/wp-json\/wp\/v2\/tags?post=273415"}],"curies":[{"name":"wp","href":"https:\/\/api.w.org\/{rel}","templated":true}]}}