{"id":273417,"date":"2025-12-06T00:34:13","date_gmt":"2025-12-06T00:34:13","guid":{"rendered":"https:\/\/www.europesays.com\/es\/273417\/"},"modified":"2025-12-06T00:34:13","modified_gmt":"2025-12-06T00:34:13","slug":"cronologia-del-caso-de-abuso-sexual-en-el-k-pop-grupo-milenio","status":"publish","type":"post","link":"https:\/\/www.europesays.com\/es\/273417\/","title":{"rendered":"cronolog\u00eda del caso de abuso sexual en el k-pop- Grupo Milenio"},"content":{"rendered":"<p>Las alertas dentro del fandom del grupo femenino <strong>MADEIN\u00a0<\/strong>(MABY) se encendieron tras la impactante revelaci\u00f3n que se hizo en el programa de televisi\u00f3n Scandal Supervisor: el CEO de una agencia de entretenimiento habr\u00eda <strong>acosado sexualmente<\/strong> a una joven artista del <strong>k-pop.<\/strong><\/p>\n<p>Seg\u00fan el informe al cual el canal tuvo acceso, los padres de la v\u00edctima acusaron al director ejecutivo de chantajear a su hija con su permanencia en el grupo para cometer el agravio. \u201c\u00c9l dijo: \u2018Si te concedo tu deseo, \u00bft\u00fa me conceder\u00e1s el m\u00edo?\u2019\u201d, narraba la joven en una grabaci\u00f3n de audio.<\/p>\n<p>El caso ya era indignante por s\u00ed mismo, pero MABY lo hall\u00f3 particularmente preocupante. Esto porque, si bien las identidades se mantuvieron an\u00f3nimas, en ese momento habr\u00edan suficientes pistas para afirmar que <strong>la v\u00edctima podr\u00eda ser una de las integrantes del grupo<\/strong><strong>:<\/strong> <strong>Gaeun<\/strong>, de entonces 19 a\u00f1os.<\/p>\n<p>Las primeras pistas<\/p>\n<p>El 3 de septiembre del 2024, Gaeun debut\u00f3 a sus 18 a\u00f1os en MADEIN bajo el sello de <strong>143 Entertainment<\/strong>. Adem\u00e1s de ella, el grupo ten\u00eda otras seis integrantes: Mashiro, Yeseo, Miyu, Suhye, Serina y Nagomi.<\/p>\n<p>A diferencia de otras empresas\u2014 las cuales restringen a sus nuevos artistas de tener cuentas individuales en Instagram\u2014, Gaeun s\u00ed mantuvo su perfil personal abierto y activo. Al menos as\u00ed fue hasta dos d\u00edas despu\u00e9s de su cumplea\u00f1os, cuando las y los fans notaron tres inquietantes cambios: hab\u00eda eliminado todas sus publicaciones, borr\u00f3 de su descripci\u00f3n el nombre del grupo y dej\u00f3 de seguir a las cuentas del CEO, <strong>Lee Yonghak<\/strong>, y de la compa\u00f1\u00eda.<\/p>\n<p>Las opiniones se dividieron entre fans que externaron consternaci\u00f3n y quienes ped\u00edan no asumir ni adelantar nada. \u201cTal vez est\u00e1 renovando su feed\u201d, \u201cParen con las suposiciones extra\u00f1as y basadas en actualizaciones extra\u00f1as\u201d, \u201cNo se lo tomen muy personal\u201d. Pero poco dur\u00f3 esa incertidumbre.<\/p>\n<blockquote><p>\u201cGaeun visit\u00f3 recientemente el hospital por razones de salud y, siguiendo el consejo del equipo m\u00e9dico de que necesita suficiente descanso y estabilidad, decidi\u00f3 suspender temporalmente sus actividades y centrarse en recuperar su salud\u201d, escribi\u00f3 la agencia en X.<\/p><\/blockquote>\n<p>De alguna manera, la conversaci\u00f3n pas\u00f3 de las teor\u00edas y suposiciones a mensajes de apoyo para la joven artista. Y la caja de Pandora se mantuvo cerrada un par de semanas m\u00e1s.<\/p>\n<blockquote class=\"twitter-tweet\">\n<p lang=\"ko\" dir=\"ltr\">[<a href=\"https:\/\/twitter.com\/hashtag\/NOTICE?src=hash&amp;ref_src=twsrc%5Etfw\" target=\"_blank\" rel=\"nofollow noopener\">#NOTICE<\/a>]<\/p>\n<p>\uc548\ub155\ud558\uc138\uc694. 143\uc5d4\ud130\ud14c\uc778\uba3c\ud2b8\uc785\ub2c8\ub2e4.<\/p>\n<p>\uba54\uc774\ub518(MADEIN) \uba64\ubc84 \uac00\uc740 \ud65c\ub3d9 \uad00\ub828\ud558\uc5ec \uc548\ub0b4\ub4dc\ub9bd\ub2c8\ub2e4.<\/p>\n<p>\uac00\uc740\uc740 \ucd5c\uadfc \uac74\uac15\uc0c1\uc758 \uc774\uc720\ub85c \ubcd1\uc6d0\uc744 \ubc29\ubb38\ud558\uc600\uace0, \ucda9\ubd84\ud55c \ud734\uc2dd\uacfc \uc548\uc815\uc774 \ud544\uc694\ud558\ub2e4\ub294 \uc758\ub8cc\uc9c4\uc758 \uc18c\uacac\uc5d0 \ub530\ub77c \uc77c\uc2dc\uc801\uc73c\ub85c \ud65c\ub3d9\uc744 \uc911\ub2e8\ud558\uace0 \uac74\uac15 \ud68c\ubcf5\uc5d0 \ud798\uc4f0\uae30\ub85c \uacb0\uc815\ud558\uac8c \ub418\uc5c8\uc2b5\ub2c8\ub2e4.<\/p>\n<p>\uc774\uc5d0\u2026<\/p>\n<p>\u2014 M\u039bDEIN (@MADEIN_U) <a href=\"https:\/\/twitter.com\/MADEIN_U\/status\/1855822765095526427?ref_src=twsrc%5Etfw\" target=\"_blank\" rel=\"nofollow noopener\">November 11, 2024<\/a><\/p><\/blockquote>\n<p>\u00a0Un novio en la habitaci\u00f3n: la primera versi\u00f3n<\/p>\n<p>Scandal Supervisor es un programa donde un panel de periodistas platican, discuten y analizan casos criminales, incidentes menores y problem\u00e1ticas sociales de Corea del Sur. As\u00ed, el 22 de noviembre se abord\u00f3 <strong>el abuso sexual que una cantante de k-pop habr\u00eda recibido del CEO de la empresa<\/strong> a la que pertenec\u00eda; esto, tan s\u00f3lo un mes despu\u00e9s de haber debutado con su grupo.<\/p>\n<p>Seg\u00fan el informe y grabaciones de audio presentadas por los padres de la v\u00edctima\u2014 cuya identidad se mantuvo en anonimato y se le refer\u00eda como \u201cA\u201d\u2014 los hechos ocurrieron en octubre del 2024, luego que el CEO la descubriera con su novio dentro del dormitorio. <\/p>\n<p>En el k-pop, tener pareja es un tema pol\u00e9mico y hasta tab\u00fa. Las y los artistas (especialmente reci\u00e9n debutados) tienen <strong>estrictamente prohibidas las relaciones amorosas<\/strong>, tanto as\u00ed que, si se les descubre en una, las empresas pueden rescindir sus contratos. <\/p>\n<p>Ese parec\u00eda ser el destino de \u201cA\u201d. Pero al estar en medio de las promociones grupales, ella suplic\u00f3 al CEO quedarse en el grupo hasta que \u00e9stas terminaran para despu\u00e9s asumir la responsabilidad y ser expulsada. <\/p>\n<p>As\u00ed, y aprovech\u00e1ndose de la vulnerabilidad de \u201cA\u201d, el director le propuso salvar su carrera a cambio de que ella fingiera ser su novia por todo un d\u00eda. Desesperada, y pensando que se tratar\u00eda de un par de citas o ver una pel\u00edcula, \u201cA\u201d acept\u00f3 la petici\u00f3n. De inmediato el CEO cerr\u00f3 la puerta de su oficina y comenz\u00f3 a tocarla y besarla sin su consentimiento. <\/p>\n<blockquote><p>\u201cSigui\u00f3 besando y lamiendo mi cuello y orejas. (&#8230;) Yo hac\u00eda lo que pod\u00eda para protegerme aqu\u00ed\u2014 su parte \u00edntima\u2014, pero me dijo \u2018Quita tu mano\u2019 y me toc\u00f3 all\u00ed. (Me dec\u00eda) (&#8230;) Aunque yo me negaba diciendo \u2018No, no quiero\u2019, avanz\u00f3 y lo hizo durante dos horas\u201d, se escuchaba en el testimonio grabado de la v\u00edctima.<\/p><\/blockquote>\n<p>Las y los periodistas del programa se\u00f1alaron que la compa\u00f1\u00eda imputada neg\u00f3 los hechos y culp\u00f3 a \u201cA\u201d de ser quien habr\u00eda iniciado esa propuesta. Y aunque la producci\u00f3n procur\u00f3 guardar el anonimato de la v\u00edctima y la agencia, <strong>ilustr\u00f3 la noticia con un video borroso de una presentaci\u00f3n de MADEIN<\/strong>. Con esto, los cambios en Instagram y la pausa en las actividades de Gaeun comenzaron a cobrar sentido; pero no de la manera en que las y los fans esperaban escuchar.<\/p>\n<p>Al ser indirectamente se\u00f1alada, <strong>143 Entertainment neg\u00f3 las acusaciones de acoso sexual.<\/strong> Sin embargo, el fandom estaba del lado de Gaeun y arremetieron contra la compa\u00f1\u00eda y el CEO; de este \u00faltimo, afirmando que no era la primera vez que incomodaba a las chicas. Para ello, se sustentaron en una an\u00e9cdota que Miyu, otra de las integrantes, cont\u00f3 en un programa de variedades.<\/p>\n<blockquote><p>\u201c(\u00c9l dec\u00eda) \u201cMe gustas\u201d en japon\u00e9s. \u00c9l siempre lo dice de esa manera. Es bueno, pero lo hace todos los d\u00edas. Con una vez al a\u00f1o estar\u00eda bien\u201d.<\/p><\/blockquote>\n<p>\t\t<img decoding=\"async\" class=\"nd-media-detail-caption__img\" alt=\"Fans del grupo identificaron que el video era de la presentaci\u00f3n de la canci\u00f3\" data-camus-image=\"\" data-camus-toolbar-image-position=\"topleft\" loading=\"lazy\" src=\"https:\/\/images.milenio.com\/J0oqVetr5rVbuSfWnFa6tgOgPSE=\/375x0\/uploads\/media\/2025\/12\/04\/fans-grupo-identificaron-video-presentacion.jpeg\" height=\"218\" width=\"375\" onerror=\"this.onerror=null;this.src=\\'\/bundles\/appcamusassets\/dist\/images\/logo-Milenio-2.jpg\\'\"\/><\/p>\n<p>  \tFans del grupo identificaron que el video era de la presentaci\u00f3n de la canci\u00f3n \u00abStarlight\u00bb | Redes sociales<\/p>\n<p>  \t  \t<img decoding=\"async\" alt=\"filter-toggle\" class=\"nd-media-detail-caption__icon__icon\" src=\"https:\/\/www.milenio.com\/bundles\/appcamusassets\/dist\/images\/svg\/expand-solid.svg\" width=\"15\" height=\"15\" onerror=\"this.onerror=null;this.src=\\'\/bundles\/appcamusassets\/dist\/images\/logo-Milenio-2.jpg\\'\" loading=\"lazy\"\/><br \/>\n  \t  ampliar<\/p>\n<p>El 28 de noviembre, la compa\u00f1\u00eda lanz\u00f3 un nuevo comunicado para informar que <strong style=\"font-family: utopia-regular;\">Gaeun hab\u00eda decidido abandonar el grupo<\/strong>, debido a \u201ccircunstancias personales que le dificultaban continuar con sus actividades\u201d. Asimismo, <strong style=\"font-family: utopia-regular;\">volvi\u00f3 a negar las acusaciones por abuso sexual<\/strong>, afirmando tener pruebas que respaldan su defensa.<\/p>\n<p>Pese al boicot y la indignaci\u00f3n del fandom, Madein continu\u00f3 sus actividades con seis integrantes. Gaeun no hizo ning\u00fan pronunciamiento al respecto y el caso\u2014 el cual tuvo poca difusi\u00f3n medi\u00e1tica\u2014 \u201cse enfri\u00f3\u201d durante varios meses a\u00fan sin respuestas, culpables o justicia. <\/p>\n<p>Sin embargo, la caja de Pandora pod\u00eda abrirse mucho m\u00e1s.<\/p>\n<p>\t\t<img decoding=\"async\" class=\"nd-media-detail-caption__img\" alt=\"Fans organizaron campa\u00f1as de boicot a cualquier material de MADEIN publicado por la compa\u00f1\u00eda\" data-camus-image=\"\" data-camus-toolbar-image-position=\"topleft\" loading=\"lazy\" src=\"https:\/\/images.milenio.com\/fwX4Q5IMjWdBA3g9pkDf9q6j_zs=\/375x0\/uploads\/media\/2025\/12\/04\/fans-organizaron-campanas-boicot-material.jpeg\" height=\"469\" width=\"375\" onerror=\"this.onerror=null;this.src=\\'\/bundles\/appcamusassets\/dist\/images\/logo-Milenio-2.jpg\\'\"\/><\/p>\n<p>  \tFans organizaron campa\u00f1as de boicot a cualquier material de MADEIN publicado por la compa\u00f1\u00eda | Twitter @kep1dalso<\/p>\n<p>  \t  \t<img decoding=\"async\" alt=\"filter-toggle\" class=\"nd-media-detail-caption__icon__icon\" src=\"https:\/\/www.milenio.com\/bundles\/appcamusassets\/dist\/images\/svg\/expand-solid.svg\" width=\"15\" height=\"15\" onerror=\"this.onerror=null;this.src=\\'\/bundles\/appcamusassets\/dist\/images\/logo-Milenio-2.jpg\\'\" loading=\"lazy\"\/><br \/>\n  \t  ampliar<\/p>\n<p>El caso volvi\u00f3 al ojo p\u00fablico cinco meses despu\u00e9s, cuando Gaeun public\u00f3 una carta en Instagram en raz\u00f3n de la conferencia de prensa que su madre encabezar\u00eda al d\u00eda siguiente, apoyada por el Centro de Derechos Humanos Laborales, Hanbit Media.<\/p>\n<p>Adem\u00e1s de anunciar dicho encuentro con los medios, la organizaci\u00f3n <strong>acus\u00f3 a la agencia de expulsar unilateralmente a la joven<\/strong> y a Scandal Supervisor de <strong>publicar la grabaci\u00f3n sin el consentimiento de la v\u00edctima.<\/strong><\/p>\n<blockquote><p>\u201cYa no me esconder\u00e9 y les contar\u00e9 mis sentimientos y lo que ha sucedido hasta ahora (&#8230;) Gracias por esperar y confiar en mi. Y lamento haberlos preocupado\u201d, dec\u00eda Gaeun en su carta.<\/p><\/blockquote>\n<p>Los hechos y la denuncia    <\/p>\n<p>\t\t<img decoding=\"async\" class=\"nd-media-detail-caption__img\" alt=\"La abogada de la familia (izquierda) y la madre de la v\u00edctima (derecha) | Starnews a trav\u00e9s de Redes Sociales\" data-camus-image=\"\" data-camus-toolbar-image-position=\"topleft\" loading=\"lazy\" src=\"https:\/\/images.milenio.com\/WPcqumCQhruDashnSM5ayII4GUo=\/375x0\/uploads\/media\/2025\/12\/04\/abogada-familia-izquierda-madre-victima.jpeg\" height=\"256\" width=\"375\" onerror=\"this.onerror=null;this.src=\\'\/bundles\/appcamusassets\/dist\/images\/logo-Milenio-2.jpg\\'\"\/><\/p>\n<p>  \tLa abogada de la familia (izquierda) y la madre de la v\u00edctima (derecha) | Starnews a trav\u00e9s de Redes Sociales<\/p>\n<p>  \t  \t<img decoding=\"async\" alt=\"filter-toggle\" class=\"nd-media-detail-caption__icon__icon\" src=\"https:\/\/www.milenio.com\/bundles\/appcamusassets\/dist\/images\/svg\/expand-solid.svg\" width=\"15\" height=\"15\" onerror=\"this.onerror=null;this.src=\\'\/bundles\/appcamusassets\/dist\/images\/logo-Milenio-2.jpg\\'\" loading=\"lazy\"\/><br \/>\n  \t  ampliar<\/p>\n<p>El acoso sexual a Gaeun era s\u00f3lo una parte del gran iceberg que era el CEO de 143 Entertainment, Lee Yonghak. <\/p>\n<p>Seg\u00fan el relato de la madre de la v\u00edctima, <strong>el director fomentaba la discordia entre las miembros de MADEIN\u00a0<\/strong>a trav\u00e9s de reuniones privadas de \u201casesoramiento\u201d. Asimismo, manten\u00eda una rigurosa vigilancia en sus dormitorios y les prohib\u00eda comunicarse con conocidos o amigos sin previo aviso.<\/p>\n<p>Respecto al abuso, la madre se\u00f1al\u00f3 que el director ten\u00eda \u201ccontacto f\u00edsico leve\u201d con Gaeun, el cual poco a poco se increment\u00f3 hasta llegar a la agresi\u00f3n sexual\u2014 la cual suscit\u00f3 tras su graduaci\u00f3n de la preparatoria\u2014. <strong>Agreg\u00f3 que cuando la joven se negaba<\/strong><strong style=\"font-family: utopia-regular;\">, el director la castigaba con tratos injustos y desventajas laborales<\/strong>.<\/p>\n<blockquote><p>\u201cLa ni\u00f1a me envi\u00f3 se\u00f1ales de socorro varias veces, pero no la escuch\u00e9. Como resultado de ignorarla, algo inimaginable le sucedi\u00f3 a mi hija\u201d, reconoci\u00f3 entre l\u00e1grimas.<\/p><\/blockquote>\n<p><strong>Pero el deseo de Gaeun por cumplir su sue\u00f1o era m\u00e1s grande que el trauma<\/strong> y el da\u00f1o emocional y f\u00edsico: ella quer\u00eda seguir en Madein y disfrutar de los escenarios junto a las miembros y sus fans. Por esa raz\u00f3n no denunciaron al CEO y buscaron soluciones con el fin que el sue\u00f1o de su hija no se viera estancado.<\/p>\n<p>La madre hizo firmar un compromiso por escrito para destituir a Lee Yonghak de ciertas responsabilidades, el padre se reuni\u00f3 con \u00e9l para negociar los requisitos que pudieran evitar la denuncia e, incluso, ambos plantearon la posibilidad de recibir un pago por compensaci\u00f3n para solventar el futuro de Gaeun. Sin embargo, Yeonghak rechaz\u00f3 todas las propuestas o pon\u00eda condiciones para aceptarlas, por ejemplo, que la joven diera like y compartiera el <a href=\"https:\/\/x.com\/MADEIN_U\/status\/1860003117162791130?lang=es\" target=\"_blank\" rel=\"nofollow\">comunicado<\/a>\u00a0de la empresa donde negaba las acusaciones de abuso sexual. <\/p>\n<p>Ante ello, inform\u00f3 la abogada de la familia, fue que <strong>Gaeun denunci\u00f3 penalmente a Lee Yonghak por violar la Ley de Prevenci\u00f3n Sexual Infantil y Juvenil.<\/strong> Asimismo, exigi\u00f3 una disculpa oficial y el t\u00e9rmino de su contrato exclusivo con 143 Entertainment\u2014 mantener esta figura impide que la joven pueda debutar en otra agencia\u2014.<\/p>\n<blockquote><p>\u201cEl director ejecutivo cit\u00f3 a la integrante del grupo a su oficina, donde la agredi\u00f3 verbalmente y amenaz\u00f3 durante tres horas, y posteriormente <strong>cometi\u00f3 actos de acoso sexual que la humillaron. <\/strong>En ese momento, la v\u00edctima era menor de 19 a\u00f1os\u201d, se\u00f1al\u00f3 un representante de Hanbit Media.<\/p><\/blockquote>\n<p>Actualmente el caso sigue en pie, mientras MADEIN est\u00e1 activo s\u00f3lo con cuatro integrantes.<\/p>\n<p>    \t<img decoding=\"async\" alt=\"__icon\" class=\"nd-related-news-detail-media-dual__icon\" src=\"https:\/\/www.milenio.com\/bundles\/appcamusassets\/dist\/images\/svg\/arrow-circle-right-solid.svg\" width=\"15\" height=\"15\" onerror=\"this.onerror=null;this.src=\\'\/bundles\/appcamusassets\/dist\/images\/logo-Milenio-2.jpg\\'\" loading=\"lazy\"\/><br \/>\n    Te recomendamos<\/p>\n<p>\u200bASG<\/p>\n<p>\u200b<\/p>\n<p>\t<script async src=\"https:\/\/platform.twitter.com\/widgets.js\" charset=\"utf-8\"><\/script><\/p>\n","protected":false},"excerpt":{"rendered":"Las alertas dentro del fandom del grupo femenino MADEIN\u00a0(MABY) se encendieron tras la impactante revelaci\u00f3n que se hizo&hellip;\n","protected":false},"author":2,"featured_media":273418,"comment_status":"","ping_status":"","sticky":false,"template":"","format":"standard","meta":{"footnotes":""},"categories":[170],"tags":[66918,36763,66912,66913,146,147,25,24,66915,194,66914,184,185,66916,66917,23],"class_list":{"0":"post-273417","1":"post","2":"type-post","3":"status-publish","4":"format-standard","5":"has-post-thumbnail","7":"category-musica","8":"tag-143-entertainment","9":"tag-abuso-sexual","10":"tag-acoso-sexual-en-el-k-pop","11":"tag-el-lado-oscuro-del-k-pop","12":"tag-entertainment","13":"tag-entretenimiento","14":"tag-es","15":"tag-espana","16":"tag-gaeun","17":"tag-kpop","18":"tag-madein","19":"tag-music","20":"tag-musica","21":"tag-que-paso-con-el-caso-de-madein","22":"tag-que-paso-con-gaeun","23":"tag-spain"},"share_on_mastodon":{"url":"https:\/\/pubeurope.com\/@es\/115669820696316509","error":""},"_links":{"self":[{"href":"https:\/\/www.europesays.com\/es\/wp-json\/wp\/v2\/posts\/273417","targetHints":{"allow":["GET"]}}],"collection":[{"href":"https:\/\/www.europesays.com\/es\/wp-json\/wp\/v2\/posts"}],"about":[{"href":"https:\/\/www.europesays.com\/es\/wp-json\/wp\/v2\/types\/post"}],"author":[{"embeddable":true,"href":"https:\/\/www.europesays.com\/es\/wp-json\/wp\/v2\/users\/2"}],"replies":[{"embeddable":true,"href":"https:\/\/www.europesays.com\/es\/wp-json\/wp\/v2\/comments?post=273417"}],"version-history":[{"count":0,"href":"https:\/\/www.europesays.com\/es\/wp-json\/wp\/v2\/posts\/273417\/revisions"}],"wp:featuredmedia":[{"embeddable":true,"href":"https:\/\/www.europesays.com\/es\/wp-json\/wp\/v2\/media\/273418"}],"wp:attachment":[{"href":"https:\/\/www.europesays.com\/es\/wp-json\/wp\/v2\/media?parent=273417"}],"wp:term":[{"taxonomy":"category","embeddable":true,"href":"https:\/\/www.europesays.com\/es\/wp-json\/wp\/v2\/categories?post=273417"},{"taxonomy":"post_tag","embeddable":true,"href":"https:\/\/www.europesays.com\/es\/wp-json\/wp\/v2\/tags?post=273417"}],"curies":[{"name":"wp","href":"https:\/\/api.w.org\/{rel}","templated":true}]}}