{"id":273419,"date":"2025-12-06T00:35:31","date_gmt":"2025-12-06T00:35:31","guid":{"rendered":"https:\/\/www.europesays.com\/es\/273419\/"},"modified":"2025-12-06T00:35:31","modified_gmt":"2025-12-06T00:35:31","slug":"vidas-restauradas-el-documental-que-expone-encuentros-entre-victimas-de-accidentes-de-trafico-y-sus-infractores","status":"publish","type":"post","link":"https:\/\/www.europesays.com\/es\/273419\/","title":{"rendered":"\u201cVidas restauradas\u201d, el documental que expone encuentros entre v\u00edctimas de accidentes de tr\u00e1fico y sus infractores"},"content":{"rendered":"<p class=\"article-text\">\n        Hay dolores que nunca van a poder paliarse del todo. Enrique perdi\u00f3 a su hijo Iv\u00e1n en un accidente de tr\u00e1fico provocado por el conductor de otro coche. A pesar de las condenas impuestas a los responsables, el hombre asegura que la justicia convencional \u201cno est\u00e1 hecha para atender a las v\u00edctimas\u201d. Este viernes se ha estrenado el documental Vidas restauradas en los cines Texas de Barcelona, un proyecto que aborda los encuentros entre v\u00edctimas de siniestros de tr\u00e1fico y sus victimarios, lo que se conoce como justicia restaurativa.\n    <\/p>\n<p class=\"article-text\">\n        El filme evidencia que cada duelo es distinto. Hay personas que sienten la necesidad de hablar con quien provoc\u00f3 el accidente que les arrebat\u00f3 a un ser querido, mientras que otras no se ven preparadas para hacerlo. Enrique, por ejemplo, afirma que, a d\u00eda de hoy, podr\u00eda tomar un caf\u00e9 con la persona que mat\u00f3 a su hijo.\u00a0\n    <\/p>\n<p class=\"article-text\">\n        En cambio, Alba \u2013atropellada por un conductor que circulaba demasiado r\u00e1pido y mirando el m\u00f3vil\u2013 reconoce que a\u00fan no se siente capaz de reconciliarse con su agresor. Su accidente la dej\u00f3 en coma, y aunque logr\u00f3 recuperarse, tuvo que reaprender tareas b\u00e1sicas como dibujar o escribir. Otras secuelas persistentes hacen que la chica crea que nunca lo podr\u00e1 perdonar. De hecho, relata que la primera vez que volvi\u00f3 a cruzar el paso de cebra del accidente se puso a temblar.\n    <\/p>\n<p class=\"article-text\">\n        El filme, producido por la Asociaci\u00f3n de Prevenci\u00f3n de Accidentes de Tr\u00e1fico (P(A)T) junto con la C\u00e1tedra de \u00c9tica Aplicada de la Universidad Ramon Llull (URL) y enmarcado en las XXVIII Jornadas Mediterr\u00e1neas de Seguridad Vial, invita a cuestionar c\u00f3mo la sociedad, las instituciones y las personas entienden la justicia en el contexto de los siniestros de tr\u00e1fico. Pone el foco en que el sistema penal tradicional no est\u00e1 preparado para reparar el sufrimiento, sino \u201cenjuiciar hechos y culpas\u201d.\n    <\/p>\n<p class=\"article-text\">\n        A trav\u00e9s de v\u00edctimas reales, personas causantes de accidentes y expertos del \u00e1mbito judicial, pol\u00edtico y \u00e9tico, el documental muestra c\u00f3mo el hecho de \u201cescuchar y ser escuchado\u201d puede convertirse en un paso imprescindible para reparar el da\u00f1o, explican desde P(A)T. Aunque reconocen que la justicia ordinaria es \u201cnecesaria\u201d, opinan que es \u201cinsuficiente\u201d, ya que no ayuda a restaurar \u201cla confianza\u201d ni a \u201cdarle sentido\u201d a lo ocurrido.\u00a0\n    <\/p>\n<p class=\"article-text\">\n        La justicia restaurativa propone un modelo donde, mediante encuentros acompa\u00f1ados por profesionales del \u00e1mbito judicial, tanto las v\u00edctimas como los responsables del delito \u201cparticipan activamente en el proceso de reparaci\u00f3n\u201d. Para las v\u00edctimas, representa un \u201cespacio de escucha y reconocimiento\u201d; para los causantes, una \u201coportunidad\u201d de \u201casumir la responsabilidad de sus actos\u201d, ha explicado la magistrada y presidenta del Grupo Europeo de Magistrados por la Mediaci\u00f3n de Espa\u00f1a (GEMME), Carme Guil, durante la presentaci\u00f3n.\n    <\/p>\n<p class=\"article-text\">\n        Socialmente se asume, sin embargo, que los conflictos derivados de accidentes deben abordarse \u00fanicamente desde la justicia penal convencional. Desde la Asociaci\u00f3n recuerdan que, en general, ni las v\u00edctimas ni los causantes suelen ser informados de que la v\u00eda de la justicia restaurativa alternativa existe.\u00a0De hecho, en muchas ocasiones, los propios infractores desean pedir disculpas, pero no se atreven a hacerlo \u2013u otras personas les recomiendan no hacerlo\u2013 en el marco judicial tradicional.\n    <\/p>\n<p class=\"article-text\">\n        Eduardo, causante de un siniestro que acab\u00f3 con la vida de un hombre, relata que, tras el accidente, intent\u00f3 ponerse en contacto con los familiares de la v\u00edctima, pero su abogada se mostr\u00f3 contraria por miedo a que ello pudiera perjudicar su situaci\u00f3n judicial. \u201cNadie te ense\u00f1a a vivir con el hecho de que has matado a alguien\u201d, afirma. Reconoce que, en fechas especiales como la Navidad o un cumplea\u00f1os, donde son habituales las reuniones familiares, se siente peor de lo habitual al saber que la familia del hombre al que mat\u00f3 ya nunca podr\u00e1 celebrar esos momentos del mismo modo.\n    <\/p>\n<p class=\"article-text\">\n        La justicia restaurativa no va de pedir perd\u00f3n, sino de fomentar la \u201cescucha y la responsabilizaci\u00f3n\u201d, remarcan desde esta asociaci\u00f3n. Aseguran que un perd\u00f3n demasiado r\u00e1pido puede conducir a una \u201cdisociaci\u00f3n del propio dolor\u201d y que es esencial \u201crespetar los tiempos\u201d de cada persona. En este sentido, piensan que este modelo basado en el \u201centendimiento mutuo\u201d puede llegar a \u201ctransformar vidas\u201d.\u00a0\n    <\/p>\n<p class=\"article-text\">\n        El nacimiento de este tipo de justicia se remonta a siglos atr\u00e1s, mediante los c\u00edrculos de di\u00e1logo y la mediaci\u00f3n comunitaria de pueblos ind\u00edgenas de Am\u00e9rica Latina, comunidades maor\u00edes en Nueva Zelanda y sociedades africanas. Sin embargo, no se incorpora como modelo dentro del sistema penal moderno hasta 1974, cuando en Ontario (Canad\u00e1) se lleva a cabo uno de los primeros programas restaurativos. Desde entonces, su aplicaci\u00f3n se ha extendido a diversos pa\u00edses, sobre todo en el \u00e1mbito de la justicia juvenil, aunque tambi\u00e9n en procesos comunitarios.\n    <\/p>\n<p class=\"article-text\">\n        Otro de los ejes principales que aborda el documental es la falta de conciencia y la gravedad de infringir las normas de circulaci\u00f3n, algo recurrente en varios conductores. De hecho, desde la Asociaci\u00f3n han remarcado que muchas muertes por accidentes de tr\u00e1fico derivan de comportamientos \u201cimprudentes, irresponsables y temerarios\u201d y que, gran parte de ellas, \u201cpodr\u00edan haberse evitado\u201d.\u00a0\n    <\/p>\n<p>    <a href=\"https:\/\/www.eldiario.es\/cantabria\/ultimas-noticias\/mueren-tres-jovenes-salida-via-municipio-cantabro-cabezon-sal_1_12808367.html\" data-mrf-recirculation=\"saber-mas-abajo\" data-dl-event=\"saber-mas-abajo\" rel=\"nofollow noopener\" target=\"_blank\"><\/p>\n<p class=\"know-more__title\">Mueren tres j\u00f3venes en un accidente de tr\u00e1fico en Cabez\u00f3n de la Sal al salirse su coche de la carretera<\/p>\n<p>            <img decoding=\"async\" class=\"lazy\" loading=\"lazy\" data-src=\"https:\/\/static.eldiario.es\/clip\/c1e32b22-a92a-4a4a-8631-65a023ac6b5b_16-9-aspect-ratio_default_0.jpg\" src=\"data:image\/svg+xml,%3Csvg xmlns=\" http:=\"\" viewbox=\"0 0 880 495\" alt=\"Mueren tres j\u00f3venes en un accidente de tr\u00e1fico en Cabez\u00f3n de la Sal al salirse su coche de la carretera\"\/><\/p>\n<p>                        <\/a><\/p>\n<p class=\"article-text\">\n        Seg\u00fan datos del Ministerio del Interior, solo en 2025 han muerto 1.031 personas en accidentes de tr\u00e1fico. Francesc Torralba, director de la C\u00e1tedra de \u00c9tica Aplicada de la URL ha insistido en \u201cno banalizar el tema\u201d y en ser conscientes de que los accidentes de tr\u00e1fico nos pueden \u201cocurrir a todos\u201d, aunque a veces lo sigamos percibiendo como \u201calgo ajeno\u201d.\n    <\/p>\n","protected":false},"excerpt":{"rendered":"Hay dolores que nunca van a poder paliarse del todo. Enrique perdi\u00f3 a su hijo Iv\u00e1n en un&hellip;\n","protected":false},"author":2,"featured_media":273420,"comment_status":"","ping_status":"","sticky":false,"template":"","format":"standard","meta":{"footnotes":""},"categories":[169],"tags":[517,210,1980,177,95,146,147,25,24,176,1982,175,10,1981,952,23],"class_list":{"0":"post-273419","1":"post","2":"type-post","3":"status-publish","4":"format-standard","5":"has-post-thumbnail","7":"category-cine","8":"tag-actualidad","9":"tag-barcelona","10":"tag-cataluna","11":"tag-cine","12":"tag-economia","13":"tag-entertainment","14":"tag-entretenimiento","15":"tag-es","16":"tag-espana","17":"tag-film","18":"tag-ignacio-escolar","19":"tag-movies","20":"tag-noticias","21":"tag-periodismo-independiente","22":"tag-politica","23":"tag-spain"},"share_on_mastodon":{"url":"https:\/\/pubeurope.com\/@es\/115669822864797809","error":""},"_links":{"self":[{"href":"https:\/\/www.europesays.com\/es\/wp-json\/wp\/v2\/posts\/273419","targetHints":{"allow":["GET"]}}],"collection":[{"href":"https:\/\/www.europesays.com\/es\/wp-json\/wp\/v2\/posts"}],"about":[{"href":"https:\/\/www.europesays.com\/es\/wp-json\/wp\/v2\/types\/post"}],"author":[{"embeddable":true,"href":"https:\/\/www.europesays.com\/es\/wp-json\/wp\/v2\/users\/2"}],"replies":[{"embeddable":true,"href":"https:\/\/www.europesays.com\/es\/wp-json\/wp\/v2\/comments?post=273419"}],"version-history":[{"count":0,"href":"https:\/\/www.europesays.com\/es\/wp-json\/wp\/v2\/posts\/273419\/revisions"}],"wp:featuredmedia":[{"embeddable":true,"href":"https:\/\/www.europesays.com\/es\/wp-json\/wp\/v2\/media\/273420"}],"wp:attachment":[{"href":"https:\/\/www.europesays.com\/es\/wp-json\/wp\/v2\/media?parent=273419"}],"wp:term":[{"taxonomy":"category","embeddable":true,"href":"https:\/\/www.europesays.com\/es\/wp-json\/wp\/v2\/categories?post=273419"},{"taxonomy":"post_tag","embeddable":true,"href":"https:\/\/www.europesays.com\/es\/wp-json\/wp\/v2\/tags?post=273419"}],"curies":[{"name":"wp","href":"https:\/\/api.w.org\/{rel}","templated":true}]}}