{"id":273421,"date":"2025-12-06T00:36:21","date_gmt":"2025-12-06T00:36:21","guid":{"rendered":"https:\/\/www.europesays.com\/es\/273421\/"},"modified":"2025-12-06T00:36:21","modified_gmt":"2025-12-06T00:36:21","slug":"asi-quedan-los-grupos-del-mundial-2026-cruces-y-emparejamientos","status":"publish","type":"post","link":"https:\/\/www.europesays.com\/es\/273421\/","title":{"rendered":"As\u00ed quedan los grupos del Mundial 2026: cruces y emparejamientos"},"content":{"rendered":"<p style=\"\">Ya est\u00e1 dado el pistoletazo de salida al Mundial, la gran cita deportiva del a\u00f1o 2026. Por su trascendencia, seguimiento y, especialmente en esta edici\u00f3n, la 23\u00aa, por su magnitud. Ser\u00e1 la <strong>primera Copa del Mundo con 48 selecciones<\/strong> (104 partidos) y la primera  &#8230; organizada de forma conjunta por tres pa\u00edses (Canad\u00e1, M\u00e9xico y Estados Unidos).<\/p>\n<p class=\"voc-p\" style=\"\">Un sorteo que en esta ocasi\u00f3n ha acaparado m\u00e1s focos que nunca por el n\u00famero de pa\u00edses involucrado en \u00e9l. <strong>42 ya tienen su presencia asegurada en la fase final y otros 22 a\u00fan ans\u00edan con lograr uno de los \u00faltimos seis billetes<\/strong> en alguna de las repescas que tienen lugar a finales del pr\u00f3ximo mes de marzo.<\/p>\n<p class=\"voc-p\" style=\"\">Adem\u00e1s de definir los doce grupos y de empezar a trazarse los cruces posibles de cada una de las selecciones, el sorteo, como suele ser habitual, se convirti\u00f3 en un show, con presentadores conocidos, grandes personalidades del mundo del deporte como invitados de lujo o <strong>actuaciones musicales<\/strong> a cargo de artistas de la talla de <strong>Andrea Bocelli, Robbie Williams, Nicole Scherzinger y Village People<\/strong>.<\/p>\n<p>\nLos grupos del Mundial 2026\n<\/p>\n<p class=\"voc-p\" style=\"\">FIFA ya hab\u00eda dado a conocer de antemano que <strong>M\u00e9xico, Canad\u00e1 y Estados Unidos quedaban asignados en el grupo A, B y D, respectivamente<\/strong>. Esto se debe a que son los tres pa\u00edses anfitriones del Mundial, se encontraban en el bombo 1, pero, principalmente, atendiendo a razones de log\u00edstica y organizaci\u00f3n. De este modo, las tres selecciones ten\u00edan garantizada su participaci\u00f3n delante de su p\u00fablico, al menos, en la fase de grupos.<\/p>\n<p class=\"voc-p\" style=\"\">A partir de ah\u00ed, todo quedaba abierto a un sorteo con un principal condicionante: <strong>ning\u00fan grupo pod\u00eda tener m\u00e1s de un equipo de la misma confederaci\u00f3n, con la \u00fanica excepci\u00f3n de UEFA<\/strong> por contar con 16 cupos. De este modo, cuatro grupos han quedado compuestos por dos selecciones europeas, mientras que en los ocho restantes tan solo ha habido una.<\/p>\n<p><img decoding=\"async\" id=\"g-fase-grupos-mundial2026-size-S-img\" class=\"g-fase-grupos-mundial2026-size-S-img g-aiImg\" alt=\"\" src=\"https:\/\/www.europesays.com\/es\/wp-content\/uploads\/2025\/12\/fase-grupos-mundial2026-size-S.png\"\/><\/p>\n<p class=\"g-pstyle0\">As\u00ed quedan los grupos<\/p>\n<p class=\"g-pstyle0\">del Mundial 2026<\/p>\n<p class=\"g-pstyle1\">El torneo se celebrar\u00e1 en M\u00e9xico, <\/p>\n<p class=\"g-pstyle1\">Estados Unidos y Canad\u00e1 <\/p>\n<p class=\"g-pstyle1\">del 11 de junio al 19 de julio de 2026.<\/p>\n<p class=\"g-pstyle1\">Se clasifican los dos primeros de<\/p>\n<p class=\"g-pstyle1\"> cada grupo y los cuatro mejores terceros<\/p>\n<p class=\"g-pstyle1\"> A: Italia, Irlanda del Norte, Gales o Bosnia <\/p>\n<p class=\"g-pstyle1\">y Herzegovina. B: Ucrania, Suecia, Polonia <\/p>\n<p class=\"g-pstyle1\">o Albania. C: Dinamarca, Macedonia del Norte, <\/p>\n<p class=\"g-pstyle1\">Rep\u00fablica Checa o Irlanda.<\/p>\n<p class=\"g-pstyle1\">D: Turqu\u00eda, Ruman\u00eda, Eslovaquia o Kosovo <\/p>\n<p class=\"g-pstyle5\">Repesca internacional (FIFA): <\/p>\n<p class=\"g-pstyle1\">A: R.D. del Congo, Nueva Caledonia o <\/p>\n<p class=\"g-pstyle1\">Jamaica. B: Irak, Bolivia o Surinam<\/p>\n<p><img decoding=\"async\" id=\"g-fase-grupos-mundial2026-size-M-img\" class=\"g-fase-grupos-mundial2026-size-M-img g-aiImg\" alt=\"\" src=\"https:\/\/www.europesays.com\/es\/wp-content\/uploads\/2025\/12\/fase-grupos-mundial2026-size-M.png\"\/><\/p>\n<p class=\"g-pstyle0\">As\u00ed quedan los grupos del Mundial 2026<\/p>\n<p class=\"g-pstyle1\">El torneo se celebrar\u00e1 en M\u00e9xico, Estados Unidos y Canad\u00e1 <\/p>\n<p class=\"g-pstyle1\">del 11 de junio al 19 de julio de 2026.<\/p>\n<p class=\"g-pstyle1\">Se clasifican los dos primeros de cada grupo y los cuatro mejores terceros<\/p>\n<p class=\"g-pstyle1\"> A: Italia, Irlanda del Norte, Gales o Bosnia y Herzegovina. <\/p>\n<p class=\"g-pstyle1\">B: Ucrania, Suecia, Polonia o Albania. <\/p>\n<p class=\"g-pstyle1\">C: Turqu\u00eda, Ruman\u00eda, Eslovaquia o Kosovo <\/p>\n<p class=\"g-pstyle1\">D: Dinamarca, Macedonia del Norte, Rep\u00fablica Checa o Irlanda.<\/p>\n<p class=\"g-pstyle5\">Repesca internacional (FIFA): <\/p>\n<p class=\"g-pstyle1\">A: R.D. del Congo, Nueva Caledonia o Jamaica. B: Irak, Bolivia o Surinam<\/p>\n<p>\nCruces y emparejamientos del Mundial 2026\n<\/p>\n<p class=\"voc-p\" style=\"\">A ra\u00edz del sorteo ya comienzan las conjeturas. Cu\u00e1ntos puntos ser\u00e1n suficientes para superar la fase de grupos, qui\u00e9nes podr\u00edan ser las <strong>ocho mejores terceras<\/strong> que progresen a los <strong>dieciseisavos de final<\/strong>&#8230; O, tambi\u00e9n, los cruces.<\/p>\n<p class=\"voc-p\" style=\"\">El cuadro est\u00e1 dise\u00f1ado antes del sorteo, por lo que quedar emparejado en uno u otro grupo var\u00eda el hipot\u00e9tico cruce de dieciseisavos. Lo de hipot\u00e9tico aqu\u00ed cobra m\u00e1s fuerza que nunca, dado que las combinaciones para los dieciseisavos son m\u00faltiples (hasta 495) en funci\u00f3n del grupo al que pertenecen los ocho mejores terceros.<\/p>\n<p class=\"voc-p\" style=\"\">La <strong>final<\/strong> est\u00e1 programada para el <strong>19 de julio de 2026<\/strong> en el MetLife Stadium, en Nueva Jersey, un recinto con capacidad para m\u00e1s de 80.000 espectadores. <\/p>\n","protected":false},"excerpt":{"rendered":"Ya est\u00e1 dado el pistoletazo de salida al Mundial, la gran cita deportiva del a\u00f1o 2026. Por su&hellip;\n","protected":false},"author":2,"featured_media":273422,"comment_status":"","ping_status":"","sticky":false,"template":"","format":"standard","meta":{"footnotes":""},"categories":[93],"tags":[3076,20829,168,47432,25,24,282,24334,1070,12287,23,167],"class_list":{"0":"post-273421","1":"post","2":"type-post","3":"status-publish","4":"format-standard","5":"has-post-thumbnail","7":"category-deportes","8":"tag-3076","9":"tag-cruces","10":"tag-deportes","11":"tag-emparejamientos","12":"tag-es","13":"tag-espana","14":"tag-futbol","15":"tag-grupos","16":"tag-mundial","17":"tag-quedan","18":"tag-spain","19":"tag-sports"},"share_on_mastodon":{"url":"https:\/\/pubeurope.com\/@es\/115669826935336741","error":""},"_links":{"self":[{"href":"https:\/\/www.europesays.com\/es\/wp-json\/wp\/v2\/posts\/273421","targetHints":{"allow":["GET"]}}],"collection":[{"href":"https:\/\/www.europesays.com\/es\/wp-json\/wp\/v2\/posts"}],"about":[{"href":"https:\/\/www.europesays.com\/es\/wp-json\/wp\/v2\/types\/post"}],"author":[{"embeddable":true,"href":"https:\/\/www.europesays.com\/es\/wp-json\/wp\/v2\/users\/2"}],"replies":[{"embeddable":true,"href":"https:\/\/www.europesays.com\/es\/wp-json\/wp\/v2\/comments?post=273421"}],"version-history":[{"count":0,"href":"https:\/\/www.europesays.com\/es\/wp-json\/wp\/v2\/posts\/273421\/revisions"}],"wp:featuredmedia":[{"embeddable":true,"href":"https:\/\/www.europesays.com\/es\/wp-json\/wp\/v2\/media\/273422"}],"wp:attachment":[{"href":"https:\/\/www.europesays.com\/es\/wp-json\/wp\/v2\/media?parent=273421"}],"wp:term":[{"taxonomy":"category","embeddable":true,"href":"https:\/\/www.europesays.com\/es\/wp-json\/wp\/v2\/categories?post=273421"},{"taxonomy":"post_tag","embeddable":true,"href":"https:\/\/www.europesays.com\/es\/wp-json\/wp\/v2\/tags?post=273421"}],"curies":[{"name":"wp","href":"https:\/\/api.w.org\/{rel}","templated":true}]}}