{"id":273426,"date":"2025-12-06T00:41:11","date_gmt":"2025-12-06T00:41:11","guid":{"rendered":"https:\/\/www.europesays.com\/es\/273426\/"},"modified":"2025-12-06T00:41:11","modified_gmt":"2025-12-06T00:41:11","slug":"trump-dice-que-europa-se-enfrenta-a-la-desaparicion-de-su-civilizacion","status":"publish","type":"post","link":"https:\/\/www.europesays.com\/es\/273426\/","title":{"rendered":"Trump dice que Europa se enfrenta a la \u00abdesaparici\u00f3n de su civilizaci\u00f3n\u00bb"},"content":{"rendered":"<p><img fetchpriority=\"high\" decoding=\"async\" src=\"https:\/\/www.europesays.com\/es\/wp-content\/uploads\/2025\/12\/00845380-d1c5-11f0-8c06-f5d460985095.jpg.webp.webp\"   alt=\"US President Donald Trump, wearing a suit and pictured in front of a US flag, looks to his right.\" loading=\"eager\" width=\"3360\" height=\"1890\" style=\"aspect-ratio:3360 \/ 1890\" class=\"css-1seqhu9\"\/><\/p>\n<p class=\"css-by8ykd\" role=\"text\">Fuente de la imagen, Reuters<\/p>\n<p><strong id=\"article-byline\" aria-hidden=\"true\" class=\"css-2ozlq5\">Informaci\u00f3n del art\u00edculo<\/strong><\/p>\n<ul class=\"css-1dlgp3z\">\n<li class=\"css-1s1df59\">\n<ul role=\"list\" class=\"css-z50d25\">\n<li class=\"css-0\">Autor, Brandon Livesay<\/li>\n<li class=\"css-k1irjw\">T\u00edtulo del autor,  BBC News<\/li>\n<\/ul>\n<\/li>\n<li>\n<p>5 horas<\/p>\n<\/li>\n<li\/><\/ul>\n<p dir=\"ltr\" class=\"css-s4cjt0 e1yuyadm0\"><b>El gobierno del presidente Donald Trump ha advertido que Europa se enfrenta a una \u00abdesaparici\u00f3n civilizatoria\u00bb y ha cuestionado si ciertos pa\u00edses pueden seguir siendo aliados fiables, en un nuevo documento estrat\u00e9gico que presta especial atenci\u00f3n al continente.<\/b><\/p>\n<p dir=\"ltr\" class=\"css-s4cjt0 e1yuyadm0\">En la Estrategia de Seguridad Nacional, de 33 p\u00e1ginas, el l\u00edder estadounidense esboza su visi\u00f3n del mundo y explica c\u00f3mo utilizar\u00e1 el poder militar y econ\u00f3mico de Estados Unidos para trabajar en pos de ella.<\/p>\n<p dir=\"ltr\" class=\"css-s4cjt0 e1yuyadm0\">Trump describi\u00f3 el documento como una \u00abhoja de ruta\u00bb para garantizar que EE.UU. siga siendo \u00abla naci\u00f3n m\u00e1s grande y exitosa de la historia de la humanidad\u00bb.<\/p>\n<p dir=\"ltr\" class=\"css-s4cjt0 e1yuyadm0\">Los pol\u00edticos europeos han comenzado a reaccionar, y el ministro de Asuntos Exteriores de Alemania, Johann Wadephul, ha afirmado que su pa\u00eds no necesita \u00abconsejos externos\u00bb.<\/p>\n<p dir=\"ltr\" class=\"css-s4cjt0 e1yuyadm0\">Los presidentes suelen publicar una Estrategia de Seguridad Nacional formal una vez por mandato. Esta puede servir de marco para futuras pol\u00edticas y presupuestos, adem\u00e1s de indicar al mundo cu\u00e1les son las prioridades del presidente.<\/p>\n<p dir=\"ltr\" class=\"css-s4cjt0 e1yuyadm0\">El nuevo documento sigue una ret\u00f3rica similar a la del discurso de Trump ante Naciones Unidas a principios de este a\u00f1o, en el que critic\u00f3 duramente a Europa Occidental y su enfoque en materia de migraci\u00f3n y energ\u00eda limpia.<\/p>\n<p dir=\"ltr\" class=\"css-s4cjt0 e1yuyadm0\">El nuevo informe refuerza el punto de vista de Trump, pidiendo la restauraci\u00f3n de la \u00abidentidad occidental\u00bb, la lucha contra la influencia extranjera, el fin de la migraci\u00f3n masiva y un mayor enfoque en las prioridades de EE.UU., como la lucha contra los carteles de la droga.<\/p>\n<p dir=\"ltr\" class=\"css-s4cjt0 e1yuyadm0\">Centr\u00e1ndose en Europa, afirma que, si las tendencias actuales continuaran, el continente ser\u00eda \u00abirreconocible en 20 a\u00f1os o menos\u00bb y sus problemas econ\u00f3micos se ver\u00edan \u00abeclipsados por la perspectiva real y m\u00e1s cruda de la desaparici\u00f3n de la civilizaci\u00f3n\u00bb.<\/p>\n<p dir=\"ltr\" class=\"css-s4cjt0 e1yuyadm0\">\u00abNo es nada obvio que algunos pa\u00edses europeos vayan a tener econom\u00edas y ej\u00e9rcitos lo suficientemente fuertes como para seguir siendo aliados fiables\u00bb, afirma el documento.<\/p>\n<p dir=\"ltr\" class=\"css-s4cjt0 e1yuyadm0\">Tambi\u00e9n acusa a la Uni\u00f3n Europea y a \u00abotros organismos transnacionales\u00bb de llevar a cabo actividades que \u00absocavan la libertad pol\u00edtica y la soberan\u00eda\u00bb, afirma que las pol\u00edticas migratorias est\u00e1n \u00abcreando tensiones\u00bb y se\u00f1ala que otros problemas incluyen \u00abla censura de la libertad de expresi\u00f3n y la represi\u00f3n de la oposici\u00f3n pol\u00edtica, la ca\u00edda de las tasas de natalidad y la p\u00e9rdida de las identidades nacionales y la confianza en s\u00ed mismos\u00bb.<\/p>\n<p dir=\"ltr\" class=\"css-s4cjt0 e1yuyadm0\">Por el contrario, el documento elogia la creciente influencia de los \u00abpartidos patri\u00f3ticos europeos\u00bb y afirma que \u00abEstados Unidos anima a sus aliados pol\u00edticos en Europa a promover este renacimiento del esp\u00edritu\u00bb.<\/p>\n<p dir=\"ltr\" class=\"css-s4cjt0 e1yuyadm0\">El gobierno de Trump ha fomentado los v\u00ednculos con el partido de ultraderecha AfD en Alemania, que ha sido clasificado como de extrema derecha por los servicios de inteligencia alemanes.<\/p>\n<p dir=\"ltr\" class=\"css-s4cjt0 e1yuyadm0\">El ministro de Asuntos Exteriores alem\u00e1n, Wadephul, subray\u00f3 que \u00abEstados Unidos es y seguir\u00e1 siendo el aliado m\u00e1s importante en la alianza [de la OTAN]. Sin embargo, esta alianza se centra en abordar cuestiones de pol\u00edtica de seguridad\u00bb.<\/p>\n<p dir=\"ltr\" class=\"css-s4cjt0 e1yuyadm0\">\u00abCreo que las cuestiones relacionadas con la libertad de expresi\u00f3n o la organizaci\u00f3n de nuestras sociedades libres no tienen cabida [en la estrategia], al menos en lo que respecta a Alemania\u00bb, a\u00f1adi\u00f3.<\/p>\n<p><img decoding=\"async\" src=\"https:\/\/www.europesays.com\/es\/wp-content\/uploads\/2025\/12\/43ed9170-d1f9-11f0-a892-01d657345866.jpg.webp.webp\"   alt=\"El USS Gerald R. Ford en la bah\u00eda de Palma. \" loading=\"lazy\" width=\"1024\" height=\"579\" style=\"aspect-ratio:1024 \/ 579\" class=\"css-1seqhu9\"\/><\/p>\n<p class=\"css-by8ykd\" role=\"text\">Fuente de la imagen, JAIME REINA\/AFP via Getty Images<\/p>\n<p>Pie de foto, El documento dice que EE.UU. debe reajustar su presencia global para \u00abhacer frente a amenazas urgentes en nuestro hemisferio\u00bb, algo que ya est\u00e1 llevando a cabo con el despliegue del portaaviones USS Gerald R. Ford al Caribe, por ejemplo.<\/p>\n<p dir=\"ltr\" class=\"css-s4cjt0 e1yuyadm0\">En referencia a la invasi\u00f3n a gran escala de Ucrania por parte de Rusia, el documento afirma que Europa carece de \u00abconfianza en s\u00ed misma\u00bb en su relaci\u00f3n con Rusia.<\/p>\n<p dir=\"ltr\" class=\"css-s4cjt0 e1yuyadm0\">Gestionar las relaciones europeas con Rusia requerir\u00e1 una importante implicaci\u00f3n de Estados Unidos, seg\u00fan el documento, que a\u00f1ade que el fin de las hostilidades en Ucrania es un inter\u00e9s fundamental para Estados Unidos.<\/p>\n<p dir=\"ltr\" class=\"css-s4cjt0 e1yuyadm0\">La administraci\u00f3n Trump ha propuesto un plan para poner fin a la guerra, cuya versi\u00f3n original ped\u00eda a Ucrania que cediera parte de su territorio a Rusia para que esta lo controlara de facto. Sin embargo, el enviado de Trump present\u00f3 una versi\u00f3n modificada en Mosc\u00fa. El presidente ruso, Vlad\u00edmir Putin, ha advertido de que las tropas ucranianas deben retirarse de la regi\u00f3n oriental de Donb\u00e1s o Rusia la tomar\u00e1 por la fuerza.<\/p>\n<p dir=\"ltr\" class=\"css-s4cjt0 e1yuyadm0\">El documento estrat\u00e9gico de la Casa Blanca hace referencia repetidamente al hemisferio occidental y a la necesidad de que Estados Unidos se proteja de las amenazas externas.<\/p>\n<p dir=\"ltr\" class=\"css-s4cjt0 e1yuyadm0\">El documento afirma que debe haber un reajuste de \u00abnuestra presencia militar global para hacer frente a las amenazas urgentes en nuestro hemisferio\u00bb. Para ello, la estrategia exige retirar activos de los escenarios que ya no son tan importantes para la seguridad nacional estadounidense.<\/p>\n<p dir=\"ltr\" class=\"css-s4cjt0 e1yuyadm0\">Esta reordenaci\u00f3n de las prioridades del poder militar ya se puede observar en el Caribe, donde el ej\u00e9rcito estadounidense tiene una presencia cada vez mayor y ha llevado a cabo repetidos ataques mortales contra embarcaciones que, seg\u00fan el Gobierno, transportan drogas. El buque de guerra m\u00e1s grande del mundo, el USS Gerald Ford, tiene actualmente su base en el Caribe junto con su grupo de ataque.<\/p>\n<p dir=\"ltr\" class=\"css-s4cjt0 e1yuyadm0\">Fuera del hemisferio occidental, la administraci\u00f3n Trump destaca el mar de China Meridional como una v\u00eda mar\u00edtima clave que tiene importantes implicaciones para la econom\u00eda estadounidense, y el documento afirma que Estados Unidos \u00abendurecer\u00e1 y reforzar\u00e1 su presencia militar en el Pac\u00edfico occidental\u00bb.<\/p>\n<p dir=\"ltr\" class=\"css-s4cjt0 e1yuyadm0\">Estados Unidos tambi\u00e9n pide un aumento del gasto en defensa por parte de Jap\u00f3n, Corea del Sur, Australia y Taiw\u00e1n.<\/p>\n<p dir=\"ltr\" class=\"css-s4cjt0 e1yuyadm0\">Afirma que \u00abdisuadir un conflicto sobre Taiw\u00e1n, idealmente preservando la superioridad militar, es una prioridad\u00bb. China considera que Taiw\u00e1n, que se autogobierna, forma parte de su territorio y no ha descartado el uso de la fuerza para \u00abreunificarse\u00bb con \u00e9l.<\/p>\n<p dir=\"ltr\" class=\"css-s4cjt0 e1yuyadm0\">La estrategia tambi\u00e9n habla de promover una base industrial m\u00e1s fuerte en Estados Unidos y una menor dependencia de las tecnolog\u00edas extranjeras, lo que coincide con algunas de las medidas que ha tomado la Administraci\u00f3n Trump con sus aranceles globales generalizados.<\/p>\n<p><img decoding=\"async\" src=\"https:\/\/www.europesays.com\/es\/wp-content\/uploads\/2025\/12\/7ace5bb0-c70a-11f0-9fb5-5f3a3703a365.png.webp.webp\"   alt=\"&quot;&quot;\" loading=\"lazy\" width=\"800\" height=\"100\" style=\"aspect-ratio:800 \/ 100\" class=\"css-1seqhu9\"\/><\/p>\n<p dir=\"ltr\" class=\"css-s4cjt0 e1yuyadm0\"><a href=\"https:\/\/www.bbc.com\/mundo\/send\/u184973209\" class=\"focusIndicatorReducedWidth css-n8oauk e1h2ur550\" rel=\"nofollow noopener\" target=\"_blank\">Suscr\u00edbete aqu\u00ed<\/a> a nuestro nuevo newsletter para recibir cada viernes una selecci\u00f3n de nuestro mejor contenido de la semana.<\/p>\n<p dir=\"ltr\" class=\"css-s4cjt0 e1yuyadm0\">Y recuerda que puedes recibir notificaciones en nuestra app. Descarga la \u00faltima versi\u00f3n y act\u00edvalas.<\/p>\n","protected":false},"excerpt":{"rendered":"Fuente de la imagen, Reuters Informaci\u00f3n del art\u00edculo Autor, Brandon Livesay T\u00edtulo del autor, BBC News 5 horas&hellip;\n","protected":false},"author":2,"featured_media":273427,"comment_status":"","ping_status":"","sticky":false,"template":"","format":"standard","meta":{"footnotes":""},"categories":[42],"tags":[17,18,13,14,11,61,62,63,64,19,20,9,10,15,16,12,21,22,65,66,67],"class_list":{"0":"post-273426","1":"post","2":"type-post","3":"status-publish","4":"format-standard","5":"has-post-thumbnail","7":"category-internacional","8":"tag-breaking-news","9":"tag-breakingnews","10":"tag-featured-news","11":"tag-featurednews","12":"tag-headlines","13":"tag-internacional","14":"tag-international","15":"tag-international-news","16":"tag-internationalnews","17":"tag-latest-news","18":"tag-latestnews","19":"tag-news","20":"tag-noticias","21":"tag-noticias-destacadas","22":"tag-noticiasdestacadas","23":"tag-titulares","24":"tag-ultimas-noticias","25":"tag-ultimasnoticias","26":"tag-world","27":"tag-world-news","28":"tag-worldnews"},"share_on_mastodon":{"url":"https:\/\/pubeurope.com\/@es\/115669846674234963","error":""},"_links":{"self":[{"href":"https:\/\/www.europesays.com\/es\/wp-json\/wp\/v2\/posts\/273426","targetHints":{"allow":["GET"]}}],"collection":[{"href":"https:\/\/www.europesays.com\/es\/wp-json\/wp\/v2\/posts"}],"about":[{"href":"https:\/\/www.europesays.com\/es\/wp-json\/wp\/v2\/types\/post"}],"author":[{"embeddable":true,"href":"https:\/\/www.europesays.com\/es\/wp-json\/wp\/v2\/users\/2"}],"replies":[{"embeddable":true,"href":"https:\/\/www.europesays.com\/es\/wp-json\/wp\/v2\/comments?post=273426"}],"version-history":[{"count":0,"href":"https:\/\/www.europesays.com\/es\/wp-json\/wp\/v2\/posts\/273426\/revisions"}],"wp:featuredmedia":[{"embeddable":true,"href":"https:\/\/www.europesays.com\/es\/wp-json\/wp\/v2\/media\/273427"}],"wp:attachment":[{"href":"https:\/\/www.europesays.com\/es\/wp-json\/wp\/v2\/media?parent=273426"}],"wp:term":[{"taxonomy":"category","embeddable":true,"href":"https:\/\/www.europesays.com\/es\/wp-json\/wp\/v2\/categories?post=273426"},{"taxonomy":"post_tag","embeddable":true,"href":"https:\/\/www.europesays.com\/es\/wp-json\/wp\/v2\/tags?post=273426"}],"curies":[{"name":"wp","href":"https:\/\/api.w.org\/{rel}","templated":true}]}}