{"id":273436,"date":"2025-12-06T00:52:13","date_gmt":"2025-12-06T00:52:13","guid":{"rendered":"https:\/\/www.europesays.com\/es\/273436\/"},"modified":"2025-12-06T00:52:13","modified_gmt":"2025-12-06T00:52:13","slug":"uno-por-uno-del-real-oviedo-ante-el-rcd-mallorca-en-laliga","status":"publish","type":"post","link":"https:\/\/www.europesays.com\/es\/273436\/","title":{"rendered":"Uno por uno del Real Oviedo ante el RCD Mallorca en LALIGA"},"content":{"rendered":"\n<p>M\u00e1s noticias<\/p>\n<p><a class=\"info_masnoticias\" href=\"https:\/\/www.eldesmarque.com\/futbol\/real-oviedo\/\" rel=\"nofollow noopener\" target=\"_blank\"><br \/>\nM\u00e1s de<br \/>\nM\u00e1s noticias de<br \/>\nReal Oviedo<br \/>\n<\/a><\/p>\n<p data-start=\"0\" data-end=\"496\" data-is-last-node=\"\" data-is-only-node=\"\">El <strong>Real Oviedo y el Mallorca<\/strong> firmaron un <a href=\"https:\/\/www.eldesmarque.com\/futbol\/20251205\/oviedo-mallorca-horario-donde-ver-hoy-partido-tv-online_300825484.html\" rel=\"nofollow noopener\" target=\"_blank\">partido lleno de ocasiones<\/a>, pero sin el acierto necesario para romper el empate. <strong>Aar\u00f3n Escandell<\/strong> sostuvo a los asturianos con paradas decisivas, mientras que el conjunto de Carri\u00f3n respondi\u00f3 con momentos de dominio, llegadas claras y el impulso de un Tartiere volcado.<\/p>\n<p>Los titulares del Real Oviedo en el Carlos Tartiere<\/p>\n<p data-start=\"91\" data-end=\"273\"><strong>Aar\u00f3n Escandell (9):<\/strong> Salv\u00f3 al Oviedo con varias paradas de much\u00edsimo nivel, incluida una mano espectacular a Virgili. Fue el mejor del equipo y sostuvo al equipo cuando m\u00e1s sufr\u00eda.<\/p>\n<p data-start=\"275\" data-end=\"473\"><strong>Nacho Vidal (7)<\/strong>: Muy incisivo por banda derecha, gener\u00f3 varias llegadas peligrosas y asisti\u00f3 en la primera ocasi\u00f3n del partido. En defensa estuvo correcto pese a algunos momentos de presi\u00f3n rival.<\/p>\n<p data-start=\"475\" data-end=\"615\"><strong>David Costas (6)<\/strong>: Seguridad en el juego a\u00e9reo y sin errores graves. Cumpli\u00f3, aunque sufri\u00f3 en algunas carreras cuando el Mallorca aceler\u00f3.<\/p>\n<p data-start=\"617\" data-end=\"742\"><strong>David Carmo (6)<\/strong>: Partido sobrio, buen posicionamiento y trabajo defensivo correcto. Sin grandes alardes, pero fiable atr\u00e1s.<\/p>\n<p data-start=\"744\" data-end=\"891\"><strong>Rahim Alhassane (6)<\/strong>: Aport\u00f3 equilibrio por su banda y no concedi\u00f3 demasiados espacios. Le cost\u00f3 algo cerrar centros laterales, pero no desenton\u00f3.<\/p>\n<p data-start=\"893\" data-end=\"1064\"><strong>Santiago Colombatto (7)<\/strong>: Muy participativo y con llegada: gener\u00f3 dos ocasiones claras y estuvo cerca del gol. Importante en la presi\u00f3n y en el ritmo ofensivo del equipo.<\/p>\n<p data-start=\"1066\" data-end=\"1204\"><strong>Leander Dendoncker (6)<\/strong>: Trabajo silencioso en la recuperaci\u00f3n y en la distribuci\u00f3n. Le falt\u00f3 algo de continuidad, pero cumpli\u00f3 su papel.<\/p>\n<p data-start=\"1206\" data-end=\"1366\"><strong>Santi Cazorla (4,5)<\/strong>: Lider\u00f3 el f\u00fatbol ofensivo del Oviedo y gener\u00f3 peligro desde la frontal y a bal\u00f3n parado. Roz\u00f3 el gol en un disparo desviado por la defensa. Su actuaci\u00f3n, al igual que la de Fede Vi\u00f1as, se vi\u00f3 empa\u00f1ada por su expulsi\u00f3n tras una grave entrada a Muriqi.<\/p>\n<p data-start=\"1368\" data-end=\"1523\"><strong>Fede Vi\u00f1as (4)<\/strong>: Movilidad y buena intenci\u00f3n entre l\u00edneas, aunque sin terminar de encontrar \u00faltimo pase. Aport\u00f3 desborde puntual pero sin excesivo brillo. Al igual que Cazorla, su actuaci\u00f3n se vi\u00f3 empa\u00f1ada por su expulsi\u00f3n tras una grave entrada a Asano.<\/p>\n<p data-start=\"1525\" data-end=\"1672\"><strong>Ilyas Chaira (7)<\/strong>: Muy activo, con internadas y centros constantes que generaron peligro. Uno de los m\u00e1s desequilibrantes antes de ser sustituido.<\/p>\n<p data-start=\"1674\" data-end=\"1837\"><strong>Salom\u00f3n Rond\u00f3n (6)<\/strong>: Tuvo la primera gran ocasi\u00f3n del partido con un cabezazo que oblig\u00f3 a lucirse a Bergstr\u00f6m. Buen trabajo f\u00edsico, aunque sin premio en el \u00e1rea.<\/p>\n<p><img decoding=\"async\" src=\"https:\/\/www.europesays.com\/es\/wp-content\/uploads\/2025\/12\/fotojet_3jpg.jpg\" width=\"660\" height=\"370.79\" alt=\"Santi Cazorla, en el Real Oviedo - Mallorca. (EFE)\"\/><br \/>\nSanti Cazorla, en el Real Oviedo &#8211; Mallorca. (EFE)<\/p>\n<p>Los suplentes de Luis Carri\u00f3n<\/p>\n<p data-start=\"2453\" data-end=\"2480\"><strong data-start=\"2456\" data-end=\"2478\">Haissem Hassan (7): <\/strong>Entr\u00f3 muy activo y casi marca en su primera intervenci\u00f3n con un disparo que roz\u00f3 el larguero. Aport\u00f3 frescura y verticalidad inmediatas.<\/p>\n","protected":false},"excerpt":{"rendered":"M\u00e1s noticias M\u00e1s de M\u00e1s noticias de Real Oviedo El Real Oviedo y el Mallorca firmaron un partido&hellip;\n","protected":false},"author":2,"featured_media":273437,"comment_status":"","ping_status":"","sticky":false,"template":"","format":"standard","meta":{"footnotes":""},"categories":[268],"tags":[168,25,24,280,282,281,23,167],"class_list":{"0":"post-273436","1":"post","2":"type-post","3":"status-publish","4":"format-standard","5":"has-post-thumbnail","7":"category-futbol","8":"tag-deportes","9":"tag-es","10":"tag-espana","11":"tag-football","12":"tag-futbol","13":"tag-soccer","14":"tag-spain","15":"tag-sports"},"share_on_mastodon":{"url":"https:\/\/pubeurope.com\/@es\/115669890450097913","error":""},"_links":{"self":[{"href":"https:\/\/www.europesays.com\/es\/wp-json\/wp\/v2\/posts\/273436","targetHints":{"allow":["GET"]}}],"collection":[{"href":"https:\/\/www.europesays.com\/es\/wp-json\/wp\/v2\/posts"}],"about":[{"href":"https:\/\/www.europesays.com\/es\/wp-json\/wp\/v2\/types\/post"}],"author":[{"embeddable":true,"href":"https:\/\/www.europesays.com\/es\/wp-json\/wp\/v2\/users\/2"}],"replies":[{"embeddable":true,"href":"https:\/\/www.europesays.com\/es\/wp-json\/wp\/v2\/comments?post=273436"}],"version-history":[{"count":0,"href":"https:\/\/www.europesays.com\/es\/wp-json\/wp\/v2\/posts\/273436\/revisions"}],"wp:featuredmedia":[{"embeddable":true,"href":"https:\/\/www.europesays.com\/es\/wp-json\/wp\/v2\/media\/273437"}],"wp:attachment":[{"href":"https:\/\/www.europesays.com\/es\/wp-json\/wp\/v2\/media?parent=273436"}],"wp:term":[{"taxonomy":"category","embeddable":true,"href":"https:\/\/www.europesays.com\/es\/wp-json\/wp\/v2\/categories?post=273436"},{"taxonomy":"post_tag","embeddable":true,"href":"https:\/\/www.europesays.com\/es\/wp-json\/wp\/v2\/tags?post=273436"}],"curies":[{"name":"wp","href":"https:\/\/api.w.org\/{rel}","templated":true}]}}