{"id":273444,"date":"2025-12-06T00:58:09","date_gmt":"2025-12-06T00:58:09","guid":{"rendered":"https:\/\/www.europesays.com\/es\/273444\/"},"modified":"2025-12-06T00:58:09","modified_gmt":"2025-12-06T00:58:09","slug":"sirat-mejor-pelicula-del-ano-para-la-revista-new-yorker-un-thriller-abrumador","status":"publish","type":"post","link":"https:\/\/www.europesays.com\/es\/273444\/","title":{"rendered":"&#8216;Sirat&#8217;, mejor pel\u00edcula del a\u00f1o para la revista &#8216;New Yorker&#8217;: \u00abUn thriller abrumador\u00bb"},"content":{"rendered":"<p>La revista estadounidense The New Yorker ha elegido la pel\u00edcula espa\u00f1ola Sirat, de \u00d3liver Laxe, como <strong>mejor filme de 2025, por delante de Una batalla tras otra<\/strong>, el \u00faltimo trabajo de Paul Thomas Anderson protagonizado por Leonardo DiCaprio. El listado, firmado por el cr\u00edtico Justin Chang dentro del especial 2025 in Review, sit\u00faa a la producci\u00f3n hispano-francesa en el primer puesto de un r\u00e1nking de 25 t\u00edtulos que combina cine de autor, thrillers pol\u00edticos y grandes producciones de estudio.<\/p>\n<p>Chang define Sirat como \u201cun thriller de supervivencia visual y sonoramente abrumador\u201d que sigue la b\u00fasqueda de un padre por su hija desaparecida en un paisaje des\u00e9rtico, donde se cruza con personajes marginales y episodios de violencia extrema. El cr\u00edtico subraya que la pel\u00edcula evita el cinismo f\u00e1cil y que sus momentos m\u00e1s duros nacen de <strong>una reflexi\u00f3n sobre c\u00f3mo la compasi\u00f3n y la solidaridad se abren camino en un entorno hostil<\/strong>. En su texto, destaca tambi\u00e9n el trabajo del actor Sergi L\u00f3pez como eje emocional de una historia atravesada por la devastaci\u00f3n y por gestos inesperados de ayuda.<\/p>\n<p>Desde su estreno en 2025, Sirat ha acumulado <strong>una s\u00f3lida trayectoria internacional<\/strong>: ha recibido <a href=\"https:\/\/www.elindependiente.com\/tendencias\/2025\/05\/24\/laxe-sirat-cannes-premio\/\" target=\"_blank\" rel=\"noreferrer noopener nofollow\">el premio del jurado en el Festival de Cannes<\/a>, el Gold Hugo a mejor pel\u00edcula en el Chicago International Film Festival y el Cannes Soundtrack Award por la partitura del compositor Kangding Ray. Adem\u00e1s, ha sido nominada a los European Film Awards 2026 en categor\u00edas como mejor pel\u00edcula, direcci\u00f3n, guion y actor, y es <a href=\"https:\/\/www.elindependiente.com\/tendencias\/cine\/2025\/09\/17\/sirat-representara-a-espana-en-los-oscar-2026\/\" target=\"_blank\" rel=\"noreferrer noopener nofollow\">la candidata oficial de Espa\u00f1a<\/a> al Oscar a mejor pel\u00edcula internacional, una carrera en la que el espaldarazo de The New Yorker refuerza su visibilidad en el circuito norteamericano.<\/p>\n<p>Mano a mano con Paul Thomas Anderson<\/p>\n<p>En segundo lugar, Chang sit\u00faa <a href=\"https:\/\/www.elindependiente.com\/tendencias\/cine\/2025\/10\/11\/la-pelicula-mas-irresponsable-del-ano-la-derecha-estadounidense-clama-contra-la-favorita-para-los-oscar-de-este-ano\/\" target=\"_blank\" rel=\"noreferrer noopener nofollow\">Una batalla tras otra<\/a>, que describe como un thriller pol\u00edtico y de persecuciones ambientado en un escenario de pesadilla policial y estatal. La pel\u00edcula, centrada en un movimiento revolucionario clandestino, combina, seg\u00fan el cr\u00edtico, humor negro y un sentido muy f\u00edsico de la solidaridad entre los personajes. <strong>DiCaprio interpreta a un padre atrapado en esa maquinaria represiva<\/strong> y firma, a juicio del art\u00edculo, uno de sus trabajos m\u00e1s libres y c\u00f3micos desde El lobo de Wall Street. El filme ya ha ganado el premio a mejor pel\u00edcula en los Gotham Awards de Nueva York y ha sido elegido mejor t\u00edtulo del a\u00f1o por el New York Film Critics Circle, lo que consolida su posici\u00f3n en la temporada de premios.<\/p>\n<p>El r\u00e1nking de New Yorker se completa con t\u00edtulos como A la deriva y Resurrection, dos apuestas formales del nuevo cine chino, <strong>o The Secret Agent, del brasile\u00f1o Kleber Mendon\u00e7a Filho<\/strong>, que retrata la vida bajo la dictadura militar en los a\u00f1os setenta. El cr\u00edtico insiste en que buena parte de las mejores pel\u00edculas del a\u00f1o comparten una preocupaci\u00f3n por la solidaridad, la resistencia frente a los autoritarismos y las huellas de la violencia pol\u00edtica en la vida cotidiana.<\/p>\n<p>En paralelo, el tambi\u00e9n cr\u00edtico de la publicaci\u00f3n Anthony Lane pone el foco en el documental pol\u00edtico. Entre sus preferidos figuran My Undesirable Friends: Part I \u2013 Last Air in Moscow, centrado en un grupo de periodistas rusos independientes perseguidos por el Estado, y Agente secreto, retrato de la vida bajo dictaduras modernas. Seg\u00fan Lane, estas obras sobresalen por su \u201curgencia narrativa\u201d y su capacidad para reflejar conflictos contempor\u00e1neos \u201csin perder fuerza art\u00edstica\u201d.<\/p>\n<p>El respaldo de The New Yorker refuerza la posici\u00f3n de Sirat en la recta final de la temporada de premios y confirma el peso del cine espa\u00f1ol en el mapa internacional de 2025, tanto por la ambici\u00f3n est\u00e9tica de sus propuestas como por la manera en que se asoman a los conflictos pol\u00edticos y sociales del presente.<\/p>\n<p>PUBLICIDAD<\/p>\n","protected":false},"excerpt":{"rendered":"La revista estadounidense The New Yorker ha elegido la pel\u00edcula espa\u00f1ola Sirat, de \u00d3liver Laxe, como mejor filme&hellip;\n","protected":false},"author":2,"featured_media":273445,"comment_status":"","ping_status":"","sticky":false,"template":"","format":"standard","meta":{"footnotes":""},"categories":[169],"tags":[177,146,147,25,24,176,175,19218,23],"class_list":{"0":"post-273444","1":"post","2":"type-post","3":"status-publish","4":"format-standard","5":"has-post-thumbnail","7":"category-cine","8":"tag-cine","9":"tag-entertainment","10":"tag-entretenimiento","11":"tag-es","12":"tag-espana","13":"tag-film","14":"tag-movies","15":"tag-redaccion","16":"tag-spain"},"share_on_mastodon":{"url":"https:\/\/pubeurope.com\/@es\/115669913101479665","error":""},"_links":{"self":[{"href":"https:\/\/www.europesays.com\/es\/wp-json\/wp\/v2\/posts\/273444","targetHints":{"allow":["GET"]}}],"collection":[{"href":"https:\/\/www.europesays.com\/es\/wp-json\/wp\/v2\/posts"}],"about":[{"href":"https:\/\/www.europesays.com\/es\/wp-json\/wp\/v2\/types\/post"}],"author":[{"embeddable":true,"href":"https:\/\/www.europesays.com\/es\/wp-json\/wp\/v2\/users\/2"}],"replies":[{"embeddable":true,"href":"https:\/\/www.europesays.com\/es\/wp-json\/wp\/v2\/comments?post=273444"}],"version-history":[{"count":0,"href":"https:\/\/www.europesays.com\/es\/wp-json\/wp\/v2\/posts\/273444\/revisions"}],"wp:featuredmedia":[{"embeddable":true,"href":"https:\/\/www.europesays.com\/es\/wp-json\/wp\/v2\/media\/273445"}],"wp:attachment":[{"href":"https:\/\/www.europesays.com\/es\/wp-json\/wp\/v2\/media?parent=273444"}],"wp:term":[{"taxonomy":"category","embeddable":true,"href":"https:\/\/www.europesays.com\/es\/wp-json\/wp\/v2\/categories?post=273444"},{"taxonomy":"post_tag","embeddable":true,"href":"https:\/\/www.europesays.com\/es\/wp-json\/wp\/v2\/tags?post=273444"}],"curies":[{"name":"wp","href":"https:\/\/api.w.org\/{rel}","templated":true}]}}