{"id":273454,"date":"2025-12-06T01:05:10","date_gmt":"2025-12-06T01:05:10","guid":{"rendered":"https:\/\/www.europesays.com\/es\/273454\/"},"modified":"2025-12-06T01:05:10","modified_gmt":"2025-12-06T01:05:10","slug":"el-acusado-del-crimen-ira-a-juicio","status":"publish","type":"post","link":"https:\/\/www.europesays.com\/es\/273454\/","title":{"rendered":"el acusado del crimen ir\u00e1 a juicio"},"content":{"rendered":"<p>La jueza que instruye la causa por la <strong>muerte de Esther L\u00f3pez en Traspinedo<\/strong>, Valladolid, ha dictado este viernes la apertura de juicio oral contra el \u00fanico acusado del crimen, \u00d3scar S.M., se\u00f1alado en el auto como presunto \u00abresponsable directo de los hechos\u00bb que ocurrieron en enero de 2022.<\/p>\n<p>La jueza del Juzgado de Instrucci\u00f3n n\u00famero 5 de Valladolid ha determinado que existen indicios suficientes para que el imputado, que est\u00e1 en libertad provisional, se siente en el banquillo por una bater\u00eda de delitos, entre ellos los de <strong>asesinato, detenci\u00f3n ilegal y omisi\u00f3n de socorro<\/strong>, por lo que ahora solo restar\u00eda conocer la fecha de inicio del juicio, ya que no cabe recurso alguno.<\/p>\n<p>La acusaci\u00f3n particular y la Fiscal\u00eda sit\u00faan los hechos en la noche del <strong>12 de enero de 2022<\/strong>, cuando Esther L\u00f3pez \u2014de 35 a\u00f1os\u2014, \u00d3scar y otros amigos visitaron varios bares hasta llegar al Castillo de Traspinedo. Despu\u00e9s, Esther y \u00d3scar se quedaron solos en el coche de \u00e9l. Seg\u00fan la Fiscal\u00eda, Esther no quiso ir a casa de sus padres por haber consumido alcohol y drogas y \u00d3scar le ofreci\u00f3 dormir en su casa familiar. <\/p>\n<p>All\u00ed surgi\u00f3 una discusi\u00f3n y ella se march\u00f3 andando. \u00d3scar la sigui\u00f3 en su veh\u00edculo y, seg\u00fan la acusaci\u00f3n,<strong> la atropell\u00f3 por detr\u00e1s de forma intencionada cerca de su domicilio en la urbanizaci\u00f3n El Romeral,<\/strong> caus\u00e1ndole m\u00faltiples lesiones que, aunque graves, no eran mortales por s\u00ed mismas.<\/p>\n<p>Estar\u00eda viva si hubiese sido asistida<\/p>\n<p>Esther L\u00f3pez estaba viva tras el atropello y <strong>si hubiera sido atendida habr\u00eda sobrevivido<\/strong>, mantiene la fiscal jefa, quien acusa a \u00d3scar de que, lejos de asistirla o llamar a los servicios de urgencia, dej\u00f3 que agonizara hasta morir. La causa fundamental de la muerte fue politraumatismo, asociado a hipotermia y consumo de t\u00f3xicos (alcohol y coca\u00edna), siendo la causa de la muerte shock multifactorial.<\/p>\n<p>Seg\u00fan estas acusaciones, cuando comprob\u00f3 su fallecimiento, \u00d3scar S. M. ocult\u00f3 el cuerpo y sus pertenencias en el maletero de su veh\u00edculo y en cuanto le fue posible lo deposit\u00f3 en una cuneta, en la carretera VP-2303, PK 0,7\/0,8, sentido Traspinedo, a la altura de una se\u00f1al de tr\u00e1fico de \u00abpermitido adelantar\u00bb.<\/p>\n<p>La defensa considera que no hay pruebas suficientes que acrediten la culpabilidad del acusado y solicitan la absoluci\u00f3n, mientras que la Fiscal\u00eda ya ha avanzado que reclamar\u00e1 contra \u00e9l 18 a\u00f1os de c\u00e1rcel. <\/p>\n<p>Por su parte,  la acusaci\u00f3n particular, que representa a los padres de Esther L\u00f3pez, pide 25 a\u00f1os por asesinato y, otros, 15 por homicidio doloso.<\/p>\n","protected":false},"excerpt":{"rendered":"La jueza que instruye la causa por la muerte de Esther L\u00f3pez en Traspinedo, Valladolid, ha dictado este&hellip;\n","protected":false},"author":2,"featured_media":273455,"comment_status":"","ping_status":"","sticky":false,"template":"","format":"standard","meta":{"footnotes":""},"categories":[8],"tags":[17,18,25,24,13,14,11,19,20,9,10,15,16,23,12,21,22],"class_list":{"0":"post-273454","1":"post","2":"type-post","3":"status-publish","4":"format-standard","5":"has-post-thumbnail","7":"category-espana","8":"tag-breaking-news","9":"tag-breakingnews","10":"tag-es","11":"tag-espana","12":"tag-featured-news","13":"tag-featurednews","14":"tag-headlines","15":"tag-latest-news","16":"tag-latestnews","17":"tag-news","18":"tag-noticias","19":"tag-noticias-destacadas","20":"tag-noticiasdestacadas","21":"tag-spain","22":"tag-titulares","23":"tag-ultimas-noticias","24":"tag-ultimasnoticias"},"share_on_mastodon":{"url":"https:\/\/pubeurope.com\/@es\/115669940639504529","error":""},"_links":{"self":[{"href":"https:\/\/www.europesays.com\/es\/wp-json\/wp\/v2\/posts\/273454","targetHints":{"allow":["GET"]}}],"collection":[{"href":"https:\/\/www.europesays.com\/es\/wp-json\/wp\/v2\/posts"}],"about":[{"href":"https:\/\/www.europesays.com\/es\/wp-json\/wp\/v2\/types\/post"}],"author":[{"embeddable":true,"href":"https:\/\/www.europesays.com\/es\/wp-json\/wp\/v2\/users\/2"}],"replies":[{"embeddable":true,"href":"https:\/\/www.europesays.com\/es\/wp-json\/wp\/v2\/comments?post=273454"}],"version-history":[{"count":0,"href":"https:\/\/www.europesays.com\/es\/wp-json\/wp\/v2\/posts\/273454\/revisions"}],"wp:featuredmedia":[{"embeddable":true,"href":"https:\/\/www.europesays.com\/es\/wp-json\/wp\/v2\/media\/273455"}],"wp:attachment":[{"href":"https:\/\/www.europesays.com\/es\/wp-json\/wp\/v2\/media?parent=273454"}],"wp:term":[{"taxonomy":"category","embeddable":true,"href":"https:\/\/www.europesays.com\/es\/wp-json\/wp\/v2\/categories?post=273454"},{"taxonomy":"post_tag","embeddable":true,"href":"https:\/\/www.europesays.com\/es\/wp-json\/wp\/v2\/tags?post=273454"}],"curies":[{"name":"wp","href":"https:\/\/api.w.org\/{rel}","templated":true}]}}