{"id":273456,"date":"2025-12-06T01:06:17","date_gmt":"2025-12-06T01:06:17","guid":{"rendered":"https:\/\/www.europesays.com\/es\/273456\/"},"modified":"2025-12-06T01:06:17","modified_gmt":"2025-12-06T01:06:17","slug":"muere-a-los-96-anos-el-legendario-arquitecto-frank-gehry","status":"publish","type":"post","link":"https:\/\/www.europesays.com\/es\/273456\/","title":{"rendered":"Muere a los 96 a\u00f1os el legendario arquitecto Frank Gehry"},"content":{"rendered":"<p><img fetchpriority=\"high\" decoding=\"async\" src=\"https:\/\/www.europesays.com\/es\/wp-content\/uploads\/2025\/12\/0cd320d0-d238-11f0-a915-2dc837921b92.jpg.webp.webp\"   alt=\"El arquitecto canadiense-estadounidense Frank Gehry posa frente al Museo Guggenheim de Bilbao durante la celebraci\u00f3n de su 25\u00ba aniversario en la ciudad vasca de Bilbao el 17 de octubre de 2022. (Foto de ANDER GILLENEA \/ AFP) (Foto de ANDER GILLENEA\/AFP v\u00eda Getty Images)\" loading=\"eager\" width=\"1024\" height=\"576\" style=\"aspect-ratio:1024 \/ 576\" class=\"css-1seqhu9\"\/><\/p>\n<p class=\"css-by8ykd\" role=\"text\">Fuente de la imagen, AFP v\u00eda Getty Images<\/p>\n<p>Pie de foto, Frank Gehry fue uno de los arquitectos m\u00e1s influyentes del siglo.<strong id=\"article-byline\" aria-hidden=\"true\" class=\"css-2ozlq5\">Informaci\u00f3n del art\u00edculo<\/strong><\/p>\n<ul class=\"css-1dlgp3z\">\n<li class=\"css-1s1df59\">\n<ul role=\"list\" class=\"css-z50d25\">\n<li class=\"css-0\">Autor, Sakshi Venkatraman<\/li>\n<li class=\"css-k1irjw\">T\u00edtulo del autor,  BBC News<\/li>\n<\/ul>\n<\/li>\n<li>\n<p>3 horas<\/p>\n<\/li>\n<li\/><\/ul>\n<p dir=\"ltr\" class=\"css-s4cjt0 e1yuyadm0\"><b>Frank Gehry, considerado uno de los arquitectos m\u00e1s influyentes del siglo, falleci\u00f3 a los 96 a\u00f1os.<\/b><\/p>\n<p dir=\"ltr\" class=\"css-s4cjt0 e1yuyadm0\">Gehry fue conocido por su estilo arquitect\u00f3nico vanguardista y experimental. Su dise\u00f1o del Museo Guggenheim Bilbao, recubierto de titanio, lo catapult\u00f3 a la fama en 1997.<\/p>\n<p dir=\"ltr\" class=\"css-s4cjt0 e1yuyadm0\">Afianz\u00f3 su audaz reputaci\u00f3n a\u00f1os antes, al redise\u00f1ar su propia casa en Santa M\u00f3nica, California, utilizando materiales como mallas met\u00e1licas, madera contrachapada y acero corrugado.<\/p>\n<p dir=\"ltr\" class=\"css-s4cjt0 e1yuyadm0\">\u00abA Gehry le sobreviven dos hijas de su primer matrimonio, Leslie y Brina; su esposa, Berta Isabel Aguilera, y sus dos hijos, Alejandro y Samuel\u00bb, le dijo este viernes a la BBC su jefa de gabinete, Meaghan Lloyd.<\/p>\n<p><img decoding=\"async\" src=\"https:\/\/www.europesays.com\/es\/wp-content\/uploads\/2025\/12\/d722d3b0-d217-11f0-9ff5-d97ce7f38231.jpg.webp.webp\"   alt=\"Una vista del Museo Guggenheim Bilbao\" loading=\"lazy\" width=\"1024\" height=\"576\" style=\"aspect-ratio:1024 \/ 576\" class=\"css-1seqhu9\"\/><\/p>\n<p class=\"css-by8ykd\" role=\"text\">Fuente de la imagen, Getty Images<\/p>\n<p>Pie de foto, El Museo Guggenheim de Bilbao, una de las obras m\u00e1s famosas de Gehry.<\/p>\n<p dir=\"ltr\" class=\"css-s4cjt0 e1yuyadm0\">Nacido en Toronto, Canad\u00e1, en 1929, Gehry se mud\u00f3 a Los \u00c1ngeles en su adolescencia para estudiar arquitectura en la Universidad del Sur de California.<\/p>\n<p dir=\"ltr\" class=\"css-s4cjt0 e1yuyadm0\">Tras fundar su propio estudio, rompi\u00f3 con los principios arquitect\u00f3nicos tradicionales de simetr\u00eda, utilizando formas geom\u00e9tricas poco convencionales y materiales inacabados en un estilo que hoy se conoce como deconstructivismo.<\/p>\n<p dir=\"ltr\" class=\"css-s4cjt0 e1yuyadm0\">\u00abMe rebelaba contra todo\u00bb, declar\u00f3 Gehry en una entrevista con The New York Times en 2012.<\/p>\n<p dir=\"ltr\" class=\"css-s4cjt0 e1yuyadm0\">Su trabajo en Bilbao lo convirti\u00f3 en un arquitecto muy solicitado, y posteriormente dise\u00f1\u00f3 estructuras ic\u00f3nicas en ciudades de todo el mundo: el Pabell\u00f3n Jay Pritzker en el Parque del Milenio de Chicago o el Walt Disney Concert Hall en Los \u00c1ngeles, ambos en EE.UU., la Torre Gehry en Hannover, Alemania, y la Fundaci\u00f3n Louis Vuitton en Par\u00eds.<\/p>\n<p dir=\"ltr\" class=\"css-s4cjt0 e1yuyadm0\">En 2014 abri\u00f3 las puertas el Biomuseo de Panam\u00e1, su primera incursi\u00f3n en Am\u00e9rica Latina.<\/p>\n<p dir=\"ltr\" class=\"css-s4cjt0 e1yuyadm0\">Con un estilo en gran medida impredecible, cada obra suya es \u00fanica. <\/p>\n<p dir=\"ltr\" class=\"css-s4cjt0 e1yuyadm0\">La Casa Danzante de Praga, terminada en 1996, parece un edificio de cristal que se pliega sobre s\u00ed mismo; su hotel para las Bodegas Marqu\u00e9s de Riscal en Espa\u00f1a, construido en 2006, presenta finas l\u00e1minas de metal ondulado y multicolor; su dise\u00f1o para una escuela de negocios en S\u00eddney parece una bolsa de papel marr\u00f3n. <\/p>\n<p dir=\"ltr\" class=\"css-s4cjt0 e1yuyadm0\">Gehry gan\u00f3 el codiciado Premio Pritzker de Arquitectura por su trayectoria en 1989, cuando ten\u00eda 60 a\u00f1os.<\/p>\n<p><img decoding=\"async\" src=\"https:\/\/www.europesays.com\/es\/wp-content\/uploads\/2025\/12\/f58af540-d21b-11f0-9fb5-5f3a3703a365.png.webp.webp\"   alt=\"&quot;&quot;\" loading=\"lazy\" width=\"800\" height=\"100\" style=\"aspect-ratio:800 \/ 100\" class=\"css-1seqhu9\"\/><\/p>\n<p dir=\"ltr\" class=\"css-s4cjt0 e1yuyadm0\"><a href=\"https:\/\/www.bbc.com\/mundo\/send\/u184973209\" class=\"focusIndicatorReducedWidth css-n8oauk e1h2ur550\" rel=\"nofollow noopener\" target=\"_blank\">Suscr\u00edbete aqu\u00ed<\/a> a nuestro nuevo newsletter para recibir cada viernes una selecci\u00f3n de nuestro mejor contenido de la semana.<\/p>\n<p dir=\"ltr\" class=\"css-s4cjt0 e1yuyadm0\">Y recuerda que puedes recibir notificaciones en nuestra app. Descarga la \u00faltima versi\u00f3n y act\u00edvalas.<\/p>\n","protected":false},"excerpt":{"rendered":"Fuente de la imagen, AFP v\u00eda Getty Images Pie de foto, Frank Gehry fue uno de los arquitectos&hellip;\n","protected":false},"author":2,"featured_media":273457,"comment_status":"","ping_status":"","sticky":false,"template":"","format":"standard","meta":{"footnotes":""},"categories":[5],"tags":[17,18,25,24,13,14,11,19,20,9,10,15,16,23,12,21,22],"class_list":{"0":"post-273456","1":"post","2":"type-post","3":"status-publish","4":"format-standard","5":"has-post-thumbnail","7":"category-titulares","8":"tag-breaking-news","9":"tag-breakingnews","10":"tag-es","11":"tag-espana","12":"tag-featured-news","13":"tag-featurednews","14":"tag-headlines","15":"tag-latest-news","16":"tag-latestnews","17":"tag-news","18":"tag-noticias","19":"tag-noticias-destacadas","20":"tag-noticiasdestacadas","21":"tag-spain","22":"tag-titulares","23":"tag-ultimas-noticias","24":"tag-ultimasnoticias"},"share_on_mastodon":{"url":"https:\/\/pubeurope.com\/@es\/115669944792398604","error":""},"_links":{"self":[{"href":"https:\/\/www.europesays.com\/es\/wp-json\/wp\/v2\/posts\/273456","targetHints":{"allow":["GET"]}}],"collection":[{"href":"https:\/\/www.europesays.com\/es\/wp-json\/wp\/v2\/posts"}],"about":[{"href":"https:\/\/www.europesays.com\/es\/wp-json\/wp\/v2\/types\/post"}],"author":[{"embeddable":true,"href":"https:\/\/www.europesays.com\/es\/wp-json\/wp\/v2\/users\/2"}],"replies":[{"embeddable":true,"href":"https:\/\/www.europesays.com\/es\/wp-json\/wp\/v2\/comments?post=273456"}],"version-history":[{"count":0,"href":"https:\/\/www.europesays.com\/es\/wp-json\/wp\/v2\/posts\/273456\/revisions"}],"wp:featuredmedia":[{"embeddable":true,"href":"https:\/\/www.europesays.com\/es\/wp-json\/wp\/v2\/media\/273457"}],"wp:attachment":[{"href":"https:\/\/www.europesays.com\/es\/wp-json\/wp\/v2\/media?parent=273456"}],"wp:term":[{"taxonomy":"category","embeddable":true,"href":"https:\/\/www.europesays.com\/es\/wp-json\/wp\/v2\/categories?post=273456"},{"taxonomy":"post_tag","embeddable":true,"href":"https:\/\/www.europesays.com\/es\/wp-json\/wp\/v2\/tags?post=273456"}],"curies":[{"name":"wp","href":"https:\/\/api.w.org\/{rel}","templated":true}]}}