{"id":273460,"date":"2025-12-06T01:14:10","date_gmt":"2025-12-06T01:14:10","guid":{"rendered":"https:\/\/www.europesays.com\/es\/273460\/"},"modified":"2025-12-06T01:14:10","modified_gmt":"2025-12-06T01:14:10","slug":"exhibicion-del-casademont-zaragoza-u22-en-badalona-69-82","status":"publish","type":"post","link":"https:\/\/www.europesays.com\/es\/273460\/","title":{"rendered":"Exhibici\u00f3n del Casademont Zaragoza U22 en Badalona (69-82)"},"content":{"rendered":"<p>            Exhibici\u00f3n del Casademont Zaragoza U22 en Badalona (69-82)                <\/p>\n<p>Exhibici\u00f3n del Casademont Zaragoza U22 en Badalona (69-82)<\/p>\n<p class=\"epigraph\">Gran victoria del conjunto de Jorge Serna, pese a las bajas de Langarita y Lukic<\/p>\n<p class=\"paragraph\"><b>Venci\u00f3 con mucha claridad el Casademont Zaragoza en su visita a la pista del Joventut de Badalona (69-82)<\/b>. El gran partido colectivo, con nota destacad\u00edsima para \u00c1lex Moreno, Faye y Traor\u00e9, propici\u00f3 este claro triunfo. Las bajas de Langarita y Lukic (y el flojo partido de Savkov) no mermaron la capacidad competitiva del joven conjunto aragon\u00e9s, que presenta un extraordinario balance de 6 victorias y 3 derrotas en las 9 jornadas disputadas.<\/p>\n<p>            Conforme a los criterios de<br \/>\n            <a class=\"trustproject_img\" id=\"trustproject_img\" href=\"https:\/\/thetrustproject.org\/\" target=\"_blank\" rel=\"nofollow noopener\" aria-label=\"Trust Project\"><img decoding=\"async\" loading=\"lazy\" src=\"https:\/\/www.heraldo.es\/images\/Trust-Logo-Horizontal.svg\" alt=\"Logo Trust Project\" width=\"200\" height=\"34\"\/><\/a><\/p>\n<p>        <a href=\"https:\/\/www.henneo.com\/\" title=\"Grupo Henneo\" class=\"logo\" rel=\"nofollow noopener\" target=\"_blank\"><br \/>\n            <img decoding=\"async\" src=\"https:\/\/www.heraldo.es\/images\/logo_henneo_gris.svg\" alt=\"Logo Henneo\" width=\"559\" height=\"389\" loading=\"lazy\"\/><br \/>\n        <\/a><\/p>\n<p>\u00a9 HERALDO DE ARAGON EDITORA, S.L.U.<br \/>Tel\u00e9fono 976 765 000 \/ &#8211; P\u00ba. Independencia, 29, 50001 Zaragoza &#8211; CIF: B99288763 &#8211; Inscrita en el Registro Mercantil de Zaragoza al Tomo 3796, Libro 0, Folio 177, Secci\u00f3n 8, Hoja Z-50564<br \/>Queda prohibida toda reproducci\u00f3n sin permiso escrito de la empresa a los efectos del art\u00edculo 32.1, p\u00e1rrafo segundo, de la Ley de Propiedad Intelectual<\/p>\n<p>\n                P\u00ba Independencia, 29, 50001 Zaragoza<br \/> Tel\u00e9fono 976 765 000\n            <\/p>\n<p>                    Actualmente tu navegador no permite ejecutar JavaScript. Para poder disfrutar de nuestro contenido es necesario que lo permita.<br \/>\n                                        <img decoding=\"async\" loading=\"lazy\" alt=\"Heraldo logo\" src=\"https:\/\/dkumiip2e9ary.cloudfront.net\/xalok\/heraldo\/especiales\/hola-de-nuevo\/logo-heraldo.svg\" width=\"215\" height=\"43\"\/><\/p>\n","protected":false},"excerpt":{"rendered":"Exhibici\u00f3n del Casademont Zaragoza U22 en Badalona (69-82) Exhibici\u00f3n del Casademont Zaragoza U22 en Badalona (69-82) Gran victoria&hellip;\n","protected":false},"author":2,"featured_media":273461,"comment_status":"","ping_status":"","sticky":false,"template":"","format":"standard","meta":{"footnotes":""},"categories":[269],"tags":[15725,299,298,2511,168,25,24,608,23,167,17369,491],"class_list":{"0":"post-273460","1":"post","2":"type-post","3":"status-publish","4":"format-standard","5":"has-post-thumbnail","7":"category-baloncesto","8":"tag-badalona","9":"tag-baloncesto","10":"tag-basketball","11":"tag-casademont","12":"tag-deportes","13":"tag-es","14":"tag-espana","15":"tag-exhibicion","16":"tag-spain","17":"tag-sports","18":"tag-u22","19":"tag-zaragoza"},"share_on_mastodon":{"url":"https:\/\/pubeurope.com\/@es\/115669976344833485","error":""},"_links":{"self":[{"href":"https:\/\/www.europesays.com\/es\/wp-json\/wp\/v2\/posts\/273460","targetHints":{"allow":["GET"]}}],"collection":[{"href":"https:\/\/www.europesays.com\/es\/wp-json\/wp\/v2\/posts"}],"about":[{"href":"https:\/\/www.europesays.com\/es\/wp-json\/wp\/v2\/types\/post"}],"author":[{"embeddable":true,"href":"https:\/\/www.europesays.com\/es\/wp-json\/wp\/v2\/users\/2"}],"replies":[{"embeddable":true,"href":"https:\/\/www.europesays.com\/es\/wp-json\/wp\/v2\/comments?post=273460"}],"version-history":[{"count":0,"href":"https:\/\/www.europesays.com\/es\/wp-json\/wp\/v2\/posts\/273460\/revisions"}],"wp:featuredmedia":[{"embeddable":true,"href":"https:\/\/www.europesays.com\/es\/wp-json\/wp\/v2\/media\/273461"}],"wp:attachment":[{"href":"https:\/\/www.europesays.com\/es\/wp-json\/wp\/v2\/media?parent=273460"}],"wp:term":[{"taxonomy":"category","embeddable":true,"href":"https:\/\/www.europesays.com\/es\/wp-json\/wp\/v2\/categories?post=273460"},{"taxonomy":"post_tag","embeddable":true,"href":"https:\/\/www.europesays.com\/es\/wp-json\/wp\/v2\/tags?post=273460"}],"curies":[{"name":"wp","href":"https:\/\/api.w.org\/{rel}","templated":true}]}}