{"id":273462,"date":"2025-12-06T01:15:11","date_gmt":"2025-12-06T01:15:11","guid":{"rendered":"https:\/\/www.europesays.com\/es\/273462\/"},"modified":"2025-12-06T01:15:11","modified_gmt":"2025-12-06T01:15:11","slug":"real-oviedo-0-0-mallorca-la-falta-de-gol-condena-una-vez-mas-al-oviedo","status":"publish","type":"post","link":"https:\/\/www.europesays.com\/es\/273462\/","title":{"rendered":"Real Oviedo 0-0 Mallorca: La falta de gol condena una vez m\u00e1s al Oviedo"},"content":{"rendered":"<p>De todos los colores fueron las oportunidades de gol que tuvo el <a href=\"http:\/\/www.elcomercio.es\/real-oviedo\/\" target=\"_blank\" title=\"Real Oviedo\" data-voc-vtm-id=\"in-text-traffic\" data-mrf-link=\"www.elcomercio.es\" rel=\"nofollow noopener\">Real Oviedo<\/a> ante el Mallorca, pero la falta de acierto volvi\u00f3 a  &#8230; condenar a los ovetenses, que vieron como se escapaban dos puntos. Con el control del encuentro y salvo una parada de Aar\u00f3n el equipo fue muy superior al rival, pero le falt\u00f3 punter\u00eda y algo de agresividad en los metros finales. El partido acab\u00f3 con dos rojas directas para Cazorla y Fede Vi\u00f1as, tras sendas entradas revisadas por el VAR, lo que deja secuelas importantes para la pr\u00f3xima jornada.<\/p>\n<p class=\"v-p\">El once del Real Oviedo fue el mismo de la pasada jornada, con la entrada de Chaira, tras cumplir sanci\u00f3n, por Hassan. Eso provoc\u00f3 que Fede Vi\u00f1as pasara a la banda derecha del centro del campo nuevamente.<\/p>\n<p class=\"v-scr__t\">Real Oviedo<\/p>\n<p class=\"v-scr__p v-scr__p--3\">Aar\u00f3n; Nacho Vidal, David Costas, David Carmo Carmo, Rahim (Hassan, min.66); Dendoncker (Ovie Ejaria, min.82), Colombatto (Reina, min.90+1); Vi\u00f1as, Cazorla, Chaira; Rond\u00f3n (\u00c1lex For\u00e9s, min.82).<\/p>\n<p class=\"v-scr__n-c v-scr__n-c--1 \">\n 0\n<\/p>\n<p class=\"v-scr__n-c v-scr__n-c--2\">\n&#8211;\n<\/p>\n<p class=\"v-scr__n-c v-scr__n-c--3 \">\n 0\n<\/p>\n<p class=\"v-scr__t\">Mallorca<\/p>\n<p class=\"v-scr__p v-scr__p--3\">Bergstr\u00f6m; Maffeo, Valjent, Ra\u00edllo, Mojica; Mascarell, Sam\u00fa Costa (Pablo Torre, min.90+1); Joseph (Llabres, min.90+1), Darder (Morlanes, min.75), Virgili (Asano, min.80); y Muriqi. <\/p>\n<ul class=\"v-u\">\n<li class=\"v-u__l\">\n<p class=\"v-p\">\nAsistencia:<br \/>\n23.333 espectadores.\n<\/p>\n<\/li>\n<li class=\"v-u__l\">\n<p class=\"v-p\">\n\u00c1rbitro:<br \/>\nIosu Galech, del Comit\u00e9 Navarro. Mostr\u00f3 tarjetas amarilla a Samu Costa. Expuls\u00f3 con roja directa a Cazorla en el minuto 88 por una falta a Muriqi que revis\u00f3 el VAR y a Fede Vi\u00f1as en el 90+4 por una acci\u00f3n similar. Amonest\u00f3 tambi\u00e9n a Dani Calvo y Oier Luengo en el banquillo.\n<\/p>\n<\/li>\n<li class=\"v-u__l\">\n<p class=\"v-p\">\nIncidencias:<br \/>\n14 grados cent\u00edgrados a la hora de inicio del encuentro. Terreno de juego en buenas condiciones. Cazorla y Raillo fueron los capitanes. Puso el bal\u00f3n en juego el Mallorca.\n<\/p>\n<\/li>\n<\/ul>\n<p class=\"v-p\">Ambos conjuntos respondieron de inicio al plan de sus entrenadores, con los carbayones dispuestos a crecer desde el manejo del bal\u00f3n y los baleares a buscar alg\u00fan bal\u00f3n al \u00e1rea, donde Muriqi intentara imponer su ley. En ese escenario estaba claro que Cazorla era el que ten\u00eda que coger la batuta. <\/p>\n<p class=\"v-p\">Aunque inicialmente el juego local parec\u00eda intrascendente por lo horizontal y previsible de la mayor\u00eda de las acciones, poco a poco fue siendo productivo. Las ocasiones empezaron a llegar, pero la falta de acierto volv\u00eda a ser patente.<\/p>\n<p><a class=\"v-a-link\" href=\"https:\/\/www.elcomercio.es\/real-oviedo\/real-oviedo-mallorca-buscate-gradas-20251205233637-ga.html\" data-voc-vtm-id=\"in-text-traffic\" title=\"\" aria-label=\"\u00bfEstuviste en el Real Oviedo - Mallorca? \u00a1B\u00fascate en las gradas!\" rel=\"nofollow noopener\" target=\"_blank\"><br \/>\n<img decoding=\"async\" loading=\"lazy\" src=\"https:\/\/www.europesays.com\/es\/wp-content\/uploads\/2025\/12\/buscate-real-oviedo-mallorca (35)-U2201789943466QK--650x455@El Comercio.jpg\" class=\"v-a-img\" width=\"650\" height=\"455\" alt=\"\u00bfEstuviste en el Real Oviedo - Mallorca? \u00a1B\u00fascate en las gradas!\" data-voc-vtm-id=\"in-text-traffic\"\/><\/p>\n<p><\/a><\/p>\n<p>\u00bfEstuviste en el Real Oviedo &#8211; Mallorca? \u00a1B\u00fascate en las gradas!<\/p>\n<p>Mario Rojas<\/p>\n<p class=\"v-p\">La primera acci\u00f3n con remate lleg\u00f3 en un centro de Nacho Vidal que Dendoncker cabece\u00f3 a las manos del portero. Poco despu\u00e9s Fede Vi\u00f1as, tras un centro de Rahim, remat\u00f3 rozando el poste. La primera ronda de ocasiones la cerr\u00f3 Chaira con un disparo cruzado desde a frontal que peg\u00f3 en un defensa y sali\u00f3 a c\u00f3rner.<\/p>\n<p class=\"v-p\">Con bastante menos el Mallorca tuvo la m\u00e1s clara de todas. Un remate de Virgili al que Aar\u00f3n respondi\u00f3 con una gran parada para salvar a los suyos. Fue la \u00fanica vez en la que tuvo que trabajar el portero valenciano en toda la primera mitad, salvo otro disparo flojo de Virgili.<\/p>\n<p class=\"v-p\">El Oviedo volvi\u00f3 a coger el pulso al partido y hasta el final volvi\u00f3 a merodear el \u00e1rea del equipo mallorqu\u00edn. Colombatto y Chaira tuvieron sendas ocasiones, pero ambas acabaron con lanzamientos desviados.<\/p>\n<p class=\"v-p\">La posesi\u00f3n correspond\u00eda claramente a los locales, pero les faltaba claridad en el \u00faltimo pase o un cambio de ritmo para sorprender. Por la izquierda, Rahim lo intent\u00f3 m\u00e1s que Nacho Vidal por la otra banda. Ni Chaira, ni Fede Vi\u00f1as acompa\u00f1aban demasiado, ya que ambos sol\u00edan aparecer m\u00e1s por el centro. En el caso del uruguayo volvi\u00f3 a ser el que m\u00e1s duelos ganaba.<\/p>\n<p class=\"v-p\">En cualquier caso, al igual que hab\u00eda sucedido en el encuentro ante el Rayo Vallecano, los azules fueron mejores que el rival y dispusieron de ocasiones suficientes para haberse ido al descanso con ventaja. Sin embargo, falt\u00f3 acierto y tambi\u00e9n algo de confianza a la hora de definir en el \u00e1rea.<\/p>\n<p class=\"v-p\">El paso por los vestuarios no cambi\u00f3 mucho el panorama, si acaso baj\u00f3 algo el ritmo de los azules, probablemente por un reajuste en la presi\u00f3n de los visitantes, que no dejaban recibir a Cazorla. Sin el capit\u00e1n, la mayor parte de los balones eran hacia atr\u00e1s. El Mallorca pudo adelantarse en un remate de Raillo tras un saque de esquina, pero el bal\u00f3n sali\u00f3 rozando el poste. <\/p>\n<p class=\"v-p\">Pasada la hora de partido, Luis Carri\u00f3n hizo el primer cambio para que Hassan entrara por Chaira. Estaba claro que el t\u00e9cnico quer\u00eda velocidad por los costados a falta de ideas para llegar combinando. La primera acci\u00f3n del extremo, conduciendo hacia la frontal y con un disparo alto pareci\u00f3 meter al equipo en el partido nuevamente.<\/p>\n<p class=\"v-p\">Las llegadas al \u00e1rea se suced\u00edan, pero la falta de acierto era desesperante. Una de las m\u00e1s claras fue para Rond\u00f3n y Fede Vi\u00f1as al borde del \u00e1rea peque\u00f1a, que no acertaron a rematar. Dendoncker remat\u00f3 por encima del larguero un centro de Hassan poco despu\u00e9s.<\/p>\n<p class=\"v-p\">Ninguna ocasi\u00f3n fue tan clara como la que tuvo Nacho Vidal en el \u00e1rea peque\u00f1a tras un centro de Fede Vi\u00f1as. Sin embargo Bergstr\u00f6m se le ech\u00f3 encima y evit\u00f3 el tanto.<\/p>\n<p class=\"v-p\">Por si la falta de acierto no fuera suficiente, el equipo se qued\u00f3 con diez por la expulsi\u00f3n de Santi Cazorla. Una entrada del capit\u00e1n a Muriqi la revis\u00f3 el VAR y acab\u00f3 con el jugador expulsado. Lo mismo sucedi\u00f3 poco despu\u00e9s con Fede Vi\u00f1as, que tambi\u00e9n vio el camino de los vestuarios. Dos rojas que encendieron el ambiente en el Tartiere y en el banquillo local, que protest\u00f3 mucho la decisi\u00f3n arbitral.<\/p>\n<p class=\"v-p\">El equipo azul desde entonces y hasta el final tuvo bastante con salvar el punto que ten\u00eda.<\/p>\n","protected":false},"excerpt":{"rendered":"De todos los colores fueron las oportunidades de gol que tuvo el Real Oviedo ante el Mallorca, pero&hellip;\n","protected":false},"author":2,"featured_media":273463,"comment_status":"","ping_status":"","sticky":false,"template":"","format":"standard","meta":{"footnotes":""},"categories":[268],"tags":[793,168,25,24,1998,280,282,3689,1796,281,23,167,1079],"class_list":{"0":"post-273462","1":"post","2":"type-post","3":"status-publish","4":"format-standard","5":"has-post-thumbnail","7":"category-futbol","8":"tag-condena","9":"tag-deportes","10":"tag-es","11":"tag-espana","12":"tag-falta","13":"tag-football","14":"tag-futbol","15":"tag-gol","16":"tag-oviedo","17":"tag-soccer","18":"tag-spain","19":"tag-sports","20":"tag-vez"},"share_on_mastodon":{"url":"https:\/\/pubeurope.com\/@es\/115669979980063131","error":""},"_links":{"self":[{"href":"https:\/\/www.europesays.com\/es\/wp-json\/wp\/v2\/posts\/273462","targetHints":{"allow":["GET"]}}],"collection":[{"href":"https:\/\/www.europesays.com\/es\/wp-json\/wp\/v2\/posts"}],"about":[{"href":"https:\/\/www.europesays.com\/es\/wp-json\/wp\/v2\/types\/post"}],"author":[{"embeddable":true,"href":"https:\/\/www.europesays.com\/es\/wp-json\/wp\/v2\/users\/2"}],"replies":[{"embeddable":true,"href":"https:\/\/www.europesays.com\/es\/wp-json\/wp\/v2\/comments?post=273462"}],"version-history":[{"count":0,"href":"https:\/\/www.europesays.com\/es\/wp-json\/wp\/v2\/posts\/273462\/revisions"}],"wp:featuredmedia":[{"embeddable":true,"href":"https:\/\/www.europesays.com\/es\/wp-json\/wp\/v2\/media\/273463"}],"wp:attachment":[{"href":"https:\/\/www.europesays.com\/es\/wp-json\/wp\/v2\/media?parent=273462"}],"wp:term":[{"taxonomy":"category","embeddable":true,"href":"https:\/\/www.europesays.com\/es\/wp-json\/wp\/v2\/categories?post=273462"},{"taxonomy":"post_tag","embeddable":true,"href":"https:\/\/www.europesays.com\/es\/wp-json\/wp\/v2\/tags?post=273462"}],"curies":[{"name":"wp","href":"https:\/\/api.w.org\/{rel}","templated":true}]}}