{"id":273466,"date":"2025-12-06T01:19:15","date_gmt":"2025-12-06T01:19:15","guid":{"rendered":"https:\/\/www.europesays.com\/es\/273466\/"},"modified":"2025-12-06T01:19:15","modified_gmt":"2025-12-06T01:19:15","slug":"carmen-al-limite-intenta-que-tasio-abra-los-ojos","status":"publish","type":"post","link":"https:\/\/www.europesays.com\/es\/273466\/","title":{"rendered":"Carmen, al l\u00edmite, intenta que Tasio abra los ojos"},"content":{"rendered":"<p>Parec\u00eda que despu\u00e9s de la tormenta llegaba la calma, pero nada m\u00e1s lejos de la realidad. <\/p>\n<p><b>Carmen y Tasio<\/b> no est\u00e1n pasando por su mejor momento. Las salidas nocturnas del joven <b>De la Reina<\/b> con los franceses est\u00e1n pasando factura en su matrimonio. <\/p>\n<p>Carmen tiene miedo de que su marido vuelva a las andadas y que se pierda entre el juego y malas compa\u00f1\u00edas. <\/p>\n<p>Tasio le dice a <b>Carmen<\/b> que le han invitado al club de golf y que quiere que ella le acompa\u00f1e porque tambi\u00e9n est\u00e1 invitada, pero la joven no puede m\u00e1s, <\/p>\n<p>\u201cT\u00fa vales m\u00e1s que ser el mono de feria de esta gente\u201d, le dice a su marido para que se da cuenta de una vez que esos franceses solo le quieren para pas\u00e1rselo bien y que lo que est\u00e1n haciendo es pas\u00e1rselo bien. <\/p>\n<p><b>Tasio <\/b>se queda muy decepcionado y la pareja vuelve a discutir. \u00bfPodr\u00e1n solucionar sus problemas? <\/p>\n","protected":false},"excerpt":{"rendered":"Parec\u00eda que despu\u00e9s de la tormenta llegaba la calma, pero nada m\u00e1s lejos de la realidad. Carmen y&hellip;\n","protected":false},"author":2,"featured_media":273467,"comment_status":"","ping_status":"","sticky":false,"template":"","format":"standard","meta":{"footnotes":""},"categories":[171],"tags":[146,147,25,24,23,214],"class_list":{"0":"post-273466","1":"post","2":"type-post","3":"status-publish","4":"format-standard","5":"has-post-thumbnail","7":"category-tv","8":"tag-entertainment","9":"tag-entretenimiento","10":"tag-es","11":"tag-espana","12":"tag-spain","13":"tag-tv"},"share_on_mastodon":{"url":"https:\/\/pubeurope.com\/@es\/115669995563001227","error":""},"_links":{"self":[{"href":"https:\/\/www.europesays.com\/es\/wp-json\/wp\/v2\/posts\/273466","targetHints":{"allow":["GET"]}}],"collection":[{"href":"https:\/\/www.europesays.com\/es\/wp-json\/wp\/v2\/posts"}],"about":[{"href":"https:\/\/www.europesays.com\/es\/wp-json\/wp\/v2\/types\/post"}],"author":[{"embeddable":true,"href":"https:\/\/www.europesays.com\/es\/wp-json\/wp\/v2\/users\/2"}],"replies":[{"embeddable":true,"href":"https:\/\/www.europesays.com\/es\/wp-json\/wp\/v2\/comments?post=273466"}],"version-history":[{"count":0,"href":"https:\/\/www.europesays.com\/es\/wp-json\/wp\/v2\/posts\/273466\/revisions"}],"wp:featuredmedia":[{"embeddable":true,"href":"https:\/\/www.europesays.com\/es\/wp-json\/wp\/v2\/media\/273467"}],"wp:attachment":[{"href":"https:\/\/www.europesays.com\/es\/wp-json\/wp\/v2\/media?parent=273466"}],"wp:term":[{"taxonomy":"category","embeddable":true,"href":"https:\/\/www.europesays.com\/es\/wp-json\/wp\/v2\/categories?post=273466"},{"taxonomy":"post_tag","embeddable":true,"href":"https:\/\/www.europesays.com\/es\/wp-json\/wp\/v2\/tags?post=273466"}],"curies":[{"name":"wp","href":"https:\/\/api.w.org\/{rel}","templated":true}]}}