{"id":273468,"date":"2025-12-06T01:21:23","date_gmt":"2025-12-06T01:21:23","guid":{"rendered":"https:\/\/www.europesays.com\/es\/273468\/"},"modified":"2025-12-06T01:21:23","modified_gmt":"2025-12-06T01:21:23","slug":"el-arca-perdida-de-indiana-jones-se-encuentra-en-santa-maria-esta-navidad-en-antequera","status":"publish","type":"post","link":"https:\/\/www.europesays.com\/es\/273468\/","title":{"rendered":"El arca perdida de Indiana Jones se encuentra en Santa Mar\u00eda esta Navidad en Antequera"},"content":{"rendered":"<p><strong>Santa Mar\u00eda\u00a0<\/strong>se convierte en un viaje en el tiempo a trav\u00e9s de la saga de\u00a0<strong>Indiana Jones,\u00a0<\/strong>una de las\u00a0<strong>exposiciones de Antequera esta Navidad.<\/strong><\/p>\n<p><strong>\u00abEn busca de los tesoros perdidos\u00bb, <\/strong>inspirada en\u00a0<strong>Indiana Jones,<\/strong> es el t\u00edtulo de la muestra que abri\u00f3 el 5 de diciembre y se puede visitar hasta el 6 de enero. Todo empez\u00f3 con el cineasta estadounidense George Lucas y producida por Lucasfilm, cuyo argumento relata primordialmente las vivencias del aventurero para localizar objetos de relevancia hist\u00f3rica tales como el Arca de la Alianza y el Santo Grial. La primera de las pel\u00edculas fue dirigida por Steven Spielberg.<\/p>\n<p>Las <strong>entradas tienen el precio de 4 euros para adultos, ni\u00f1os de 4 a 12 y mayores de 65 a\u00f1os a 3 euros, y menores de 3 a\u00f1os, gratis.<\/strong> El horario es de 10 a 18 horas todos los d\u00edas, salvo los 24 y 31 de diciembre y 5 de enero de 10 a 14 horas.<\/p>\n<p>Se pueden ver reproducciones de objetos de las pel\u00edculas, trajes que sirvieron para el rodaje o un aut\u00f3grafo del propio Harrison Ford, actor que interpreta a Indiana Jones. Desde el amuleto del templo, a las flechas, el puente o la misma arca perdida. Tambi\u00e9n se puede subir a la tribuna del templo y buscar la \u00abequis\u00bb que marca el lugar de la tumba que lleva hasta el santo grial.<\/p>\n<p>Hay recortes de prensa y los carteles de las pel\u00edculas y del rodaje en Espa\u00f1a de algunas escenas. La inauguraci\u00f3n se ha desarrollado en la ma\u00f1ana del viernes por el alcalde Manuel Bar\u00f3n y la teniente de alcalde de Comercio y Turismo, Ana Cebri\u00e1n.<\/p>\n<p>Bar\u00f3n destaca la campa\u00f1a dedicada al comercio de la ciudad que arrancar\u00e1 este martes 9 de diciembre con el bonoconsumo. Todo en un mes donde la fiesta hay que recordar que es \u00abreligiosa, cristiana y cat\u00f3lica\u00bb.<\/p>\n<p>Por su parte, Ana Cebri\u00e1n destaca que Santa Mar\u00eda acoja la saga de cine \u00abm\u00e1s m\u00edtica de todos los tiempos\u00bb que nos recuerda a cuando la vimos de ni\u00f1os y ahora las volvemos a ver con los hijos.<\/p>\n<p style=\"text-align: center;\">\n<p style=\"text-align: center;\"><img fetchpriority=\"high\" decoding=\"async\" class=\"alignnone size-full wp-image-205830\" src=\"https:\/\/www.europesays.com\/es\/wp-content\/uploads\/2025\/12\/LaQuintaAlma_122025.jpg\" alt=\"\" width=\"600\" height=\"102\"  \/><\/p>\n<p style=\"text-align: center;\">\n<p style=\"text-align: center;\"><img loading=\"lazy\" decoding=\"async\" class=\"alignnone size-full wp-image-189986\" src=\"https:\/\/www.europesays.com\/es\/wp-content\/uploads\/2025\/12\/DeliciasAntequera_port_2024.jpg\" alt=\"\" width=\"722\" height=\"122\"  \/><\/p>\n<p style=\"text-align: center;\">\n<p style=\"text-align: center;\">\n<p style=\"text-align: center;\">\n","protected":false},"excerpt":{"rendered":"Santa Mar\u00eda\u00a0se convierte en un viaje en el tiempo a trav\u00e9s de la saga de\u00a0Indiana Jones,\u00a0una de las\u00a0exposiciones&hellip;\n","protected":false},"author":2,"featured_media":273469,"comment_status":"","ping_status":"","sticky":false,"template":"","format":"standard","meta":{"footnotes":""},"categories":[169],"tags":[16848,177,146,147,25,24,176,3184,175,2951,16567,23],"class_list":{"0":"post-273468","1":"post","2":"type-post","3":"status-publish","4":"format-standard","5":"has-post-thumbnail","7":"category-cine","8":"tag-antequera","9":"tag-cine","10":"tag-entertainment","11":"tag-entretenimiento","12":"tag-es","13":"tag-espana","14":"tag-film","15":"tag-indiana-jones","16":"tag-movies","17":"tag-navidad","18":"tag-santa-maria","19":"tag-spain"},"share_on_mastodon":{"url":"https:\/\/pubeurope.com\/@es\/115670003905385097","error":""},"_links":{"self":[{"href":"https:\/\/www.europesays.com\/es\/wp-json\/wp\/v2\/posts\/273468","targetHints":{"allow":["GET"]}}],"collection":[{"href":"https:\/\/www.europesays.com\/es\/wp-json\/wp\/v2\/posts"}],"about":[{"href":"https:\/\/www.europesays.com\/es\/wp-json\/wp\/v2\/types\/post"}],"author":[{"embeddable":true,"href":"https:\/\/www.europesays.com\/es\/wp-json\/wp\/v2\/users\/2"}],"replies":[{"embeddable":true,"href":"https:\/\/www.europesays.com\/es\/wp-json\/wp\/v2\/comments?post=273468"}],"version-history":[{"count":0,"href":"https:\/\/www.europesays.com\/es\/wp-json\/wp\/v2\/posts\/273468\/revisions"}],"wp:featuredmedia":[{"embeddable":true,"href":"https:\/\/www.europesays.com\/es\/wp-json\/wp\/v2\/media\/273469"}],"wp:attachment":[{"href":"https:\/\/www.europesays.com\/es\/wp-json\/wp\/v2\/media?parent=273468"}],"wp:term":[{"taxonomy":"category","embeddable":true,"href":"https:\/\/www.europesays.com\/es\/wp-json\/wp\/v2\/categories?post=273468"},{"taxonomy":"post_tag","embeddable":true,"href":"https:\/\/www.europesays.com\/es\/wp-json\/wp\/v2\/tags?post=273468"}],"curies":[{"name":"wp","href":"https:\/\/api.w.org\/{rel}","templated":true}]}}