{"id":273478,"date":"2025-12-06T01:29:09","date_gmt":"2025-12-06T01:29:09","guid":{"rendered":"https:\/\/www.europesays.com\/es\/273478\/"},"modified":"2025-12-06T01:29:09","modified_gmt":"2025-12-06T01:29:09","slug":"cuatro-paises-se-retiran-de-eurovision-2026-en-protesta-por-la-participacion-de-israel","status":"publish","type":"post","link":"https:\/\/www.europesays.com\/es\/273478\/","title":{"rendered":"Cuatro pa\u00edses se retiran de Eurovisi\u00f3n 2026 en protesta por la participaci\u00f3n de Israel"},"content":{"rendered":"\n<p>GINEBRA (AP) \u2014 Cuatro pa\u00edses se retiraron el jueves del Festival de la Canci\u00f3n de Eurovisi\u00f3n del pr\u00f3ximo a\u00f1o despu\u00e9s de que los organizadores decidieran permitir la participaci\u00f3n de Israel, lo que expuso c\u00f3mo la discordia pol\u00edtica ha tomado el centro del escenario sobre una celebraci\u00f3n generalmente alegre de la armon\u00eda a trav\u00e9s de la m\u00fasica.<\/p>\n<p>Los cuatro pa\u00edses \u2014 Espa\u00f1a, Holanda, Irlanda y Eslovenia \u2014 anunciaron su decisi\u00f3n despu\u00e9s de que la asamblea general de la Uni\u00f3n Europea de Radiodifusi\u00f3n (UER) \u2014un grupo de emisoras p\u00fablicas de 56 pa\u00edses que organiza el evento\u2014 se reuni\u00f3 para discutir preocupaciones sobre la participaci\u00f3n de Israel, que algunos pa\u00edses rechazan debido a su conducta en la guerra de Gaza.<\/p>\n<p>Anteriormente, los miembros de la UER votaron para adoptar reglas de votaci\u00f3n m\u00e1s estrictas en respuesta a las acusaciones de que Israel manipul\u00f3 el voto a favor de sus concursantes, pero no tomaron medidas para excluir a ninguna emisora del concurso.<\/p>\n<p>La gala de m\u00fasica pop que atrae a m\u00e1s de 100 millones de espectadores cada a\u00f1o se ha visto sacudida por la guerra en Gaza durante los \u00faltimos dos a\u00f1os.<\/p>\n<p>Un informe en el sitio web de la emisora islandesa RUV, mientras tanto, dijo que se reunir\u00eda el pr\u00f3ximo mi\u00e9rcoles para discutir si Islandia participar\u00eda, despu\u00e9s de que su junta la semana pasada recomendara que Israel fuera excluido del concurso en Viena el pr\u00f3ximo mayo.<\/p>\n<p>La uni\u00f3n de radiodifusi\u00f3n, en un comunicado enviado por correo electr\u00f3nico a The Associated Press, expres\u00f3 que era consciente de que cuatro emisoras \u2014RTVE en Espa\u00f1a, AVROTROS en Holanda, RTE en Irlanda y RTVSLO de Eslovenia\u2014 hab\u00edan dicho p\u00fablicamente que no participar\u00edan.<\/p>\n<p>\u201cEsperamos la confirmaci\u00f3n formal de su decisi\u00f3n\u201d, dijo la uni\u00f3n. Se anunciar\u00e1 una lista final de pa\u00edses participantes para Navidad.<\/p>\n<p><b>Controversia sobre Israel<\/b><\/p>\n<p>El presidente israel\u00ed Isaac Herzog dijo en X que estaba \u201ccomplacido\u201d de que Israel participar\u00e1 nuevamente y esperaba \u201cque la competencia siga siendo una que defienda la cultura, la m\u00fasica, la amistad entre naciones y el entendimiento cultural transfronterizo\u201d.<\/p>\n<p>\u201cGracias a todos nuestros amigos que defendieron el derecho de Israel a seguir contribuyendo y compitiendo en Eurovisi\u00f3n\u201d, a\u00f1adi\u00f3.<\/p>\n<p>Austria, que est\u00e1 preparada para albergar la competencia despu\u00e9s de que el cantante vien\u00e9s JJ ganara este a\u00f1o con \u201cWasted Love\u201d, apoya la participaci\u00f3n de Israel. Se dice que Alemania tambi\u00e9n respalda a Israel.<\/p>\n<p>Sin embargo, la emisora holandesa AVROTROS declar\u00f3 que la participaci\u00f3n de Israel \u201cya no es compatible con la responsabilidad que tenemos como emisora p\u00fablica\u201d .<\/p>\n<p>La emisora estatal espa\u00f1ola RTVE expres\u00f3 preocupaciones similares, expresando sus dudas sobre la participaci\u00f3n de la emisora israel\u00ed KAN, seg\u00fan el secretario general Alfonso Morales.<\/p>\n<p>La emisora irlandesa RT\u00c9 dijo que la participaci\u00f3n de Irlanda \u201csigue siendo inconcebible dada la espantosa p\u00e9rdida de vidas en Gaza\u201d y la crisis humanitaria all\u00ed.<\/p>\n<p>Varias de las emisoras \u2014que dirigen los programas de noticias de su pa\u00eds y quer\u00edan que Israel fuera excluido\u2014 citaron los asesinatos de periodistas en el conflicto en Gaza y la pol\u00edtica continua de Israel de negar el acceso a periodistas internacionales al territorio.<\/p>\n<p>El director ejecutivo de la emisora israel\u00ed KAN, Golan Yochpaz, cuestion\u00f3 si los miembros de la UER est\u00e1n \u201cdispuestos a ser parte de un paso que da\u00f1a la libertad de creaci\u00f3n y la libertad de expresi\u00f3n\u201d.<\/p>\n<p>Los funcionarios de KAN dijeron que la emisora israel\u00ed no estuvo involucrada en ninguna campa\u00f1a destinada a influir en los resultados del \u00faltimo concurso de canciones en Basilea, Suiza, en mayo pasado, cuando Yuval Raphael de Israel qued\u00f3 en segundo lugar.<\/p>\n<p>La UER dijo que las nuevas reglas fortalecer\u00edan \u201cla transparencia y la confianza\u201d y permitir\u00edan la participaci\u00f3n de todos los pa\u00edses, incluido Israel .<\/p>\n<p><b>Dividido por la pol\u00edtica<\/b><\/p>\n<p>El concurso, cuya 70\u00aa edici\u00f3n est\u00e1 programada para Viena en mayo, enfrenta a actos de docenas de naciones entre s\u00ed por la corona musical del continente.<\/p>\n<p>La convocatoria se esfuerza por poner el pop antes que la pol\u00edtica, pero repetidamente se ha visto envuelto en eventos mundiales. Rusia fue expulsada en 2022 despu\u00e9s de iniciar la guerra contra Ucrania.<\/p>\n<p>La guerra en Gaza ha sido su mayor desaf\u00edo, con manifestantes propalestinos protestando contra Israel fuera de los dos \u00faltimos concursos de Eurovisi\u00f3n en Basilea, Suiza, en mayo, y en Malm\u00f6, Suecia, en 2024.<\/p>\n<p>Islandia, Irlanda, Holanda, Eslovenia y Espa\u00f1a hab\u00edan amenazado previamente con no participar en el concurso si se permit\u00eda la participaci\u00f3n de Israel.<\/p>\n<p>Los opositores a la participaci\u00f3n de Israel citan la guerra en Gaza, que ha dejado m\u00e1s de 70.000 personas muertas, seg\u00fan el Ministerio de Salud del territorio, que opera bajo el gobierno dirigido por Ham\u00e1s y cuyos registros detallados son considerados generalmente confiables por la comunidad internacional.<\/p>\n<p>El gobierno de Israel ha defendido repetidamente su campa\u00f1a como una respuesta al ataque de milicianos liderados por Ham\u00e1s que inici\u00f3 la guerra el 7 de octubre de 2023. Los milicianos mataron a alrededor de 1.200 personas, en su mayor\u00eda civiles, en el ataque y tomaron a 251 como rehenes.<\/p>\n<p>Varios expertos, incluidos aquellos comisionados por un organismo de la ONU, han dicho que la ofensiva de Israel en Gaza equivale a genocidio, una afirmaci\u00f3n que Israel \u2014hogar de muchos sobrevivientes del Holocausto y sus familiares\u2014 ha negado vigorosamente.<\/p>\n<p>Anteriormente, no estaba claro si una disminuci\u00f3n de la violencia en Gaza, donde se mantiene un alto el fuego mediado por Estados Unidos, o los planes de la UER para cambiar los procesos de votaci\u00f3n apaciguar\u00edan a algunas emisoras que se opon\u00edan a la participaci\u00f3n de Israel.<\/p>\n<p>Un boicot podr\u00eda tener implicaciones para la audiencia y el dinero en un momento en que muchas emisoras est\u00e1n bajo presi\u00f3n financiera por los recortes de financiaci\u00f3n gubernamental y el advenimiento de las redes sociales.<\/p>\n<p>Las retiradas incluyen algunos nombres importantes en el mundo de Eurovisi\u00f3n. Espa\u00f1a es uno de los \u201cBig Five\u201d, los pa\u00edses de gran mercado que m\u00e1s contribuyen al concurso. Irlanda ha ganado siete veces, un r\u00e9cord que comparte con Suecia.<\/p>\n<p>La controversia sobre la participaci\u00f3n de Israel en 2026 amenaza con eclipsar el regreso el pr\u00f3ximo a\u00f1o de tres pa\u00edses: Bulgaria, Moldavia y Rumania, despu\u00e9s de per\u00edodos de ausencia por razones financieras y art\u00edsticas.<br \/>___<\/p>\n<p>Lawless inform\u00f3 desde Londres.<\/p>\n<p>___________________________________<\/p>\n<p>Esta historia fue traducida del ingl\u00e9s por un editor de AP con ayuda de una herramienta de inteligencia artificial generativa.<\/p>\n","protected":false},"excerpt":{"rendered":"GINEBRA (AP) \u2014 Cuatro pa\u00edses se retiraron el jueves del Festival de la Canci\u00f3n de Eurovisi\u00f3n del pr\u00f3ximo&hellip;\n","protected":false},"author":2,"featured_media":273479,"comment_status":"","ping_status":"","sticky":false,"template":"","format":"standard","meta":{"footnotes":""},"categories":[8],"tags":[17,18,4023,24414,25,7860,24,24121,13,14,694,69,11,26681,2908,74,19,20,66920,9,10,15,16,698,2599,20639,23,12,25165,21,22],"class_list":{"0":"post-273478","1":"post","2":"type-post","3":"status-publish","4":"format-standard","5":"has-post-thumbnail","7":"category-espana","8":"tag-breaking-news","9":"tag-breakingnews","10":"tag-concurso","11":"tag-emisora","12":"tag-es","13":"tag-eslovenia","14":"tag-espana","15":"tag-eurovision","16":"tag-featured-news","17":"tag-featurednews","18":"tag-gaza","19":"tag-guerra","20":"tag-headlines","21":"tag-holanda","22":"tag-irlanda","23":"tag-israel","24":"tag-latest-news","25":"tag-latestnews","26":"tag-mayo-pasado","27":"tag-news","28":"tag-noticias","29":"tag-noticias-destacadas","30":"tag-noticiasdestacadas","31":"tag-pais","32":"tag-participacion","33":"tag-proximo-ano","34":"tag-spain","35":"tag-titulares","36":"tag-uer","37":"tag-ultimas-noticias","38":"tag-ultimasnoticias"},"share_on_mastodon":{"url":"https:\/\/pubeurope.com\/@es\/115670035010861017","error":""},"_links":{"self":[{"href":"https:\/\/www.europesays.com\/es\/wp-json\/wp\/v2\/posts\/273478","targetHints":{"allow":["GET"]}}],"collection":[{"href":"https:\/\/www.europesays.com\/es\/wp-json\/wp\/v2\/posts"}],"about":[{"href":"https:\/\/www.europesays.com\/es\/wp-json\/wp\/v2\/types\/post"}],"author":[{"embeddable":true,"href":"https:\/\/www.europesays.com\/es\/wp-json\/wp\/v2\/users\/2"}],"replies":[{"embeddable":true,"href":"https:\/\/www.europesays.com\/es\/wp-json\/wp\/v2\/comments?post=273478"}],"version-history":[{"count":0,"href":"https:\/\/www.europesays.com\/es\/wp-json\/wp\/v2\/posts\/273478\/revisions"}],"wp:featuredmedia":[{"embeddable":true,"href":"https:\/\/www.europesays.com\/es\/wp-json\/wp\/v2\/media\/273479"}],"wp:attachment":[{"href":"https:\/\/www.europesays.com\/es\/wp-json\/wp\/v2\/media?parent=273478"}],"wp:term":[{"taxonomy":"category","embeddable":true,"href":"https:\/\/www.europesays.com\/es\/wp-json\/wp\/v2\/categories?post=273478"},{"taxonomy":"post_tag","embeddable":true,"href":"https:\/\/www.europesays.com\/es\/wp-json\/wp\/v2\/tags?post=273478"}],"curies":[{"name":"wp","href":"https:\/\/api.w.org\/{rel}","templated":true}]}}