{"id":273490,"date":"2025-12-06T01:41:16","date_gmt":"2025-12-06T01:41:16","guid":{"rendered":"https:\/\/www.europesays.com\/es\/273490\/"},"modified":"2025-12-06T01:41:16","modified_gmt":"2025-12-06T01:41:16","slug":"un-cuarto-de-siglo-de-cuando-sevilla-quiso-ser-nueva-york","status":"publish","type":"post","link":"https:\/\/www.europesays.com\/es\/273490\/","title":{"rendered":"Un cuarto de siglo de cuando Sevilla quiso ser Nueva York"},"content":{"rendered":"<p style=\"\">Hubo una vez que Sevilla quiso ser Nueva York. La Sevilla barroca de Murillo, costumbrista de Garc\u00eda Ramos, on\u00edrica de Carmen Laff\u00f3n o abstracta de Luis Gordillo decidi\u00f3 que hab\u00eda que romper con los modelos establecidos a la hora de tratar el arte contempor\u00e1neo y  &#8230; acercarlo a la ciudadan\u00eda. <\/p>\n<p class=\"voc-p\" style=\"\">El galerista <strong>Pepe Cobo<\/strong> ya hab\u00eda protagonizado una revoluci\u00f3n generacional con el descubrimiento y apoyo a toda una generaci\u00f3n de artistas conocida hoy como la generaci\u00f3n de los 80 en su galer\u00eda de <strong>La M\u00e1quina Espa\u00f1ola,<\/strong> y en 1997 estaba en un impasse de su actividad galer\u00edstica cuando se le ocurri\u00f3 seguir las tradiciones iconoclastas de la gran manzana y trasladarlas a la Plaza Nueva. <\/p>\n<p class=\"voc-p\" style=\"\">Hac\u00eda a\u00f1os que <strong>el hotel Gramercy Park de Nueva York<\/strong> organizaba una feria de arte contempor\u00e1neo en sus instalaciones que fue modelo de otras muchas. Hoy, renovado hace pocos meses, se pueden a\u00fan ver en su vest\u00edbulo obras de <strong>Warhol, Hirst, Twombly y Basquiat. <\/strong><\/p>\n<p class=\"voc-p\" style=\"\">As\u00ed que a la manera neoyorkina, <strong>Pepe Cobo se puso en contacto con Manuel Otero Alvarado, director del hotel Inglaterra<\/strong> e hijo de Manuel Otero Luna. Le propuso hacer en el establecimiento de la plaza Nueva una iniciativa galer\u00edstica que se llam\u00f3 &#8216;Hotel y Arte&#8217; en el hotel Inglaterra, establecimiento hotelero sevillano que en 2027 cumplir\u00e1 su 180 cumplea\u00f1os. <\/p>\n<p class=\"voc-p\" style=\"\">Hoy, 25 a\u00f1os despu\u00e9s de aquel evento que revolucion\u00f3 la ciudad, se conmemora el aniversario de esta iniciativa <strong>con una exposici\u00f3n en este mismo espacio durante los d\u00edas 5, 6 y 7 de diciembre,<\/strong> que recoge en im\u00e1genes lo que fue &#8216;Hotel y Arte&#8217; y sus protagonistas, con fotos de algunos visitantes como la <strong>ministra Carmen Alborch, el escritor y periodista Antonio Burgos, el alcalde Alfredo S\u00e1nchez Monteseir\u00edn, galeristas, artistas,<\/strong> as\u00ed como numerosos recortes de prensa, entre ellos, una portada del diario ABC de Sevilla del 21 de octubre de 2000, la pen\u00faltima edici\u00f3n de &#8216;Hotel y Arte&#8217;.<\/p>\n<p><img decoding=\"async\" loading=\"lazy\" src=\"https:\/\/www.europesays.com\/es\/wp-content\/uploads\/2025\/12\/hotel2-arte-inglaterra-U71572752853rYJ-760x427@diario_abc.jpg\" class=\"voc-img\" width=\"760\" height=\"427\" alt=\"Algunas im\u00e1genes de la exposici\u00f3n sobre el 25 aniversario de 'Hotel y Arte en el hotel Inglaterra\" data-voc-vtm-id=\"in-text-traffic\"\/><\/p>\n<p>Algunas im\u00e1genes de la exposici\u00f3n sobre el 25 aniversario de &#8216;Hotel y Arte en el hotel Inglaterra<\/p>\n<p>carmen otero<\/p>\n<p class=\"voc-p\" style=\"\">Para Pepe Cobo era fundamental en aquel momento acercar la gente al arte contempor\u00e1neo. \u00abComo no hab\u00eda ferias, era necesario para que la iniciativa triunfara llamar a personas con un m\u00ednimo poder adquisitivo para ver arte y por supuesto comprar. No era un tema expositivo. La clave fue el invento que se me ocurri\u00f3 y fue hablar con las empresas para comprometerlos a comprar, <strong>es decir que su participaci\u00f3n como sponsor era comprar obra por un m\u00ednimo de 200.000 pesetas<\/strong>, y eso hac\u00eda que de alguna manera &#8216;Hotel y Arte&#8217; fuera un \u00e9xito, porque el gasto de los galeristas se cubr\u00eda anticipadamente\u00ab.<\/p>\n<p class=\"voc-p\" style=\"\">Pepe Cobo eligi\u00f3 el Hotel Inglaterra porque est\u00e1 en el centro de la ciudad. \u00abEs una familia de Sevilla y adem\u00e1s <strong>Manuel Otero Alvarado no puso ning\u00fan inconveniente, al contrario, lo planeamos con tiempo para que esas dos plantas del hotel estuvieran reservadas, y eso era algo complicado<\/strong>. Los galeristas de fuera dorm\u00edan incluso en las habitaciones del hotel. Viv\u00edan aqu\u00ed. Al final eso cre\u00f3 una relaci\u00f3n con las galer\u00edas entre ellas, como si fueran una familia, y como los galeristas tendemos a ser muy individualistas&#8230;, \u00edbamos juntos a todos lados, com\u00edamos juntos y eso fue muy positivo\u00bb. <\/p>\n<p><img decoding=\"async\" loading=\"lazy\" src=\"https:\/\/www.europesays.com\/es\/wp-content\/uploads\/2025\/12\/portada-abc-galerias-kr1H-U101098719735k0F-760x600@diario_abc.jpg\" class=\"voc-img\" width=\"757\" height=\"600\" alt=\"Portada de ABC que recoge la inauguraci\u00f3n de Hotel y Arte\" data-voc-vtm-id=\"in-text-traffic\"\/><\/p>\n<p>Portada de ABC que recoge la inauguraci\u00f3n de Hotel y Arte<\/p>\n<p>carmen otero<\/p>\n<p class=\"voc-p\" style=\"\">La iniciativa se termin\u00f3 entre otras cosas porque Pepe Cobo abri\u00f3 una nueva galer\u00eda, \u00aby no quer\u00eda ser arte y parte, soy muy escrupuloso con eso. En esta exposici\u00f3n poco a poco se ve la evoluci\u00f3n de &#8216;Hotel y Arte&#8217;, y el \u00e9xito fue que cada a\u00f1o hab\u00eda m\u00e1s sponsors. <strong>Instituciones como El Monte o Telef\u00f3nica gastaron mucho m\u00e1s de doscientas mil pesetas en compras<\/strong> y todo el mundo estaba supercontento. Y yo controlaba si alguien vend\u00edan menos y coordinaba y animaba la venta\u00bb.<\/p>\n<p class=\"voc-p\" style=\"\">Participaron durante estos a\u00f1os en &#8216;Hotel y Arte&#8217; galer\u00edas de Portugal como la de Pedro Oliveira, de Barcelona, Antonio de Barnola, de Suiza, Luke Alexander, y por supuesto nacionales como Tom\u00e1s March de Valencia, galer\u00eda F\u00facares de Madrid, Alfredo Vi\u00f1as de M\u00e1laga, Galer\u00eda Fabien Fryns de Marbella, Sandunga de Granada y sevillanas como Rafael Ortiz y Cavecanem, entre otras muchas. \u00abM\u00e1s del cuarenta por ciento de las galer\u00edas que entonces participaron en &#8216;Hotel y Arte&#8217;, ya no existen\u00bb, comenta con desolaci\u00f3n el director del hotel, Manuel Otero Alvarado, al que agradeci\u00f3 Pepe Cobo que el establecimiento hubiera guardado el material gr\u00e1fico y de prensa de &#8216;Hotel y Arte&#8217; con el que se realiza esta exposici\u00f3n. <\/p>\n<p class=\"voc-p\" style=\"\">En las diferentes ediciones se mostraron obras de artistas como <strong>Luis Gordillo, P\u00e9rez Villalta, Jos\u00e9 Mar\u00eda B\u00e1ez, Pedro G. Romero, Curro Gonz\u00e1lez, Patricio Cabrera, Rafael Agredano y Federico Guzm\u00e1n; obras de Ignacio Tovar,<\/strong> Cisco Jim\u00e9nez, Sof\u00eda Jacq o Elena Blasco, Joan Fontcuberta, Equipo 57, Equipo Cr\u00f3nica o Jos\u00e9 Manuel Ballester y destacados artistas internacionales como <strong>Donald Judd y Glen Rubsamen. <\/strong><\/p>\n<p class=\"voc-title\">\u00abEsta convocatoria anual convirti\u00f3 al hotel Inglaterra en la feria de arte contempor\u00e1neo m\u00e1s importante de Andaluc\u00eda y una de las m\u00e1s relevantes de Espa\u00f1a\u00bb<\/p>\n<p class=\"voc-p\" style=\"\">En la exposici\u00f3n hay im\u00e1genes de las distintas ediciones, de las habitaciones del hotel a\u00fan con la decoraci\u00f3n antigua con los tradicionales papeles pintados sobre los que se colocaba obra contempor\u00e1nea, en rabioso contraste. Los lavabos tambi\u00e9n se utilizaban, como varias ba\u00f1eras llenas de paja una, y otra con agua llena de barro y una estatua en su interior. <strong>El arte contempor\u00e1neo se abr\u00eda con fuerza en medio de un hotel tradicional que estaba a las puertas de una renovaci\u00f3n<\/strong>. <\/p>\n<p class=\"voc-p\" style=\"\">Manuel Otero Alvarado, director actual del hotel, dice que \u00abno s\u00e9 si se podr\u00eda repetir la experiencia, imagino que s\u00ed, pero con otra log\u00edstica. En aquel momento est\u00e1bamos en proceso de renovaci\u00f3n del hotel y pudimos permitir hacer agujeros en las paredes, se quitaban camas o se mov\u00edan muebles, por ejemplo, hoy no ser\u00eda posible hacerlo igual. S\u00ed fuimos conscientes de que <strong>esta convocatoria anual convirti\u00f3 al hotel Inglaterra durante cinco a\u00f1os en la feria de arte contempor\u00e1neo m\u00e1s importante de Andaluc\u00eda y una de las m\u00e1s relevantes de Espa\u00f1a<\/strong>, y que sin duda impuls\u00f3 el coleccionismo local. Aquello fue todo un shock, entrabas en una habitaci\u00f3n y ve\u00edas un flotador con una palmera sobre una cama, todo un shock\u00bb.<\/p>\n<p class=\"voc-p\" style=\"\">El galerista Pepe Cobo cree que <strong>fue un revulsivo para la sociedad de entonces<\/strong> \u00abporque el arte contempor\u00e1neo en aquel momento generaba rechazo y la intenci\u00f3n fue crear un clima dom\u00e9stico para generar di\u00e1logos. Fue un \u00e9xito brutal. Sevilla debe seguir mirando al futuro, no nos paremos. &#8216;Hotel y Arte&#8217; tuvo un efecto muy positivo en la sociedad local, y gente que nunca se hab\u00eda acercado al arte contempor\u00e1neo y algunos se conviritieron en coleccionistas y sigui\u00f3 comprando\u00bb, asegura Pepe Cobo.<\/p>\n","protected":false},"excerpt":{"rendered":"Hubo una vez que Sevilla quiso ser Nueva York. La Sevilla barroca de Murillo, costumbrista de Garc\u00eda Ramos,&hellip;\n","protected":false},"author":2,"featured_media":273491,"comment_status":"","ping_status":"","sticky":false,"template":"","format":"standard","meta":{"footnotes":""},"categories":[173],"tags":[229,233,231,230,10859,232,234,146,147,25,24,795,8325,1171,9218,23,5867],"class_list":{"0":"post-273490","1":"post","2":"type-post","3":"status-publish","4":"format-standard","5":"has-post-thumbnail","7":"category-arte-y-diseno","8":"tag-arte","9":"tag-arte-y-diseno","10":"tag-arts","11":"tag-arts-and-design","12":"tag-cuarto","13":"tag-design","14":"tag-diseno","15":"tag-entertainment","16":"tag-entretenimiento","17":"tag-es","18":"tag-espana","19":"tag-nueva","20":"tag-quiso","21":"tag-sevilla","22":"tag-siglo","23":"tag-spain","24":"tag-york"},"share_on_mastodon":{"url":"https:\/\/pubeurope.com\/@es\/115670082443100741","error":""},"_links":{"self":[{"href":"https:\/\/www.europesays.com\/es\/wp-json\/wp\/v2\/posts\/273490","targetHints":{"allow":["GET"]}}],"collection":[{"href":"https:\/\/www.europesays.com\/es\/wp-json\/wp\/v2\/posts"}],"about":[{"href":"https:\/\/www.europesays.com\/es\/wp-json\/wp\/v2\/types\/post"}],"author":[{"embeddable":true,"href":"https:\/\/www.europesays.com\/es\/wp-json\/wp\/v2\/users\/2"}],"replies":[{"embeddable":true,"href":"https:\/\/www.europesays.com\/es\/wp-json\/wp\/v2\/comments?post=273490"}],"version-history":[{"count":0,"href":"https:\/\/www.europesays.com\/es\/wp-json\/wp\/v2\/posts\/273490\/revisions"}],"wp:featuredmedia":[{"embeddable":true,"href":"https:\/\/www.europesays.com\/es\/wp-json\/wp\/v2\/media\/273491"}],"wp:attachment":[{"href":"https:\/\/www.europesays.com\/es\/wp-json\/wp\/v2\/media?parent=273490"}],"wp:term":[{"taxonomy":"category","embeddable":true,"href":"https:\/\/www.europesays.com\/es\/wp-json\/wp\/v2\/categories?post=273490"},{"taxonomy":"post_tag","embeddable":true,"href":"https:\/\/www.europesays.com\/es\/wp-json\/wp\/v2\/tags?post=273490"}],"curies":[{"name":"wp","href":"https:\/\/api.w.org\/{rel}","templated":true}]}}