{"id":273492,"date":"2025-12-06T01:43:10","date_gmt":"2025-12-06T01:43:10","guid":{"rendered":"https:\/\/www.europesays.com\/es\/273492\/"},"modified":"2025-12-06T01:43:10","modified_gmt":"2025-12-06T01:43:10","slug":"el-anime-de-one-piece-pone-fecha-al-final-del-arco-de-egghead","status":"publish","type":"post","link":"https:\/\/www.europesays.com\/es\/273492\/","title":{"rendered":"El anime de One Piece pone fecha al final del arco de Egghead"},"content":{"rendered":"<p>Mientras el manga sigue en un flashback bastante interesante, el anime de <strong>One Piece<\/strong> acaba de entrar en la recta final del arco de Egghead. Toei Animation cambiar\u00e1 de direcci\u00f3n el pr\u00f3ximo a\u00f1o, cuando los piratas lleguen a Elbaf, pero antes de llegar a 2026, el estudio cerrar\u00e1 por completo la historia de las Islas del Futuro.<\/p>\n<p>Tal y como han revelado los principales filtradores de <strong>One Piece<\/strong>, Toei ha confirmado que quedan tan solo cuatro episodios para que el arco de Elbaf llegue a su final. No habr\u00e1 descanso, por lo que el <strong>28 de diciembre<\/strong> ser\u00e1 la \u00faltima vez que veamos a Luffy y compa\u00f1\u00eda hasta dentro de unos meses.<\/p>\n<p>    <a href=\"https:\/\/www.vidaextra.com\/rpg\/yitan-djidane-zidane-origen-cacao-al-rebautizar-al-heroe-final-fantasy-ix\" class=\"pivot-outboundlink\" data-vars-post-title=\"Por qu\u00e9 en Espa\u00f1a llamamos Yit\u00e1n al h\u00e9roe de Final Fantasy IX\" rel=\"nofollow noopener\" target=\"_blank\"><br \/>\n     <img loading=\"lazy\" decoding=\"async\" alt=\"Por qu\u00e9 en Espa\u00f1a llamamos Yit\u00e1n al h\u00e9roe de Final Fantasy IX\" width=\"375\" height=\"142\" src=\"https:\/\/i.blogs.es\/d33411\/screenshot_9760\/375_142.webp\" onerror=\"this.src=\" https:=\"\"\/><br \/>\n    <\/a><\/p>\n<p>A lo largo de los episodios restantes, el cient\u00edfico Vegapunk terminar\u00e1 de lanzar su mensaje mientras los Sombrero de Paja escapan de las garras de la Marina, y se espera que cada cap\u00edtulo de este mes sea una verdadera locura a nivel narrativo y t\u00e9cnico, ya que Toei no volver\u00e1 a trabajar con la serie hasta abril del pr\u00f3ximo a\u00f1o.<\/p>\n<p>En cuanto al pr\u00f3ximo arco, cabe recalcar que <strong>One Piece <\/strong>pasar\u00e1 de ser un anime semanal a serlo por temporadas, con un m\u00e1ximo de 26 episodios al a\u00f1o, y adaptar\u00e1 cada cap\u00edtulo del manga en un episodio animado, por lo que estaremos unos cuantos a\u00f1os de aventuras por la Tierra de los Gigantes.<\/p>\n<p>En VidaExtra | <a class=\"text-outboundlink\" href=\"https:\/\/www.vidaextra.com\/comics\/haki-one-piece-voluntad-convertida-poder-guia-esencial-para-navegantes-primerizos-grand-line\" data-vars-post-title=\"El Haki en One Piece: la voluntad convertida en poder. Una gu\u00eda esencial para navegantes primerizos en el Grand Line \" data-vars-post-url=\"https:\/\/www.vidaextra.com\/comics\/haki-one-piece-voluntad-convertida-poder-guia-esencial-para-navegantes-primerizos-grand-line\" target=\"_blank\" rel=\"nofollow noopener\">El Haki en One Piece: la voluntad convertida en poder. Una gu\u00eda esencial para navegantes primerizos en el Grand Line<\/a><\/p>\n<p>En VidaExtra | <a class=\"text-outboundlink\" href=\"https:\/\/www.vidaextra.com\/series\/one-piece-esta-siendo-locura-actualidad-hay-algo-que-echo-mucho-obra-eiichiro-oda-se-que-no-volvera\" data-vars-post-title=\"Ignor\u00e9 esto de One Piece hace bastante tiempo y ahora que no est\u00e1 lo echo mucho de menos\" data-vars-post-url=\"https:\/\/www.vidaextra.com\/series\/one-piece-esta-siendo-locura-actualidad-hay-algo-que-echo-mucho-obra-eiichiro-oda-se-que-no-volvera\" target=\"_blank\" rel=\"nofollow noopener\">Ignor\u00e9 esto de One Piece hace bastante tiempo y ahora que no est\u00e1 lo echo mucho de menos<\/a><\/p>\n","protected":false},"excerpt":{"rendered":"Mientras el manga sigue en un flashback bastante interesante, el anime de One Piece acaba de entrar en&hellip;\n","protected":false},"author":2,"featured_media":273493,"comment_status":"","ping_status":"","sticky":false,"template":"","format":"standard","meta":{"footnotes":""},"categories":[171],"tags":[146,147,25,24,23,214],"class_list":{"0":"post-273492","1":"post","2":"type-post","3":"status-publish","4":"format-standard","5":"has-post-thumbnail","7":"category-tv","8":"tag-entertainment","9":"tag-entretenimiento","10":"tag-es","11":"tag-espana","12":"tag-spain","13":"tag-tv"},"share_on_mastodon":{"url":"https:\/\/pubeurope.com\/@es\/115670090277329997","error":""},"_links":{"self":[{"href":"https:\/\/www.europesays.com\/es\/wp-json\/wp\/v2\/posts\/273492","targetHints":{"allow":["GET"]}}],"collection":[{"href":"https:\/\/www.europesays.com\/es\/wp-json\/wp\/v2\/posts"}],"about":[{"href":"https:\/\/www.europesays.com\/es\/wp-json\/wp\/v2\/types\/post"}],"author":[{"embeddable":true,"href":"https:\/\/www.europesays.com\/es\/wp-json\/wp\/v2\/users\/2"}],"replies":[{"embeddable":true,"href":"https:\/\/www.europesays.com\/es\/wp-json\/wp\/v2\/comments?post=273492"}],"version-history":[{"count":0,"href":"https:\/\/www.europesays.com\/es\/wp-json\/wp\/v2\/posts\/273492\/revisions"}],"wp:featuredmedia":[{"embeddable":true,"href":"https:\/\/www.europesays.com\/es\/wp-json\/wp\/v2\/media\/273493"}],"wp:attachment":[{"href":"https:\/\/www.europesays.com\/es\/wp-json\/wp\/v2\/media?parent=273492"}],"wp:term":[{"taxonomy":"category","embeddable":true,"href":"https:\/\/www.europesays.com\/es\/wp-json\/wp\/v2\/categories?post=273492"},{"taxonomy":"post_tag","embeddable":true,"href":"https:\/\/www.europesays.com\/es\/wp-json\/wp\/v2\/tags?post=273492"}],"curies":[{"name":"wp","href":"https:\/\/api.w.org\/{rel}","templated":true}]}}