{"id":273506,"date":"2025-12-06T02:01:10","date_gmt":"2025-12-06T02:01:10","guid":{"rendered":"https:\/\/www.europesays.com\/es\/273506\/"},"modified":"2025-12-06T02:01:10","modified_gmt":"2025-12-06T02:01:10","slug":"el-casademont-zaragoza-u22-asalta-la-pista-del-joventut-de-badalona-69-82","status":"publish","type":"post","link":"https:\/\/www.europesays.com\/es\/273506\/","title":{"rendered":"El Casademont Zaragoza U22 asalta la pista del Joventut de Badalona (69-82)"},"content":{"rendered":"<p>FICHA T\u00c9CNICA<\/p>\n<p class=\"ft-text\"><strong>JOVENTUT BADALONA:<\/strong> Eric del Castillo (17), Pau Bermejo (2), Adri\u00e1n Torres (9), Ferr\u00e1n Mauri (6), Kevin Mac\u00edas (4) -equipo inicial-, Gregory Barbosa (6), Matej Buben, Humberto Ruiz (4), Mart\u00ed Gil (5), Diego Niebla (8), Tariq Thomas (8).<\/p>\n<p class=\"ft-text\"><strong>CASADEMONT ZARAGOZA:<\/strong> \u00c1lex Moreno (14), Carlos Al\u00edas (5), Aleksandr Savkov (10), Youssouf Traor\u00e9 (16), Anthony Rodr\u00edguez (10) -equipo inicial-, Keita Soumaila (4), Jorge Prieto (3), Seydina Faye (15), \u00c1lvaro Cativiela (5), Rub\u00e9n Valero, Mat\u00edas Auciello.<\/p>\n<p class=\"ft-text\"><strong>PARCIALES:<\/strong> 14-16, 19-26, 18-27, 18-13.<\/p>\n<p class=\"ft-text\"><strong>\u00c1RBITROS: <\/strong>Daniel L\u00f3pez, Pol Guadalajara, Jos\u00e9 Mar\u00eda Arresa.<\/p>\n<p class=\"ft-text\"><strong>ELIMINADOS:<\/strong> Cativiela.<\/p>\n<p class=\"ft-text\"><strong>INCIDENCIAS:<\/strong> Partido correspondiente a la novena jornada de Liga U disputado en el pabell\u00f3n Ol\u00edmpico de Badalona.<\/p>\n","protected":false},"excerpt":{"rendered":"FICHA T\u00c9CNICA JOVENTUT BADALONA: Eric del Castillo (17), Pau Bermejo (2), Adri\u00e1n Torres (9), Ferr\u00e1n Mauri (6), Kevin&hellip;\n","protected":false},"author":2,"featured_media":273507,"comment_status":"","ping_status":"","sticky":false,"template":"","format":"standard","meta":{"footnotes":""},"categories":[269],"tags":[57868,15725,299,298,2511,5369,168,25,24,12203,1045,5839,23,167,17369,491],"class_list":{"0":"post-273506","1":"post","2":"type-post","3":"status-publish","4":"format-standard","5":"has-post-thumbnail","7":"category-baloncesto","8":"tag-asalta","9":"tag-badalona","10":"tag-baloncesto","11":"tag-basketball","12":"tag-casademont","13":"tag-casademont-zaragoza","14":"tag-deportes","15":"tag-es","16":"tag-espana","17":"tag-federacion-espanola-de-baloncesto-feb","18":"tag-partido","19":"tag-pista","20":"tag-spain","21":"tag-sports","22":"tag-u22","23":"tag-zaragoza"},"share_on_mastodon":{"url":"https:\/\/pubeurope.com\/@es\/115670160827711083","error":""},"_links":{"self":[{"href":"https:\/\/www.europesays.com\/es\/wp-json\/wp\/v2\/posts\/273506","targetHints":{"allow":["GET"]}}],"collection":[{"href":"https:\/\/www.europesays.com\/es\/wp-json\/wp\/v2\/posts"}],"about":[{"href":"https:\/\/www.europesays.com\/es\/wp-json\/wp\/v2\/types\/post"}],"author":[{"embeddable":true,"href":"https:\/\/www.europesays.com\/es\/wp-json\/wp\/v2\/users\/2"}],"replies":[{"embeddable":true,"href":"https:\/\/www.europesays.com\/es\/wp-json\/wp\/v2\/comments?post=273506"}],"version-history":[{"count":0,"href":"https:\/\/www.europesays.com\/es\/wp-json\/wp\/v2\/posts\/273506\/revisions"}],"wp:featuredmedia":[{"embeddable":true,"href":"https:\/\/www.europesays.com\/es\/wp-json\/wp\/v2\/media\/273507"}],"wp:attachment":[{"href":"https:\/\/www.europesays.com\/es\/wp-json\/wp\/v2\/media?parent=273506"}],"wp:term":[{"taxonomy":"category","embeddable":true,"href":"https:\/\/www.europesays.com\/es\/wp-json\/wp\/v2\/categories?post=273506"},{"taxonomy":"post_tag","embeddable":true,"href":"https:\/\/www.europesays.com\/es\/wp-json\/wp\/v2\/tags?post=273506"}],"curies":[{"name":"wp","href":"https:\/\/api.w.org\/{rel}","templated":true}]}}