{"id":273508,"date":"2025-12-06T02:02:11","date_gmt":"2025-12-06T02:02:11","guid":{"rendered":"https:\/\/www.europesays.com\/es\/273508\/"},"modified":"2025-12-06T02:02:11","modified_gmt":"2025-12-06T02:02:11","slug":"las-claves-de-la-uruguay-de-bielsa-a-la-que-se-enfrentara-espana-en-el-mundial","status":"publish","type":"post","link":"https:\/\/www.europesays.com\/es\/273508\/","title":{"rendered":"Las claves de la Uruguay de Bielsa a la que se enfrentar\u00e1 Espa\u00f1a en el Mundial"},"content":{"rendered":"<p data-gtm-element-container=\"modulo-texto-link\" class=\"paragraph\">La <strong>Uruguay <\/strong>de <strong>Marcelo Bielsa<\/strong>, con \u2018El Loco\u2019 al mando de varios jugadores de LaLiga EA Sports como el madridista <strong>Fede Valverde<\/strong>, el cul\u00e9 <strong>Ronald Ara\u00fajo <\/strong>o el atl\u00e9tico <strong>Jos\u00e9 Mar\u00eda Gim\u00e9nez<\/strong>, se cruzar\u00e1 en el camino de <strong>Espa\u00f1a <\/strong>hacia las eliminatorias del Mundial. Ser\u00e1 en la tercera y \u00faltima jornada del grupo H y teniendo en cuenta el potencial de <strong>Arabia <\/strong>y <strong>Cabo Verde<\/strong>, los otros participantes en el mismo, ese duelo entre la <strong>Roja <\/strong>y la <strong>Celeste <\/strong>promete ser una lucha por el primer puesto del grupo.<\/p>\n<p data-gtm-element-container=\"modulo-texto-link\" class=\"paragraph\"><strong>Uruguay <\/strong>desde luego que ser\u00e1 una prueba m\u00e1s que exigente para <strong>Luis de la Fuente<\/strong> y los suyos, porque si algo destaca de dicho combinado es la competitividad y la gallard\u00eda con la que juega. Cuando arranque el Mundial, tres a\u00f1os llevar\u00e1 en el cargo ya el minucioso <strong>Marcelo Bielsa<\/strong>, que tras haberse quedado a las puertas de la final de la Copa Am\u00e9rica 2024 (perdi\u00f3 en semifinales ante <strong>Colombia<\/strong>) tiene en la cita mundialista una oportunidad para llevar a la Celeste tan lejos como sea posible.<\/p>\n<p data-gtm-element-container=\"modulo-texto-link\" class=\"paragraph\">En las eliminatorias sudamericanas, el grupo clasificatorio para el Mundial desde Conmebol, <strong>Uruguay <\/strong>no tuvo excesivos problemas para hacerse con uno de los seis billetes directos que se repart\u00edan. Fue la cuarta en sellar el mismo, tras <strong>Argentina<\/strong>, <strong>Ecuador <\/strong>y <strong>Colombia<\/strong>, antes que <strong>Brasil<\/strong>.<\/p>\n<p>    Lee tambi\u00e9n<\/p>\n<p data-gtm-element-container=\"modulo-texto-link\" class=\"paragraph\">En lo que a estilo de juego se refiere, esta <strong>Uruguay <\/strong>de <strong>Marcelo Bielsa<\/strong> se estructura principalmente en 4-3-3, aunque en ocasiones el \u2018Loco\u2019 ha optado por el 4-2-3-1. Una cosa o la otra la marca si se le da entrada o no a <strong>De Arrascaeta <\/strong>y el rol que ocupa \u00e9ste, ya que se trata de un mediapunta y solo en escenarios en los que <strong>Uruguay <\/strong>se siente muy superior puede actuar como interior.<\/p>\n<p>                <img loading=\"lazy\" decoding=\"async\" data-full-src=\"https:\/\/www.mundodeportivo.com\/uploads\/2025\/12\/05\/693343e2583d1.jpeg\" alt=\".\" width=\"449\" height=\"1353\" src=\"https:\/\/www.europesays.com\/es\/wp-content\/uploads\/2025\/12\/693343e2583d1.jpeg\" class=\"lazy\"\/><\/p>\n<p class=\"caption-title \">.<\/p>\n<p>                    .<\/p>\n<p data-gtm-element-container=\"modulo-texto-link\" class=\"paragraph\">En cuanto a nombres propios, resulta inevitablemente destacar los de <strong>Ronald Ara\u00fajo<\/strong>, <strong>Fede Valverde<\/strong> y <strong>Darwin N\u00fa\u00f1ez<\/strong>, uno por l\u00ednea, sin olvidar a futbolistas contrastados en la \u00e9lite como <strong>Gim\u00e9nez<\/strong>, <strong>Bentancur <\/strong>o <strong>Manuel Ugarte<\/strong>. Pero como el Mundial siempre es una oportunidad para que acaben de explotar jugadores, habr\u00e1 que estar muy atentos a lo que pueda dar de s\u00ed <strong>Maxi Ara\u00fajo<\/strong>, futbolista del Sporting de Portugal con capacidad para jugar como lateral o extremo izquierdo<\/p>\n","protected":false},"excerpt":{"rendered":"La Uruguay de Marcelo Bielsa, con \u2018El Loco\u2019 al mando de varios jugadores de LaLiga EA Sports como&hellip;\n","protected":false},"author":2,"featured_media":273509,"comment_status":"","ping_status":"","sticky":false,"template":"","format":"standard","meta":{"footnotes":""},"categories":[268],"tags":[168,25,24,280,282,281,23,167],"class_list":{"0":"post-273508","1":"post","2":"type-post","3":"status-publish","4":"format-standard","5":"has-post-thumbnail","7":"category-futbol","8":"tag-deportes","9":"tag-es","10":"tag-espana","11":"tag-football","12":"tag-futbol","13":"tag-soccer","14":"tag-spain","15":"tag-sports"},"share_on_mastodon":{"url":"https:\/\/pubeurope.com\/@es\/115670165017431749","error":""},"_links":{"self":[{"href":"https:\/\/www.europesays.com\/es\/wp-json\/wp\/v2\/posts\/273508","targetHints":{"allow":["GET"]}}],"collection":[{"href":"https:\/\/www.europesays.com\/es\/wp-json\/wp\/v2\/posts"}],"about":[{"href":"https:\/\/www.europesays.com\/es\/wp-json\/wp\/v2\/types\/post"}],"author":[{"embeddable":true,"href":"https:\/\/www.europesays.com\/es\/wp-json\/wp\/v2\/users\/2"}],"replies":[{"embeddable":true,"href":"https:\/\/www.europesays.com\/es\/wp-json\/wp\/v2\/comments?post=273508"}],"version-history":[{"count":0,"href":"https:\/\/www.europesays.com\/es\/wp-json\/wp\/v2\/posts\/273508\/revisions"}],"wp:featuredmedia":[{"embeddable":true,"href":"https:\/\/www.europesays.com\/es\/wp-json\/wp\/v2\/media\/273509"}],"wp:attachment":[{"href":"https:\/\/www.europesays.com\/es\/wp-json\/wp\/v2\/media?parent=273508"}],"wp:term":[{"taxonomy":"category","embeddable":true,"href":"https:\/\/www.europesays.com\/es\/wp-json\/wp\/v2\/categories?post=273508"},{"taxonomy":"post_tag","embeddable":true,"href":"https:\/\/www.europesays.com\/es\/wp-json\/wp\/v2\/tags?post=273508"}],"curies":[{"name":"wp","href":"https:\/\/api.w.org\/{rel}","templated":true}]}}