{"id":273514,"date":"2025-12-06T02:06:10","date_gmt":"2025-12-06T02:06:10","guid":{"rendered":"https:\/\/www.europesays.com\/es\/273514\/"},"modified":"2025-12-06T02:06:10","modified_gmt":"2025-12-06T02:06:10","slug":"ignacio-escolar-protagonista-de-en-primicia-de-rtve-este-martes-9-de-diciembre","status":"publish","type":"post","link":"https:\/\/www.europesays.com\/es\/273514\/","title":{"rendered":"Ignacio Escolar, protagonista de &#8216;En Primicia&#8217; de RTVE este martes 9 de diciembre"},"content":{"rendered":"<p class=\"article-text\">\n        El director de elDiario.es, <strong>Ignacio Escolar<\/strong>, protagonizar\u00e1 la pr\u00f3xima entrega del programa de RTVE <strong>En Primicia<\/strong>, que se emite en<strong> La 2<\/strong> este martes 9 de diciembre a las 22:10 horas.\n    <\/p>\n<p>    <a href=\"https:\/\/www.eldiario.es\/vertele\/noticias\/israel-eurovision-admite-campana-seguir-senala-paises-retirados-verguenza-deben-espana_1_12823359.html\" data-mrf-recirculation=\"saber-mas\" data-dl-event=\"saber-mas\" rel=\"nofollow noopener\" target=\"_blank\"><\/p>\n<p class=\"know-more__title\">Israel admite una campa\u00f1a para seguir en Eurovisi\u00f3n y se\u00f1ala a los pa\u00edses retirados: \u00abLa verg\u00fcenza la deben tener ellos\u00bb<\/p>\n<p>            <img decoding=\"async\" class=\"lazy\" loading=\"lazy\" data-src=\"https:\/\/static.eldiario.es\/clip\/2092e97f-de75-4d1a-8de1-d8ab474d1b4f_16-9-aspect-ratio_default_0.jpg\" src=\"data:image\/svg+xml,%3Csvg xmlns=\" http:=\"\" viewbox=\"0 0 880 495\" alt=\"Israel admite una campa\u00f1a para seguir en Eurovisi\u00f3n y se\u00f1ala a los pa\u00edses retirados: &quot;La verg\u00fcenza la deben tener ellos&quot;\"\/><\/p>\n<p>                        <\/a><\/p>\n<p class=\"article-text\">\n        En el programa monogr\u00e1fico, Escolar repasa su trayectoria period\u00edstica y algunas de las grandes exclusivas que ha firmado y dirigido a lo largo de este tiempo. <strong>\u201cLleva a\u00f1os sacudiendo los cimientos de la pol\u00edtica nacional y destapando esc\u00e1ndalos de corrupci\u00f3n\u201d<\/strong>, explican desde el formato que presenta <strong>Lara Siscar<\/strong>. \u201cLa innovaci\u00f3n, la investigaci\u00f3n y la independencia est\u00e1n en el ADN de este profesional\u201d.\n    <\/p>\n<p class=\"article-text\">\n        Parte de la charla entre Siscar y Escolar se desarrollar\u00e1 en el hotel donde el director de elDiario.es se reuni\u00f3 con <strong>Francisco Correa<\/strong> en 2015. El l\u00edder de la <strong>trama G\u00fcrtel<\/strong> \u2013el caso que provoc\u00f3 la ca\u00edda del Gobierno de Rajoy\u2013 le confi\u00f3 <a href=\"https:\/\/www.eldiario.es\/politica\/confesion-correa-empresarios-adjudicaciones-pp_1_2421335.html\" data-mrf-recirculation=\"links-noticia\" class=\"link\" target=\"_blank\" rel=\"nofollow noopener\">la confesi\u00f3n \u00edntegra de sus delitos<\/a>. \u201cMe hablaba casi en susurro, a mucha distancia y con m\u00fasica de fondo\u201d, recuerda Escolar sobre aquella exclusiva que vio la luz <a href=\"https:\/\/www.eldiario.es\/escolar\/confesion-guertel-francisco-correa_132_2417617.html\" data-mrf-recirculation=\"links-noticia\" class=\"link\" target=\"_blank\" rel=\"nofollow noopener\">en octubre de 2015<\/a>.\n    <\/p>\n<p class=\"article-text\">\n        Escolar visitar\u00e1 con Lara Siscar la redacci\u00f3n de elDiario.es, el medio que fund\u00f3 en 2012 y del que forma parte verTele. Es en elDiario.es donde, adem\u00e1s de haber desarrollado <strong>un exitoso modelo de suscripci\u00f3n que suma m\u00e1s de 110.000 socios y socias<\/strong>, ha sacado a la luz informaciones como las <strong>tarjetas black de Caja Madrid, el<\/strong> <strong>master de Cristina Cifuentes o el fraude fiscal de la pareja de Ayuso<\/strong>.\n    <\/p>\n<p class=\"article-text\">\n        El programa repasa tambi\u00e9n la faceta musical de Escolar como teclista de Meteosat, el \u201cenorme \u00e9xito\u201d de su blog personal y su elecci\u00f3n en 2007 para encabezar el lanzamiento de P\u00fablico, donde con solo 31 a\u00f1os <strong>se convirti\u00f3 en uno de los directores m\u00e1s j\u00f3venes de la prensa espa\u00f1ola<\/strong>.\n    <\/p>\n<p>            <img decoding=\"async\" class=\"lazy\" loading=\"lazy\" data-src=\"https:\/\/static.eldiario.es\/clip\/c1d77f88-0190-49c7-ab01-371ad2da37bd_16-9-discover-aspect-ratio_default_0.jpg\" src=\"data:image\/svg+xml,%3Csvg xmlns=\" http:=\"\" viewbox=\"0 0 1200 675\" alt=\"\"\/><\/p>\n<p class=\"article-text\">\n        El programa monogr\u00e1fico cuenta con la participaci\u00f3n de periodistas de la redacci\u00f3n de elDiario.es que han acompa\u00f1ado a Escolar en las exclusivas que han marcado la historia de este medio. El reportaje incluye, adem\u00e1s, los testimonios del presentador de laSexta <strong>El Gran Wyoming<\/strong> o la periodista <strong>Montserrat Dom\u00ednguez, <\/strong>con quien el director de elDiario.es trabaj\u00f3 en su primera etapa profesional. Tambi\u00e9n participa su padre, el periodista <strong>Arsenio Escolar<\/strong>, que protagoniza una conversaci\u00f3n con Escolar en la que ambos recuerdan la \u00e9poca en la que, adem\u00e1s de familia, se convirtieron en competidores.\n    <\/p>\n<p class=\"article-text\">\n        En Primicia se adentra en la recta final de su temporada con <strong>Ignacio Escolar<\/strong>. Tras acercar a los espectadores a grandes figuras del periodismo espa\u00f1ol como <strong>I\u00f1aki Gabilondo,<\/strong> <strong>Silvia Intxaurrondo<\/strong>, <strong>Arturo P\u00e9rez Reverte<\/strong>, <strong>Carlos Herrera<\/strong>, <strong>Pedro Piqueras<\/strong>, <strong>Luc\u00eda M\u00e9ndez<\/strong>, <strong>Peridis<\/strong>, <strong>Nacho Carretero<\/strong> o <strong>Paloma del R\u00edo<\/strong>, la temporada pondr\u00e1 punto y final con los episodios dedicados a<strong> Manuel Vicent<\/strong> y <strong>Soledad Gallego<\/strong>.\n    <\/p>\n<p class=\"article-text\">\n        &#8212;-\n    <\/p>\n<p>    <a href=\"https:\/\/www.eldiario.es\/vertele\/noticias\/video-verguenza-eurovision-cuenta-rtve-israel-seguira-participando-bombardea-gaza_1_12823267.html\" data-mrf-recirculation=\"saber-mas-abajo\" data-dl-event=\"saber-mas-abajo\" rel=\"nofollow noopener\" target=\"_blank\"><\/p>\n<p class=\"know-more__title\">El v\u00eddeo de la verg\u00fcenza de Eurovisi\u00f3n: as\u00ed cuenta RTVE que Israel sigue participando mientras bombardea Gaza<\/p>\n<p>            <img decoding=\"async\" class=\"lazy\" loading=\"lazy\" data-src=\"https:\/\/static.eldiario.es\/clip\/1dc71a5e-b6e4-4e8b-bc17-227a615b26df_16-9-aspect-ratio_default_0.jpg\" src=\"data:image\/svg+xml,%3Csvg xmlns=\" http:=\"\" viewbox=\"0 0 880 495\" alt=\"El v\u00eddeo de la verg\u00fcenza de Eurovisi\u00f3n: as\u00ed cuenta RTVE que Israel seguir\u00e1 participando mientras bombardea Gaza\"\/><\/p>\n<p>                        <\/a><\/p>\n<p class=\"article-text\">\n        <a href=\"https:\/\/usuarios.eldiario.es\/hazte_socio\/?utm_source=noticia&amp;utm_campaign=haztesocio&amp;utm_medium=vertele\" target=\"_blank\" data-mrf-recirculation=\"links-noticia\" class=\"link\" rel=\"nofollow noopener\"><strong>Hazte socio o socia de elDiario.es<\/strong><\/a><strong>\u00a0y apoya un periodismo comprometido, honesto y valiente.<\/strong>\n    <\/p>\n","protected":false},"excerpt":{"rendered":"El director de elDiario.es, Ignacio Escolar, protagonizar\u00e1 la pr\u00f3xima entrega del programa de RTVE En Primicia, que se&hellip;\n","protected":false},"author":2,"featured_media":273515,"comment_status":"","ping_status":"","sticky":false,"template":"","format":"standard","meta":{"footnotes":""},"categories":[171],"tags":[66922,146,147,3141,25,24,66923,1982,518,23,214],"class_list":{"0":"post-273514","1":"post","2":"type-post","3":"status-publish","4":"format-standard","5":"has-post-thumbnail","7":"category-tv","8":"tag-en-primicia","9":"tag-entertainment","10":"tag-entretenimiento","11":"tag-entrevista","12":"tag-es","13":"tag-espana","14":"tag-fecha-martes-9-diciembre","15":"tag-ignacio-escolar","16":"tag-rtve","17":"tag-spain","18":"tag-tv"},"share_on_mastodon":{"url":"https:\/\/pubeurope.com\/@es\/115670180391845111","error":""},"_links":{"self":[{"href":"https:\/\/www.europesays.com\/es\/wp-json\/wp\/v2\/posts\/273514","targetHints":{"allow":["GET"]}}],"collection":[{"href":"https:\/\/www.europesays.com\/es\/wp-json\/wp\/v2\/posts"}],"about":[{"href":"https:\/\/www.europesays.com\/es\/wp-json\/wp\/v2\/types\/post"}],"author":[{"embeddable":true,"href":"https:\/\/www.europesays.com\/es\/wp-json\/wp\/v2\/users\/2"}],"replies":[{"embeddable":true,"href":"https:\/\/www.europesays.com\/es\/wp-json\/wp\/v2\/comments?post=273514"}],"version-history":[{"count":0,"href":"https:\/\/www.europesays.com\/es\/wp-json\/wp\/v2\/posts\/273514\/revisions"}],"wp:featuredmedia":[{"embeddable":true,"href":"https:\/\/www.europesays.com\/es\/wp-json\/wp\/v2\/media\/273515"}],"wp:attachment":[{"href":"https:\/\/www.europesays.com\/es\/wp-json\/wp\/v2\/media?parent=273514"}],"wp:term":[{"taxonomy":"category","embeddable":true,"href":"https:\/\/www.europesays.com\/es\/wp-json\/wp\/v2\/categories?post=273514"},{"taxonomy":"post_tag","embeddable":true,"href":"https:\/\/www.europesays.com\/es\/wp-json\/wp\/v2\/tags?post=273514"}],"curies":[{"name":"wp","href":"https:\/\/api.w.org\/{rel}","templated":true}]}}