{"id":273522,"date":"2025-12-06T02:13:12","date_gmt":"2025-12-06T02:13:12","guid":{"rendered":"https:\/\/www.europesays.com\/es\/273522\/"},"modified":"2025-12-06T02:13:12","modified_gmt":"2025-12-06T02:13:12","slug":"la-gestora-de-fondos-del-santander-pierde-a-su-jefa-menos-de-cuatro-anos-despues-de-su-fichaje-fondos-y-planes","status":"publish","type":"post","link":"https:\/\/www.europesays.com\/es\/273522\/","title":{"rendered":"La gestora de fondos del Santander pierde a su jefa menos de cuatro a\u00f1os despu\u00e9s de su fichaje | Fondos y Planes"},"content":{"rendered":"<p class=\"\">La gestora de fondos de inversi\u00f3n del grupo Santander, Samantha Ricciardi, ha dimitido tras cuatro a\u00f1os en el cargo. <a href=\"https:\/\/cincodias.elpais.com\/cincodias\/2021\/11\/19\/opinion\/1637332546_956552.html\" target=\"_self\" rel=\"nofollow noopener\" title=\"https:\/\/cincodias.elpais.com\/cincodias\/2021\/11\/19\/opinion\/1637332546_956552.html\">Ricciardi <\/a>abandona el banco espa\u00f1ol \u201cpara buscar nuevas oportunidades profesionales en el extranjero\u201d, seg\u00fan un correo electr\u00f3nico interno enviado el viernes por Javier Garc\u00eda-Carranza, director de gesti\u00f3n patrimonial del Santander, y al que ha tenido acceso la agencia Bloomberg. El banco trabaja ahora en un plan de sucesi\u00f3n y una transici\u00f3n ordenada. <\/p>\n<p class=\"\">La divisi\u00f3n de gesti\u00f3n de activos forma parte de una unidad m\u00e1s amplia de banca privada y seguros dirigida por Garc\u00eda-Carranza. Todo este \u00e1rea ha ido ganando terreno dentro del banco en los \u00faltimos a\u00f1os, con ambiciosos objetivos de aumentar los ingresos por comisiones. <\/p>\n<p class=\"\">Los activos gestionados aumentaron m\u00e1s de un 10% en el a\u00f1o hasta alcanzar la cifra r\u00e9cord de 536.000 millones de euros, seg\u00fan los resultados del tercer trimestre del banco. <\/p>\n<p class=\"\">Este crecimiento se vio \u201crespaldado por una s\u00f3lida din\u00e1mica comercial\u201d tanto en la gesti\u00f3n de activos como en la banca privada, \u201cy por el buen comportamiento del mercado\u201d, seg\u00fan afirm\u00f3 Santander en la presentaci\u00f3n de los resultados del tercer trimestre. <\/p>\n<p class=\"\">Ricciardi, cuyo cargo oficial era el de consejera delegada global de gesti\u00f3n de activos, se incorpor\u00f3 a Santander en febrero de 2022 procedente del gigante BlackRock, donde hab\u00eda trabajado durante 12 a\u00f1os. Anteriormente, ocup\u00f3 el cargo de directora nacional de Schroders en M\u00e9xico. <\/p>\n<p class=\"\">Ricciardi <a href=\"https:\/\/cincodias.elpais.com\/cincodias\/2021\/11\/19\/opinion\/1637332546_956552.html\" target=\"_self\" rel=\"nofollow noopener\" title=\"https:\/\/cincodias.elpais.com\/cincodias\/2021\/11\/19\/opinion\/1637332546_956552.html\">ha liderado un plan de transformaci\u00f3n de la unidad en los \u00faltimos a\u00f1os<\/a> \u201creduciendo y simplificando la gama y consolidando su plataforma de Luxemburgo como centro global de productos\u201d, seg\u00fan afirm\u00f3 la entidad crediticia en un comunicado de prensa en octubre. El predecesor de la directiva en el cargo fue Mariano Belinky, quien tampoco lleg\u00f3 a los cuatro a\u00f1os de ese puesto.<\/p>\n<p class=\"\">El Banco Santander ya emprendi\u00f3 una reorganizaci\u00f3n de su departamento de gesti\u00f3n de patrimonios en 2024. El grupo combin\u00f3 sus unidades de inversiones alternativas y plataformas de inversi\u00f3n, que se integraron dentro de la unidad global de gesti\u00f3n de activos, con Carlos Manzano al frente. <\/p>\n<p class=\"\">Esos cambios forman parte de la remodelaci\u00f3n que puso en marcha Javier Garc\u00eda-Carranza tras su nombramiento como <a href=\"https:\/\/cincodias.elpais.com\/companias\/2024-05-15\/santander-releva-a-victor-matarranz-como-jefe-de-wealth-mangement-y-nombra-en-su-puesto-a-javier-garcia-carranza.html\" rel=\"nofollow noopener\" target=\"_blank\">director global de gesti\u00f3n de patrimonios y seguros en mayo<\/a>. Garc\u00eda-Carranza ya nombr\u00f3 en septiembre de 2024 a Carlos Manzano, anterior responsable de real estate del banco, como nuevo consejero delegado de la unidad de inversiones alternativas.<\/p>\n","protected":false},"excerpt":{"rendered":"La gestora de fondos de inversi\u00f3n del grupo Santander, Samantha Ricciardi, ha dimitido tras cuatro a\u00f1os en el&hellip;\n","protected":false},"author":2,"featured_media":273523,"comment_status":"","ping_status":"","sticky":false,"template":"","format":"standard","meta":{"footnotes":""},"categories":[80],"tags":[82,95,94,25,24,23853,38441,921,35201,38442,45639,23],"class_list":{"0":"post-273522","1":"post","2":"type-post","3":"status-publish","4":"format-standard","5":"has-post-thumbnail","7":"category-economia","8":"tag-business","9":"tag-economia","10":"tag-economy","11":"tag-es","12":"tag-espana","13":"tag-fondos-inversion","14":"tag-gestoras-fondos","15":"tag-inversion","16":"tag-inversion-financiera","17":"tag-planes-pensiones","18":"tag-santander-am","19":"tag-spain"},"share_on_mastodon":{"url":"https:\/\/pubeurope.com\/@es\/115670208023987006","error":""},"_links":{"self":[{"href":"https:\/\/www.europesays.com\/es\/wp-json\/wp\/v2\/posts\/273522","targetHints":{"allow":["GET"]}}],"collection":[{"href":"https:\/\/www.europesays.com\/es\/wp-json\/wp\/v2\/posts"}],"about":[{"href":"https:\/\/www.europesays.com\/es\/wp-json\/wp\/v2\/types\/post"}],"author":[{"embeddable":true,"href":"https:\/\/www.europesays.com\/es\/wp-json\/wp\/v2\/users\/2"}],"replies":[{"embeddable":true,"href":"https:\/\/www.europesays.com\/es\/wp-json\/wp\/v2\/comments?post=273522"}],"version-history":[{"count":0,"href":"https:\/\/www.europesays.com\/es\/wp-json\/wp\/v2\/posts\/273522\/revisions"}],"wp:featuredmedia":[{"embeddable":true,"href":"https:\/\/www.europesays.com\/es\/wp-json\/wp\/v2\/media\/273523"}],"wp:attachment":[{"href":"https:\/\/www.europesays.com\/es\/wp-json\/wp\/v2\/media?parent=273522"}],"wp:term":[{"taxonomy":"category","embeddable":true,"href":"https:\/\/www.europesays.com\/es\/wp-json\/wp\/v2\/categories?post=273522"},{"taxonomy":"post_tag","embeddable":true,"href":"https:\/\/www.europesays.com\/es\/wp-json\/wp\/v2\/tags?post=273522"}],"curies":[{"name":"wp","href":"https:\/\/api.w.org\/{rel}","templated":true}]}}