{"id":273549,"date":"2025-12-06T02:43:15","date_gmt":"2025-12-06T02:43:15","guid":{"rendered":"https:\/\/www.europesays.com\/es\/273549\/"},"modified":"2025-12-06T02:43:15","modified_gmt":"2025-12-06T02:43:15","slug":"el-alcalde-pacta-con-la-policia-local-de-sevilla-una-solucion-al-conflicto-por-el-plan-de-navidad","status":"publish","type":"post","link":"https:\/\/www.europesays.com\/es\/273549\/","title":{"rendered":"El alcalde pacta con la Polic\u00eda Local de Sevilla una soluci\u00f3n al conflicto por el Plan de Navidad"},"content":{"rendered":"<p style=\"\">Aproximadamente dos horas y cuarto es el tiempo que ha sido necesario para desbloquear al fin el P<strong>lan de Navidad de la Polic\u00eda Local<\/strong> de Sevilla, marcado por la falta de consenso entre el Ayuntamiento y los sindicatos, la activaci\u00f3n del Plan de Emergencia  &#8230; para convertir los turnos en obligatorios y las ausencias masivas de los agentes, que habr\u00e1n de justificar estas faltas. <\/p>\n<p class=\"voc-p\" style=\"\">Y es que ese ha sido el tiempo durante el que se ha prolongado la reuni\u00f3n celebrada este viernes por el<strong> alcalde, Jos\u00e9 Luis Sanz, y los representantes sindicales de la plantilla<\/strong>, tras la cual el primer edil destacaba la consecuci\u00f3n de un \u00abprincipio de acuerdo para rescatar\u00bb su \u00faltima propuesta, con 5,6 millones de euros destinados a horas extra en los principales d\u00edas de estas fechas; mientras los portavoces de los agentes han aludido a un \u00abprincipio para poder llegar a un acuerdo\u00bb, asegurando que la Polic\u00eda Local va a responder a la \u00abnecesidad\u00bb de sus servicios. <\/p>\n<p class=\"voc-p\" style=\"\">En concreto, tras la citada reuni\u00f3n celebrada en el Ayuntamiento hispalense, primero comparec\u00eda el alcalde y despu\u00e9s los responsables sindicales de la plantilla, que son Santiago Raposo por <strong>CSIF<\/strong>; el secretario general del Sindicato Profesional de Polic\u00edas Municipales de Espa\u00f1a (<strong>Sppme<\/strong>) en el Consistorio, Luis Val; y Roberto Echavarr\u00eda por parte del Sindicato de la Polic\u00eda Local de Sevilla (<strong>SPLS<\/strong>). <\/p>\n<p class=\"voc-p\" style=\"\">En su intervenci\u00f3n, el alcalde ha destacado la \u00abbuena voluntad y buen tono\u00bb del transcurso de la reuni\u00f3n, despu\u00e9s de la tensi\u00f3n desencadenada en este conflicto. Y es que tras la falta de acuerdo para las horas extra del <strong>Plan de Navidad con sus correspondientes retribuciones<\/strong>, el primer edil decret\u00f3 el nivel uno del Plan Municipal de Emergencias, convirtiendo en obligatorios los turnos especiales de la plantilla policial, si bien despu\u00e9s dichos turnos se vieron afectados por las ausencias masivas de los efectivos, por motivos que habr\u00e1n de justificar ante el Consistorio. <\/p>\n<p class=\"voc-p\" style=\"\">En este marco, por cierto, este peri\u00f3dico revelaba la decisi\u00f3n de <strong>Asisa<\/strong> de apartar de sus servicios para la plantilla del Ayuntamiento a un m\u00e9dico, al acumular el mismo <strong>la an\u00f3mala cantidad de 290 de las 605 justificaciones de \u00abd\u00edas malosos\u00bb<\/strong> o incapacidades temporales sin baja laboral, presentadas desde enero por agentes del cuerpo. <\/p>\n<p class=\"voc-p\" style=\"\">El regidor hispalense ha avanzado en sus declaraciones a los medios de comunicaci\u00f3n que fruto de esa <strong>\u00abbuena voluntad\u00bb, ha sido logrado un \u00abprincipio de acuerdo\u00bb para \u00abrescatar\u00bb la \u00faltima propuesta del Gobierno local para el Plan de Navidad<\/strong>, o sea \u00abel mismo\u00bb plan otrora rechazado por los sindicatos, aunque sin alcanzar la cifra inicial de 5,6 millones de euros por el ahorro impl\u00edcito en los d\u00edas ya transcurridos desde que comenzase su fecha de inicio. <\/p>\n<p class=\"voc-title\">La asamblea de trabajadores de la Polic\u00eda Local abordar\u00e1 el plan el martes 9 y si prospera en la mesa de negociaci\u00f3n ser\u00e1 votado en el pleno el d\u00eda 18<\/p>\n<p class=\"voc-p\" style=\"\">A la hora de defender dicha cifra, record\u00e9moslo, Sanz esgrim\u00eda los l\u00edmites legales derivados de los topes de la Intervenci\u00f3n municipal a los nuevos fondos para horas extra en la Polic\u00eda, <strong>despu\u00e9s de que en mayo quedase ya agotada la partida inicial de m\u00e1s de 17 millones de euros, en el marco del incremento del n\u00famero de grandes eventos en la ciudad<\/strong> con la necesidad de movilizar dispositivos policiales para ellos. <\/p>\n<p class=\"voc-p\" style=\"\">La idea, as\u00ed, es que los agentes debatan el asunto en una asamblea fijada para el d\u00eda 9 de diciembre, o sea el martes que viene, para que el mi\u00e9rcoles 10 de diciembre l<strong>a mesa de negociaci\u00f3n del Ayuntamiento<\/strong> recupere el debate sobre la citada propuesta del Gobierno local y, si todo va bien, el documento sea elevado de nuevo al pleno el d\u00eda 18 de diciembre, jueves, de cara a su aplicaci\u00f3n desde el viernes 19 de diciembre. <strong>Hasta entonces, seguir\u00e1 rigiendo el nivel uno del Plan Municipal de Emergencias.<\/strong><\/p>\n<p class=\"voc-p\" style=\"\">En ese sentido, el alcalde ha asegurado que<strong> da \u00abpor hecho\u00bb que los grupos de oposici\u00f3n, que son el PSOE, Vox y Podemos-IU, dar\u00e1n esta vez s\u00ed su apoyo al documento<\/strong>, despu\u00e9s de que d\u00edas atr\u00e1s lo tumbasen a cuenta del rechazo previo en la mesa de negociaci\u00f3n por parte de las secciones sindicales.<\/p>\n<p class=\"voc-p\" style=\"\">Para la consecuci\u00f3n de este principio de acuerdo, seg\u00fan el alcalde, ha pesado e<strong>l compromiso de imprimir un \u00abaceler\u00f3n a cosas que ya estaban en marcha\u00bb, en alusi\u00f3n a las relaci\u00f3n de puestos de trabajo (RPT), la Valoraci\u00f3n de Puestos de Trabajo (VPT)<\/strong> y un reglamento para el cual habr\u00e1 de mediar consenso sindical antes de que acabe enero. De cara a este fin de semana, Sanz conf\u00eda as\u00ed en la \u00abprofesionalidad y vocaci\u00f3n de servicio p\u00fablico\u00bb de la plantilla de la Polic\u00eda Local.<\/p>\n<p class=\"voc-p\" style=\"\">Los portavoces sindicales, de su lado, han confirmado un importante \u00abacercamiento\u00bb pero <strong>han preferido hablar de \u00abprincipio para poder llegar a un acuerdo\u00bb<\/strong>, como ha manifestado Luis Val, asegurando que los representantes de la plantilla han cosechado \u00abavances\u00bb para la RPT o la VPT aunque no todos los deseados; adem\u00e1s de reconocer la \u00abnecesidad\u00bb del alcalde de contar con efectivos suficientes para los \u00abd\u00edas m\u00e1s fuertes\u00bb de la Navidad, o sea que se cumplan los turnos.<\/p>\n<p class=\"voc-p\" style=\"\">Santiago Raposo ha apostado igualmente por <strong>\u00abno tirar cohetes\u00bb, pero ha se\u00f1alado que ha quedado de relieve que \u00abla ciudad necesita a su Polic\u00eda Local y ah\u00ed va a estar\u00bb la plantilla<\/strong>; mientras Roberto Echevarr\u00eda ha asegurado que los sindicatos siguen defendiendo que \u00abel plan de la Navidad debe ser continuado y no intermitente\u00bb, exponiendo que todas las partes han coincidido en<strong> \u00abreforzar ciertos d\u00edas m\u00e1s complicados, para que no haya jornadas con menos personal\u00bb.<\/strong><\/p>\n<p>\nLa clave del gran n\u00famero de eventos\n<\/p>\n<p class=\"voc-p\" style=\"\">Y una vez m\u00e1s, los portavoces sindicales han avisado de que \u00abno hay plantilla para la cantidad de eventos\u00bb p\u00fablicos que acoge la ciudad con sus necesarios despliegues en materia de prevenci\u00f3n y tr\u00e1fico, porque una de las claves del asunto es el auge de salidas de hermandades, espect\u00e1culos, conciertos, competiciones deportivas y dem\u00e1s eventos; mientras<strong> el cuerpo de Polic\u00eda Local cuenta con apenas \u00ab800 efectivos de calle\u00bb, seg\u00fan los sindicatos.<\/strong><\/p>\n<p class=\"voc-p\" style=\"\">Otro aspecto abordado en la comparecencia de los sindicatos ha sido sus recursos judiciales contra el decreto del alcalde activando el nivel uno del Plan de Emergencias, haciendo obligatorios los turnos de los servicios especiales que la plantilla no aceptaba, marcados despu\u00e9s por las ausencias masivas. El <strong>Juzgado de lo Contencioso Administrativo n\u00famero uno<\/strong> de Sevilla, seg\u00fan Luis Val, ha unificado los tres recursos y resolver\u00e1 \u00abdespu\u00e9s del puente\u00bb su petici\u00f3n de suspensi\u00f3n cautelar de la medida, por posible vulneraci\u00f3n de derechos fundamentales al imponer unas condiciones de trabajo ajenas a la negociaci\u00f3n colectiva.<strong\/><\/p>\n","protected":false},"excerpt":{"rendered":"Aproximadamente dos horas y cuarto es el tiempo que ha sido necesario para desbloquear al fin el Plan&hellip;\n","protected":false},"author":2,"featured_media":273550,"comment_status":"","ping_status":"","sticky":false,"template":"","format":"standard","meta":{"footnotes":""},"categories":[8],"tags":[1201,17,18,11500,25,24,13,14,11,19,20,2552,2951,9,10,15,16,4766,2568,586,1171,15428,23,12,21,22],"class_list":{"0":"post-273549","1":"post","2":"type-post","3":"status-publish","4":"format-standard","5":"has-post-thumbnail","7":"category-espana","8":"tag-alcalde","9":"tag-breaking-news","10":"tag-breakingnews","11":"tag-conflicto","12":"tag-es","13":"tag-espana","14":"tag-featured-news","15":"tag-featurednews","16":"tag-headlines","17":"tag-latest-news","18":"tag-latestnews","19":"tag-local","20":"tag-navidad","21":"tag-news","22":"tag-noticias","23":"tag-noticias-destacadas","24":"tag-noticiasdestacadas","25":"tag-pacta","26":"tag-plan","27":"tag-policia","28":"tag-sevilla","29":"tag-solucion","30":"tag-spain","31":"tag-titulares","32":"tag-ultimas-noticias","33":"tag-ultimasnoticias"},"share_on_mastodon":{"url":"https:\/\/pubeurope.com\/@es\/115670326196889710","error":""},"_links":{"self":[{"href":"https:\/\/www.europesays.com\/es\/wp-json\/wp\/v2\/posts\/273549","targetHints":{"allow":["GET"]}}],"collection":[{"href":"https:\/\/www.europesays.com\/es\/wp-json\/wp\/v2\/posts"}],"about":[{"href":"https:\/\/www.europesays.com\/es\/wp-json\/wp\/v2\/types\/post"}],"author":[{"embeddable":true,"href":"https:\/\/www.europesays.com\/es\/wp-json\/wp\/v2\/users\/2"}],"replies":[{"embeddable":true,"href":"https:\/\/www.europesays.com\/es\/wp-json\/wp\/v2\/comments?post=273549"}],"version-history":[{"count":0,"href":"https:\/\/www.europesays.com\/es\/wp-json\/wp\/v2\/posts\/273549\/revisions"}],"wp:featuredmedia":[{"embeddable":true,"href":"https:\/\/www.europesays.com\/es\/wp-json\/wp\/v2\/media\/273550"}],"wp:attachment":[{"href":"https:\/\/www.europesays.com\/es\/wp-json\/wp\/v2\/media?parent=273549"}],"wp:term":[{"taxonomy":"category","embeddable":true,"href":"https:\/\/www.europesays.com\/es\/wp-json\/wp\/v2\/categories?post=273549"},{"taxonomy":"post_tag","embeddable":true,"href":"https:\/\/www.europesays.com\/es\/wp-json\/wp\/v2\/tags?post=273549"}],"curies":[{"name":"wp","href":"https:\/\/api.w.org\/{rel}","templated":true}]}}