{"id":273557,"date":"2025-12-06T02:54:12","date_gmt":"2025-12-06T02:54:12","guid":{"rendered":"https:\/\/www.europesays.com\/es\/273557\/"},"modified":"2025-12-06T02:54:12","modified_gmt":"2025-12-06T02:54:12","slug":"chris-pratt-descubrira-de-la-mano-de-paula-ortiz-los-secretos-de-la-tumba-de-san-pedro","status":"publish","type":"post","link":"https:\/\/www.europesays.com\/es\/273557\/","title":{"rendered":"Chris Pratt descubrir\u00e1 de la mano de Paula Ortiz los secretos de la tumba de San Pedro"},"content":{"rendered":"<p style=\"\"><strong>Chris Pratt<\/strong>, una de las estrellas m\u00e1s reconocibles de Hollywood, ha dejado por unos d\u00edas los focos y los grandes decorados para adentrarse en un escenario muy distinto, cargado de memoria: las entra\u00f1as, el subterr\u00e1neo de la Bas\u00edlica de San Pedro. All\u00ed, entre pasadizos  &#8230; estrechos y muros que rezuman historia, rueda a las \u00f3rdenes de <a href=\"https:\/\/www.abc.es\/cultura\/cultural\/paula-ortiz-espiritualidad-palabra-muchisimo-miedo-20231019232922-nt.html\" target=\"_self\" data-voc-vtm-id=\"in-text-traffic\" title=\"Paula Ortiz\" data-mrf-link=\"www.abc.es\" rel=\"nofollow noopener\">Paula Ortiz<\/a> un documental que quiere acercar al gran p\u00fablico, con una mirada nueva, la historia de la tumba del ap\u00f3stol Pedro. La producci\u00f3n -un trabajo conjunto de Vatican Media, la F\u00e1brica de San Pedro y la espa\u00f1ola AF Films- ver\u00e1 la luz en 2026, coincidiendo con los <strong>cuatrocientos a\u00f1os<\/strong> de la consagraci\u00f3n de la actual Bas\u00edlica.<\/p>\n<p class=\"voc-p\" style=\"\">El propio Pratt, que nunca ha ocultado su fe cristiana, reconoce que el proyecto le ha sorprendido y sobrecogido. Caminar bajo el peso de veinte siglos de historia, entre muros que a\u00fan conservan huellas de quienes veneraron a Pedro en los primeros tiempos del cristianismo, ofrece una experiencia \u00fanica. Es una puerta que muy raramente se abre a las c\u00e1maras. \u00abEs un <strong>honor extraordinario<\/strong>. La historia de San Pedro es fundamental para la fe cristiana, y estoy profundamente agradecido por la confianza y el acceso que se me ha concedido para ayudar a llevar su legado a la pantalla\u00bb, confesaba el propio Pratt a los medios, visiblemente emocionado.<\/p>\n<p class=\"voc-p\" style=\"\">Si la presencia de Chris Pratt asegura el impacto medi\u00e1tico global, la elecci\u00f3n de la persona que dirigir\u00e1 este proyecto sin precedentes tendr\u00e1 una profunda sensibilidad art\u00edstica. Se trata de la realizadora, guionista y productora espa\u00f1ola<strong> Paula Ortiz<\/strong>, que salt\u00f3 a la primera l\u00ednea del cine con &#8216;De tu ventana a la m\u00eda&#8217;. Su consagraci\u00f3n fue con &#8216;La novia&#8217; (2015), una adaptaci\u00f3n libre de &#8216;Bodas de sangre&#8217;, de Federico Garc\u00eda Lorca, con la que logr\u00f3 doce nominaciones para los Goya. Su cine no se limita a contar hechos; busca la belleza en cada encuadre. Recientemente, ha explorado la figura de Santa Teresa de Jes\u00fas en la pel\u00edcula &#8216;Teresa&#8217; (2023), lo que demuestra su familiaridad y sensibilidad para abordar tem\u00e1ticas espirituales y m\u00edsticas sin caer en los t\u00f3picos.<\/p>\n<p>\nEn busca del sepulcro\n<\/p>\n<p class=\"voc-p\" style=\"\">El filme, con guion del experto vaticanista <strong>Andrea Tornielli<\/strong>, se adentra en el pescador de Galilea que, seg\u00fan la tradici\u00f3n, encontr\u00f3 en Roma su \u00faltimo destino. Las fuentes antiguas sit\u00faan su martirio en la colina del Vaticano, en la \u00e9poca de Ner\u00f3n. All\u00ed fue enterrado discretamente, en un peque\u00f1o sepulcro que, con el paso de los a\u00f1os, empez\u00f3 a atraer a quienes quer\u00edan reposar junto al l\u00edder espiritual de la comunidad cristiana.<\/p>\n<p class=\"voc-p\" style=\"\">Ese deseo dej\u00f3 una <strong>huella f\u00edsica<\/strong> que a\u00fan hoy puede recorrerse: dentro de la necr\u00f3polis se conservan mausoleos familiares, frescos, mosaicos, nombres grabados en m\u00e1rmol y sencillas inscripciones que hablan de la vida cotidiana de los primeros creyentes. Son espacios diminutos, a veces apenas iluminados, pero cargados de una fuerza que sorprende por su autenticidad. Chris Pratt guiar\u00e1 al espectador por ese escenario.<\/p>\n<p class=\"voc-p\" style=\"\">Con el tiempo, la fama del lugar fue creciendo. Y en el siglo IV, cuando el <strong>Emperador Constantino<\/strong> decidi\u00f3 levantar la primera gran bas\u00edlica cristiana, orden\u00f3 nivelar la colina y construir el templo exactamente sobre ese punto de veneraci\u00f3n. La tumba, protegida durante siglos, qued\u00f3 en el coraz\u00f3n del edificio. Esa elecci\u00f3n marc\u00f3 para siempre la arquitectura del Vaticano: todav\u00eda hoy, el altar mayor de la Bas\u00edlica de San Pedro se alza justo encima de ese emplazamiento.<\/p>\n<p>\nNecr\u00f3polis\n<\/p>\n<p class=\"voc-p\" style=\"\">Aunque la tradici\u00f3n manten\u00eda viva la memoria del lugar, la arqueolog\u00eda no entr\u00f3 realmente en juego hasta el siglo XX. En 1939 comenzaron <strong>excavaciones que revelaron la necr\u00f3polis<\/strong> casi intacta. Aquellos trabajos, envueltos en discreci\u00f3n por la guerra, condujeron en 1950 al anuncio del <a href=\"https:\/\/www.abc.es\/historia\/misterio-restos-san-pedro-busco-tumba-primer-20250420043301-nt.html\" target=\"_self\" data-voc-vtm-id=\"in-text-traffic\" title=\"Papa P\u00edo XII\" data-mrf-link=\"www.abc.es\" rel=\"nofollow noopener\">Papa P\u00edo XII<\/a>: se hab\u00eda localizado la zona del sepulcro atribuida a Pedro.<\/p>\n<p class=\"voc-p\" style=\"\">La historia tuvo un nuevo cap\u00edtulo en los a\u00f1os 60, cuando estudios posteriores permitieron identificar restos humanos que, seg\u00fan varios an\u00e1lisis, podr\u00edan corresponder al ap\u00f3stol. <strong>Pablo VI<\/strong>, en 1968, declar\u00f3 con emoci\u00f3n contenida que se hab\u00edan encontrado los restos mortales del Ap\u00f3stol: \u00abLas reliquias de Pedro -dijo el Papa- han sido identificadas de un modo que podemos considerar convincente. Tenemos motivos para creer que se han hallado los pocos, pero sacrosantos, restos mortales del Pr\u00edncipe de los Ap\u00f3stoles\u00bb. Desde entonces, la investigaci\u00f3n ha continuado, y aunque no todos los especialistas coinciden en cada detalle, el consenso sobre la ubicaci\u00f3n de la tumba es firme.<\/p>\n<p class=\"voc-p\" style=\"\">Ese di\u00e1logo entre ciencia, tradici\u00f3n y memoria es uno de los ejes del documental. No se trata solo de mostrar huesos o piedras antiguas, sino de contar c\u00f3mo <strong>generaciones enteras<\/strong> han buscado, en un mismo punto de Roma, el hilo que los une con el primer l\u00edder de la Iglesia.<\/p>\n<p class=\"voc-p\" style=\"\">El estreno, previsto para 2026, coincidir\u00e1 con las celebraciones del cuarto centenario de la bas\u00edlica. Y aspira a algo m\u00e1s que a ense\u00f1ar im\u00e1genes singulares: De la mano de Pratt y de la zaragozana Ortiz se quiere devolver al espectador la <strong>sensaci\u00f3n de misterio, de humildad y de grandeza<\/strong> que se experimenta al bajar por los pasillos silenciosos donde, seg\u00fan la tradici\u00f3n, reposa Pedro. Un viaje que promete emocionar tanto al creyente como al mero espectador curioso e interesado en la historia y el arte.<\/p>\n","protected":false},"excerpt":{"rendered":"Chris Pratt, una de las estrellas m\u00e1s reconocibles de Hollywood, ha dejado por unos d\u00edas los focos y&hellip;\n","protected":false},"author":2,"featured_media":273558,"comment_status":"","ping_status":"","sticky":false,"template":"","format":"standard","meta":{"footnotes":""},"categories":[174],"tags":[255,2242,42777,146,147,25,24,256,3238,5971,8464,1822,66932,2228,8316,23,18158],"class_list":{"0":"post-273557","1":"post","2":"type-post","3":"status-publish","4":"format-standard","5":"has-post-thumbnail","7":"category-famosos","8":"tag-celebrities","9":"tag-chris","10":"tag-descubrira","11":"tag-entertainment","12":"tag-entretenimiento","13":"tag-es","14":"tag-espana","15":"tag-famosos","16":"tag-mano","17":"tag-ortiz","18":"tag-paula","19":"tag-pedro","20":"tag-pratt","21":"tag-san","22":"tag-secretos","23":"tag-spain","24":"tag-tumba"},"share_on_mastodon":{"url":"https:\/\/pubeurope.com\/@es\/115670369135829779","error":""},"_links":{"self":[{"href":"https:\/\/www.europesays.com\/es\/wp-json\/wp\/v2\/posts\/273557","targetHints":{"allow":["GET"]}}],"collection":[{"href":"https:\/\/www.europesays.com\/es\/wp-json\/wp\/v2\/posts"}],"about":[{"href":"https:\/\/www.europesays.com\/es\/wp-json\/wp\/v2\/types\/post"}],"author":[{"embeddable":true,"href":"https:\/\/www.europesays.com\/es\/wp-json\/wp\/v2\/users\/2"}],"replies":[{"embeddable":true,"href":"https:\/\/www.europesays.com\/es\/wp-json\/wp\/v2\/comments?post=273557"}],"version-history":[{"count":0,"href":"https:\/\/www.europesays.com\/es\/wp-json\/wp\/v2\/posts\/273557\/revisions"}],"wp:featuredmedia":[{"embeddable":true,"href":"https:\/\/www.europesays.com\/es\/wp-json\/wp\/v2\/media\/273558"}],"wp:attachment":[{"href":"https:\/\/www.europesays.com\/es\/wp-json\/wp\/v2\/media?parent=273557"}],"wp:term":[{"taxonomy":"category","embeddable":true,"href":"https:\/\/www.europesays.com\/es\/wp-json\/wp\/v2\/categories?post=273557"},{"taxonomy":"post_tag","embeddable":true,"href":"https:\/\/www.europesays.com\/es\/wp-json\/wp\/v2\/tags?post=273557"}],"curies":[{"name":"wp","href":"https:\/\/api.w.org\/{rel}","templated":true}]}}