{"id":273578,"date":"2025-12-06T03:16:06","date_gmt":"2025-12-06T03:16:06","guid":{"rendered":"https:\/\/www.europesays.com\/es\/273578\/"},"modified":"2025-12-06T03:16:06","modified_gmt":"2025-12-06T03:16:06","slug":"vota-debe-repetir-queipo-de-titular-en-el-sporting-elige-tu-11-para-ganar-a-la-real-sociedad-b-la-voz-de-asturias","status":"publish","type":"post","link":"https:\/\/www.europesays.com\/es\/273578\/","title":{"rendered":"Vota: \u00bfDebe repetir Queipo de titular en el Sporting? Elige tu 11 para ganar a la Real Sociedad B &#8211; La Voz de Asturias"},"content":{"rendered":"<ol>\n<li><a href=\"https:\/\/news.google.com\/rss\/articles\/CBMi_gFBVV95cUxPVEsyeE9ocmk5VmliczBEUUZ2V1ZXYmdKb25NTGdMV0M4NFZMcUpabTgzVzlCc25VY29wNVJQT0pxOE5rQ1oya3hyUXc0aWdQTHZkNlQydjRVZ0pSV0VTZjY2UEtTYXdHMEUzSjNvbTk3UlFuN2xVU3dpNzA2ZEV2NUNINTd6VHNFNk9MYUVQVmtUY0VuZWhQb3JTM3VzV1J5YzlkOWhWZVA0VnBnWURVRHZqeF9KMkZpMHJKWjdmYkxILVQ3SFBQY3oyMjNaWEsyZXBjLWJPRjF5eFp6VGs1aFMxazBDOVJHa1E5SWtQaE9kckozWlB4U1VCS2E3d9IBmgJBVV95cUxQNVRZbjcxclNKZVI5M3Rwa1ZJRDBIaExsVTdESGdXa19yaWUwZC0wNjlkcGFZWUhKMlJLU1ZIN1FxZXZGZlpZRkh0cXdfMTR3OFVZdlN3RlF0RjBFTUNTUEpZWUFvM3MwVFRXYm9JMGFKVmFHdWJqMmMtY0xRRk9ILWNRQjNOUWIyenFZM1cxM0Zadm00dW81UzNPakt1YW5OVm9FUEhhRWZ6SUZiUHVOUHFlZmY1bG91bUdpTE1iRE84YWNLb2NvbTVOZGJyV0JIN2pJcjRudjUzNG53U196UnVxQzZpZUxqcGV0NWxBTHlHSzBmRmYzM2NnakxfNjJ2YV8wcWxHVmFPOUpKU0pNRlc4M094eHVrcFE?oc=5\" target=\"_blank\" rel=\"nofollow noopener\">Vota: \u00bfDebe repetir Queipo de titular en el Sporting? Elige tu 11 para ganar a la Real Sociedad B<\/a>&nbsp;&nbsp;La Voz de Asturias<\/li>\n<li><a href=\"https:\/\/news.google.com\/rss\/articles\/CBMiqAFBVV95cUxPb09lejB4S1lmcTlqeTFjZEluNkdEeDVMR0RqSU56Vlo3eXpuMEkwWko1YXJ3YURKTER2SkFXaklFc21YdE4yVjVXTVF2Y0xrZUNLNHlNdi00SmZGemlMMHhlV0tnZWs2REctMVZNV3c3UWduLXdnaXdiNFZDcHlCTUFhRWJKX0Y0YVRuQ0QxTkdzU3NocnY3R1pDRTJHTUZMazZHdGFMY1bSAbwBQVVfeXFMTlU0Snh6TUpfRHdFUVd3akl0TzZCenBlU1I1b2Y5VU1GUWh3M19tZmZZNlEyZE1jeW1RWld2X3RiSmRsYndjSmtISlAzSFVYX2NlblZ2OTlLNFBXZWJnUEJtNV9iajhuVi14M3hIT19uTDdYZHVUa3dJWDdTYlVMLVI4eDhtQlRLeUxoZGpZT2VnaHVTMzdQM2hEc1pTZlRKTE44VkRnVUpaTmpINFNvcFZ1bU9LdHgzZ2tGVVE?oc=5\" target=\"_blank\" rel=\"nofollow noopener\">Borja Jim\u00e9nez: \u201cNos enfrentamos al mejor local; ser\u00e1 un partido muy dif\u00edcil\u201d<\/a>&nbsp;&nbsp;Diario AS<\/li>\n<li><a href=\"https:\/\/news.google.com\/rss\/articles\/CBMibEFVX3lxTE5FWVQxbW54NHpLd3NSWWJrdmpfY1E1SlJBZktLeVMxUUhZdGQ2X0w4VEc2R0hybkh2VkM2VEhZemZYUlpvMXVCcGhISVAzMFlMZFZiUkRnWVhaNUZVWndJbzZYNG9VWGpvbXg5SQ?oc=5\" target=\"_blank\" rel=\"nofollow noopener\">El equipo, preparado<\/a>&nbsp;&nbsp;Real Sporting<\/li>\n<li><a href=\"https:\/\/news.google.com\/rss\/articles\/CBMisgJBVV95cUxORVgyUG9zVVNMSV8tWUVzQno1anVkWk1Mbkp3ODYtTXRiMjJPZVNKNWJoeXBaUjhqYk5ITkpLMG51MU9CZHJDeDBuR0Y5a0pzX3dsZ08wdWpNZ2hBZHUyaFR3WlVLcU1HWURoRWlkUWM0N2VFY1dLdWJ2Q293NEJBelNYZWJXUk1WNVVGWG1SdmtlYnhqcXc1dTdyYm5lNUNQQjJ3Y0ZtQWZBX1EzNXNoUTJXZzhSQUZ1ekh3R25uZzBDRkY0TjNKN0tWSm03WGltNnFtYWV5OFdrdGYzWVlQOXBYaEFUNTYzQzJKNDhNMlpxVjBVOGVTeGxfZWhmanZwUTJ6S3RSa2NOeWNKMHNXQTJ0R2NUTWRyaVY2LTY4eldXbEtidHkwOWJLNXlXMG01UGfSAc4CQVVfeXFMUC10NDRZdlNTbDZRRHhnOGJVS1o1Y0ZKOHk4WUxETDhYQWpRZGdvSC0yVUZsaUctbDdkX3Y0T3VMSDhTaklNUjFYVkY0bDRvWDlvUmx4S1E2SFk5TlprRHBvVGpDVVVkNmctLWtlTENWVS1PelJHZlhxTm50OVQ5NWxWcFdHZU9OZy01Y3h6dFlzb0dhdERfc1ZCRTVfN3ZMREFrS2s5WnR1OFBXQW5pNDB4X3MyeUNzclhobnFhdjQ3WVJFOGVHX1JmQnZEMDZTYUtnN1ZycUludVNMRnNPdXdPN2V0WGZiRzAyQjBTcjFqaEJPX0d5RWNQTkViN2x0ajVuQVdGczRKMVZ3dVJ0UjRwUm5EVlNHSmd5eDNIQzJZWFRYYlYwUm1DeEppUXVxR3lFd2dGUTlreGhDTksycXBHR0IxeW93eWZGcW50QQ?oc=5\" target=\"_blank\" rel=\"nofollow noopener\">Borja no valora ceder a Queipo por ahora, da opciones de titular a Cort\u00e9s y apuesta por la Mareona: \u00abSe escuchar\u00e1 m\u00e1s a nuestra afici\u00f3n en Anoeta\u00bb<\/a>&nbsp;&nbsp;La Voz de Asturias<\/li>\n<li><a href=\"https:\/\/news.google.com\/rss\/articles\/CBMilgFBVV95cUxPaXZaUDFaUGQ1TDZIdlpWZUJqUzJjOXNjUlNEQ1g2ZGlrNkJldU9iU3hvSjJvQjh0VTZMS1Vfd0RSbG5oV3ZtdFBNOUp6TzRob0dxR19VVDFsMnZRUGxwNUdUclpNYktUYmFuNFpTbTYxNTVVSXY4bjlQRlNDMkhDc3Vrd0hqcWV2TTI0N2V3Y1pxdUFQNFHSAZsBQVVfeXFMTVJINlRvc01GaGE5Tzl0Z2NKSDQxVU1nalpOVm10NWkxVHdvdGZhc25qVktSRGlxLUYxNFhPOEJXcXpHTjdTS1ZWSVVmNXNITWRVUEtibS1CSlluX2Z2MGlIcHZOcnpKTzV1YmgtRG5DTHUxWGRMX3RGUEFQcldETWN1dTUzQUJyc1RXNVB3WUF0QUFBNzlJYkU3eXc?oc=5\" target=\"_blank\" rel=\"nofollow noopener\">Anoeta mide el despertar del Sporting: previa y posibles alineaciones del partido ante la Real B<\/a>&nbsp;&nbsp;LNE<\/li>\n<\/ol>\n","protected":false},"excerpt":{"rendered":"Vota: \u00bfDebe repetir Queipo de titular en el Sporting? Elige tu 11 para ganar a la Real Sociedad&hellip;\n","protected":false},"author":2,"featured_media":248356,"comment_status":"","ping_status":"","sticky":false,"template":"","format":"standard","meta":{"footnotes":""},"categories":[268],"tags":[168,25,24,280,282,281,23,167],"class_list":{"0":"post-273578","1":"post","2":"type-post","3":"status-publish","4":"format-standard","5":"has-post-thumbnail","7":"category-futbol","8":"tag-deportes","9":"tag-es","10":"tag-espana","11":"tag-football","12":"tag-futbol","13":"tag-soccer","14":"tag-spain","15":"tag-sports"},"share_on_mastodon":{"url":"https:\/\/pubeurope.com\/@es\/115670455705171727","error":""},"_links":{"self":[{"href":"https:\/\/www.europesays.com\/es\/wp-json\/wp\/v2\/posts\/273578","targetHints":{"allow":["GET"]}}],"collection":[{"href":"https:\/\/www.europesays.com\/es\/wp-json\/wp\/v2\/posts"}],"about":[{"href":"https:\/\/www.europesays.com\/es\/wp-json\/wp\/v2\/types\/post"}],"author":[{"embeddable":true,"href":"https:\/\/www.europesays.com\/es\/wp-json\/wp\/v2\/users\/2"}],"replies":[{"embeddable":true,"href":"https:\/\/www.europesays.com\/es\/wp-json\/wp\/v2\/comments?post=273578"}],"version-history":[{"count":0,"href":"https:\/\/www.europesays.com\/es\/wp-json\/wp\/v2\/posts\/273578\/revisions"}],"wp:featuredmedia":[{"embeddable":true,"href":"https:\/\/www.europesays.com\/es\/wp-json\/wp\/v2\/media\/248356"}],"wp:attachment":[{"href":"https:\/\/www.europesays.com\/es\/wp-json\/wp\/v2\/media?parent=273578"}],"wp:term":[{"taxonomy":"category","embeddable":true,"href":"https:\/\/www.europesays.com\/es\/wp-json\/wp\/v2\/categories?post=273578"},{"taxonomy":"post_tag","embeddable":true,"href":"https:\/\/www.europesays.com\/es\/wp-json\/wp\/v2\/tags?post=273578"}],"curies":[{"name":"wp","href":"https:\/\/api.w.org\/{rel}","templated":true}]}}