{"id":273581,"date":"2025-12-06T03:20:16","date_gmt":"2025-12-06T03:20:16","guid":{"rendered":"https:\/\/www.europesays.com\/es\/273581\/"},"modified":"2025-12-06T03:20:16","modified_gmt":"2025-12-06T03:20:16","slug":"platonico-renueva-por-una-tercera-temporada-en-apple-tv","status":"publish","type":"post","link":"https:\/\/www.europesays.com\/es\/273581\/","title":{"rendered":"&#8216;Plat\u00f3nico&#8217; renueva por una tercera temporada en Apple TV"},"content":{"rendered":"<p>\n\t\t  Por <b>Alejandro Rodera<\/b> |\u00a0<br \/>\n\t\t  Publicado: <b>Viernes  5 Diciembre 2025 16:09 (hace 12 horas)<\/b>\n\t\t  \t\t<\/p>\n<p>Apple TV no se ha olvidado de una de sus comedias originales m\u00e1s aclamadas. Pese a haber vivido dos meses de incertidumbre desde el final de su segunda temporada, <b>&#8216;<a href=\"https:\/\/www.formulatv.com\/series\/platonico\/\" rel=\"nofollow noopener\" target=\"_blank\">Plat\u00f3nico<\/a>&#8216; finalmente ha recibido un veredicto con respecto a su futuro<\/b> y, afortunadamente, esa sentencia ha sido positiva, ya que la plataforma de la manzana mordida <b>ha optado por renovar la ficci\u00f3n por una tercera entrega<\/b>.<\/p>\n<p>\u00abNo podr\u00edamos estar m\u00e1s emocionados de volver al mundo de &#8216;Plat\u00f3nico&#8217; <b>con nuestros incre\u00edbles colaboradores<\/b>, Rose y Seth, y con Sony y Apple\u00bb, han expresado los cocreadores Nicholas Stoller y Francesca Delbanco. De este modo, los responsables creativos <b>confirman el regreso de la dupla protagonista, formada por <a href=\"https:\/\/www.formulatv.com\/personas\/rose-byrne\/\" rel=\"nofollow noopener\" target=\"_blank\">Rose Byrne<\/a> y <a href=\"https:\/\/www.formulatv.com\/personas\/seth-rogen\/\" rel=\"nofollow noopener\" target=\"_blank\">Seth Rogen<\/a><\/b>, que ha sido el epicentro narrativo de la serie desde su estreno.<\/p>\n<p><img loading=\"lazy\" class=\"stpi\" alt=\"Seth Rogen en la segunda temporada de 'Plat\u00f3nico'\" src=\"https:\/\/www.europesays.com\/es\/wp-content\/uploads\/2025\/12\/1_i1qFm72avtzoR9g0Es8HPW46LekU3YNBc.jpg\" width=\"2000\" height=\"1400\"   decoding=\"async\"\/>Seth Rogen en la segunda temporada de &#8216;Plat\u00f3nico&#8217;<\/p>\n<p>Sus personajes, Sylvia y Will, han pasado por diversas crisis a lo largo de estas dos primeras temporadas y, al mismo tiempo, <b>su amistad ha pasado por varios baches<\/b>. Aun as\u00ed, la conexi\u00f3n entre ambos es el principal motor del proyecto, que se toma con humor <b>la crisis de la mediana edad de dos personajes tan dispares como similares<\/b>. El reparto principal lo completan <a href=\"https:\/\/www.formulatv.com\/personas\/luke-macfarlane\/\" rel=\"nofollow noopener\" target=\"_blank\">Luke Macfarlane<\/a> y <a href=\"https:\/\/www.formulatv.com\/personas\/carla-gallo\/\" rel=\"nofollow noopener\" target=\"_blank\">Carla Gallo<\/a>, mientras que <a href=\"https:\/\/www.formulatv.com\/personas\/aidy-bryant\/\" rel=\"nofollow noopener\" target=\"_blank\">Aidy Bryant<\/a>, <a href=\"https:\/\/www.formulatv.com\/personas\/kyle-mooney\/\" rel=\"nofollow noopener\" target=\"_blank\">Kyle Mooney<\/a>, Beck Bennett y <a href=\"https:\/\/www.formulatv.com\/personas\/milo-manheim\/\" rel=\"nofollow noopener\" target=\"_blank\">Milo Manheim<\/a> han sido las estrellas invitadas de la segunda tanda.<\/p>\n<p>\u00abNick y Francesca lograron la rara haza\u00f1a de llevar la serie a otro nivel en la segunda temporada y, junto con nuestros socios en Sony, <b>estamos deseando ver qu\u00e9 preparan para la tercera<\/b>\u00ab, ha a\u00f1adido Matt Cherniss, responsable de Programaci\u00f3n de Apple TV. As\u00ed pues, &#8216;Plat\u00f3nico&#8217; tendr\u00e1 una tercera cita con el p\u00fablico y avanzar\u00e1 en un rumbo que sus creadores ni siquiera se plantearon al comienzo, ya que <b>el plan original era acometer una antolog\u00eda que explorar\u00eda la amistad entre hombres y mujeres<\/b> en diferentes \u00e9pocas y con diferentes personajes e int\u00e9rpretes.<img loading=\"lazy\" class=\"stpi\" alt=\"Rose Byrne es Sylvia en 'Plat\u00f3nico', la comedia original de Apple TV\" src=\"https:\/\/www.europesays.com\/es\/wp-content\/uploads\/2025\/12\/2_i1qFm72avtzoR9g0Es8HPW46LekU3YNBc.jpg\" width=\"2000\" height=\"1400\"   decoding=\"async\"\/>Rose Byrne es Sylvia en &#8216;Plat\u00f3nico&#8217;, la comedia original de Apple TVOtra renovaci\u00f3n de Apple<\/p>\n<p>Adem\u00e1s de anunciar la renovaci\u00f3n de &#8216;Plat\u00f3nico&#8217; por una tercera temporada, <b>Apple TV ha confirmado que &#8216;<a href=\"https:\/\/www.formulatv.com\/series\/tehran\/\" rel=\"nofollow noopener\" target=\"_blank\">Teher\u00e1n<\/a>&#8216; contar\u00e1 con una cuarta<\/b>. El thriller de espionaje creado por Dana Eden, Moshe Zonder y Maor Kohn todav\u00eda tiene pendiente el estreno de su tercera entrega, que <b>tendr\u00e1 lugar el 9 de enero y se ir\u00e1 desplegando viernes a viernes hasta el 27 de febrero<\/b>. Entre sus novedades se incluye la incorporaci\u00f3n de <a href=\"https:\/\/www.formulatv.com\/personas\/hugh-laurie\/\" rel=\"nofollow noopener\" target=\"_blank\">Hugh Laurie<\/a>, el eterno doctor House.<\/p>\n","protected":false},"excerpt":{"rendered":"Por Alejandro Rodera |\u00a0 Publicado: Viernes 5 Diciembre 2025 16:09 (hace 12 horas) Apple TV no se ha&hellip;\n","protected":false},"author":2,"featured_media":273582,"comment_status":"","ping_status":"","sticky":false,"template":"","format":"standard","meta":{"footnotes":""},"categories":[171],"tags":[146,147,25,24,23,214],"class_list":{"0":"post-273581","1":"post","2":"type-post","3":"status-publish","4":"format-standard","5":"has-post-thumbnail","7":"category-tv","8":"tag-entertainment","9":"tag-entretenimiento","10":"tag-es","11":"tag-espana","12":"tag-spain","13":"tag-tv"},"share_on_mastodon":{"url":"https:\/\/pubeurope.com\/@es\/115670471855625475","error":""},"_links":{"self":[{"href":"https:\/\/www.europesays.com\/es\/wp-json\/wp\/v2\/posts\/273581","targetHints":{"allow":["GET"]}}],"collection":[{"href":"https:\/\/www.europesays.com\/es\/wp-json\/wp\/v2\/posts"}],"about":[{"href":"https:\/\/www.europesays.com\/es\/wp-json\/wp\/v2\/types\/post"}],"author":[{"embeddable":true,"href":"https:\/\/www.europesays.com\/es\/wp-json\/wp\/v2\/users\/2"}],"replies":[{"embeddable":true,"href":"https:\/\/www.europesays.com\/es\/wp-json\/wp\/v2\/comments?post=273581"}],"version-history":[{"count":0,"href":"https:\/\/www.europesays.com\/es\/wp-json\/wp\/v2\/posts\/273581\/revisions"}],"wp:featuredmedia":[{"embeddable":true,"href":"https:\/\/www.europesays.com\/es\/wp-json\/wp\/v2\/media\/273582"}],"wp:attachment":[{"href":"https:\/\/www.europesays.com\/es\/wp-json\/wp\/v2\/media?parent=273581"}],"wp:term":[{"taxonomy":"category","embeddable":true,"href":"https:\/\/www.europesays.com\/es\/wp-json\/wp\/v2\/categories?post=273581"},{"taxonomy":"post_tag","embeddable":true,"href":"https:\/\/www.europesays.com\/es\/wp-json\/wp\/v2\/tags?post=273581"}],"curies":[{"name":"wp","href":"https:\/\/api.w.org\/{rel}","templated":true}]}}