{"id":273642,"date":"2025-12-06T04:26:18","date_gmt":"2025-12-06T04:26:18","guid":{"rendered":"https:\/\/www.europesays.com\/es\/273642\/"},"modified":"2025-12-06T04:26:18","modified_gmt":"2025-12-06T04:26:18","slug":"kate-middleton-deslumbra-en-el-concierto-navideno-en-westminster-junto-al-principe-guillermo-y-sus-tres-hijos-estampa-familiar-y-looks-a-juego","status":"publish","type":"post","link":"https:\/\/www.europesays.com\/es\/273642\/","title":{"rendered":"Kate Middleton deslumbra en el concierto navide\u00f1o en Westminster junto al pr\u00edncipe Guillermo y sus tres hijos: estampa familiar y looks a juego"},"content":{"rendered":"<p><img alt=\"Britain's Catherine, Princess of Wales,\" class=\"global-image\" decoding=\"async\" fetchpriority=\"high\" height=\"1494\" loading=\"eager\" src=\"https:\/\/www.europesays.com\/es\/wp-content\/uploads\/2025\/12\/7QCPFNCZDRB3REYJY6K3LB2RUI.JPG\" width=\"2657\"\/>Britain&#8217;s Catherine, Princess of Wales, arrives at Westminster Abbey to attend the &#8216;Together At Christmas&#8217; carol service, in London, Britain, December 5, 2025. REUTERS\/Isabel Infantes<\/p>\n<p class=\"paragraph\">La princesa de Gales,<b> Kate Middleton<\/b>, ha presidido este viernes el concierto navide\u00f1o \u2018<b>Together at Christmas<\/b>\u2019, <a href=\"https:\/\/www.infobae.com\/espana\/2025\/11\/04\/los-principes-de-gales-adelantan-su-mudanza-en-medio-de-la-polemica-del-principe-andres\/\" target=\"_blank\" rel=\"noreferrer nofollow noopener\" title=\"https:\/\/www.infobae.com\/espana\/2025\/11\/04\/los-principes-de-gales-adelantan-su-mudanza-en-medio-de-la-polemica-del-principe-andres\/\">acompa\u00f1ada por su familia<\/a> y figuras destacadas, con un mensaje centrado en el poder del amor y la comunidad.<\/p>\n<p class=\"paragraph\">La <b>Abad\u00eda de Westminster<\/b> ha acogido la quinta edici\u00f3n del tradicional recital de villancicos impulsado por la princesa <a rel=\"noopener noreferrer nofollow\" href=\"https:\/\/www.infobae.com\/espana\/2025\/12\/03\/kate-middleton-homenajea-a-lady-di-a-traves-de-sus-joyas-para-recibir-al-presidente-y-la-primera-dama-de-alemania\/\" target=\"_self\" title=\"https:\/\/www.infobae.com\/espana\/2025\/12\/03\/kate-middleton-homenajea-a-lady-di-a-traves-de-sus-joyas-para-recibir-al-presidente-y-la-primera-dama-de-alemania\/\">como homenaje<\/a> a quienes han contribuido a la comunidad durante el a\u00f1o. <\/p>\n<p class=\"paragraph\">La llegada de la familia real brit\u00e1nica ha sido uno de los momentos m\u00e1s esperados de la velada. Kate Middleton ha estado acompa\u00f1ada por el pr\u00edncipe Guillermo y sus tres hijos, George, Charlotte y Louis, quienes han acudido <b>juntos por primera vez en seis meses <\/b>a un acto p\u00fablico. Los pr\u00edncipes han llegado con vestimenta coordinada en tonos verdes y azules: George, de doce a\u00f1os, y Louis, de siete, han lucido trajes oscuros, mientras que Charlotte, de diez, ha optado por un vestido de terciopelo azul oscuro con cuello blanco y lazo, evocando el estilo de su madre en anteriores eventos.<\/p>\n<p class=\"paragraph\">La princesa ha recibido a su familia a la entrada de la abad\u00eda, saludando a sus hijos con<b> gestos de cari\u00f1o<\/b> y acompa\u00f1\u00e1ndoles en la colocaci\u00f3n de lazos rojos en un \u00e1rbol simb\u00f3lico situado en el acceso principal. Durante el servicio, los tres ni\u00f1os han participado activamente, sosteniendo velas encendidas junto a la congregaci\u00f3n en uno de los momentos m\u00e1s emotivos de la ceremonia.<\/p>\n<p><img alt=\"Los pr\u00edncipes de Gales, Guillermo\" class=\"global-image\" decoding=\"async\" fetchpriority=\"low\" height=\"3335\" loading=\"lazy\" src=\"https:\/\/www.europesays.com\/es\/wp-content\/uploads\/2025\/12\/YS4KRUBOHVFVNOXCTLUCKOIENU.JPG\" width=\"5000\"\/>Los pr\u00edncipes de Gales, Guillermo y Kate, junto a sus tres hijos a su llegada al concierto &#8216;Together at Christmas&#8217;. (Chris Jackson\/REUTERS)<\/p>\n<p class=\"paragraph\">La iniciativa \u2018Together at Christmas\u2019 naci\u00f3 en 2021 para agradecer la labor de voluntarios, educadores y personal sanitario durante la pandemia, y se ha consolidado como una tradici\u00f3n anual que celebra la empat\u00eda y la fuerza de la comunidad.<\/p>\n<p class=\"paragraph\">En una carta compartida con los asistentes, Middleton ha subrayado el mensaje central del evento: \u201cQuiero enviar un<b> mensaje de gratitud y esperanza,<\/b> reflexionando sobre el poder del amor, la empat\u00eda y la fuerza que encontramos los unos en los otros\u201d, ha escrito la princesa. En la misiva, tambi\u00e9n ha destacado la importancia de la conexi\u00f3n y el apoyo mutuo en tiempos de incertidumbre: \u201cEl tiempo, el cuidado y la compasi\u00f3n que dais, a menudo en silencio y sin esperar reconocimiento, marcan una diferencia extraordinaria en la vida de los dem\u00e1s\u201d, ha afirmado la esposa del pr\u00edncipe Guillermo.<\/p>\n<p>Qui\u00e9n es qui\u00e9n en la casa real brit\u00e1nica: del rey Carlos, el m\u00e1s tard\u00edo de la historia, al pol\u00e9mico pr\u00edncipe Andr\u00e9s.<\/p>\n<p class=\"paragraph\">El concierto ha contado con la presencia de <b>numerosas personalidades<\/b> del mundo del espect\u00e1culo, la cultura y el deporte. Entre los asistentes han destacado la actriz Kate Winslet, la cantante Katie Melua, el actor Chiwetel Ejiofor y la chef Dame Mary Berry. Winslet y Ejiofor han intervenido con lecturas centradas en el amor y la compasi\u00f3n, acompa\u00f1ados por el pianista Paul Gladstone Reid. Dame Mary Berry, por su parte, ha contribuido con la creaci\u00f3n de una corona navide\u00f1a expuesta en la abad\u00eda.<\/p>\n<p class=\"paragraph\">El evento tambi\u00e9n ha reunido a <b>deportistas<\/b> como Rosie Galligan, Helena Rowland, Jess Breach y Marlie Packer, integrantes de la selecci\u00f3n inglesa de rugby femenino, as\u00ed como a representantes de la selecci\u00f3n galesa y a la futbolista Michelle Agyemang, campeona de la <a rel=\"noopener noreferrer nofollow\" href=\"https:\/\/www.infobae.com\/espana\/2025\/07\/27\/inglaterra-revalida-el-titulo-de-campeona-de-europa-ante-una-espana-que-lo-intento-hasta-el-final-pero-cayo-en-la-tanda-de-penaltis-1-1\/\" target=\"_self\" title=\"https:\/\/www.infobae.com\/espana\/2025\/07\/27\/inglaterra-revalida-el-titulo-de-campeona-de-europa-ante-una-espana-que-lo-intento-hasta-el-final-pero-cayo-en-la-tanda-de-penaltis-1-1\/\">Eurocopa femenina 2025<\/a>. Entre los <b>m\u00fasicos invitados <\/b>han figurado Melua, Fisherman\u2019s Friends, Griff y Dan Smith, vocalista de Bastille. La cantante Hannah Waddingham, inicialmente prevista en el programa, ha tenido que cancelar su actuaci\u00f3n por problemas de voz, aunque ha estado presente en la ceremonia.<\/p>\n","protected":false},"excerpt":{"rendered":"Britain&#8217;s Catherine, Princess of Wales, arrives at Westminster Abbey to attend the &#8216;Together At Christmas&#8217; carol service, in&hellip;\n","protected":false},"author":2,"featured_media":273643,"comment_status":"","ping_status":"","sticky":false,"template":"","format":"standard","meta":{"footnotes":""},"categories":[174],"tags":[255,146,147,25,24,406,256,28655,23],"class_list":{"0":"post-273642","1":"post","2":"type-post","3":"status-publish","4":"format-standard","5":"has-post-thumbnail","7":"category-famosos","8":"tag-celebrities","9":"tag-entertainment","10":"tag-entretenimiento","11":"tag-es","12":"tag-espana","13":"tag-europe","14":"tag-famosos","15":"tag-royals","16":"tag-spain"},"share_on_mastodon":{"url":"https:\/\/pubeurope.com\/@es\/115670731029394188","error":""},"_links":{"self":[{"href":"https:\/\/www.europesays.com\/es\/wp-json\/wp\/v2\/posts\/273642","targetHints":{"allow":["GET"]}}],"collection":[{"href":"https:\/\/www.europesays.com\/es\/wp-json\/wp\/v2\/posts"}],"about":[{"href":"https:\/\/www.europesays.com\/es\/wp-json\/wp\/v2\/types\/post"}],"author":[{"embeddable":true,"href":"https:\/\/www.europesays.com\/es\/wp-json\/wp\/v2\/users\/2"}],"replies":[{"embeddable":true,"href":"https:\/\/www.europesays.com\/es\/wp-json\/wp\/v2\/comments?post=273642"}],"version-history":[{"count":0,"href":"https:\/\/www.europesays.com\/es\/wp-json\/wp\/v2\/posts\/273642\/revisions"}],"wp:featuredmedia":[{"embeddable":true,"href":"https:\/\/www.europesays.com\/es\/wp-json\/wp\/v2\/media\/273643"}],"wp:attachment":[{"href":"https:\/\/www.europesays.com\/es\/wp-json\/wp\/v2\/media?parent=273642"}],"wp:term":[{"taxonomy":"category","embeddable":true,"href":"https:\/\/www.europesays.com\/es\/wp-json\/wp\/v2\/categories?post=273642"},{"taxonomy":"post_tag","embeddable":true,"href":"https:\/\/www.europesays.com\/es\/wp-json\/wp\/v2\/tags?post=273642"}],"curies":[{"name":"wp","href":"https:\/\/api.w.org\/{rel}","templated":true}]}}