{"id":273647,"date":"2025-12-06T04:35:10","date_gmt":"2025-12-06T04:35:10","guid":{"rendered":"https:\/\/www.europesays.com\/es\/273647\/"},"modified":"2025-12-06T04:35:10","modified_gmt":"2025-12-06T04:35:10","slug":"un-astronauta-capta-una-imagen-del-lago-titicaca-desde-la-estacion-espacial-internacional","status":"publish","type":"post","link":"https:\/\/www.europesays.com\/es\/273647\/","title":{"rendered":"Un astronauta capta una imagen del lago Titicaca desde la Estaci\u00f3n Espacial Internacional"},"content":{"rendered":"<p><img id=\"fotoPrincipalNoticia\" src=\"https:\/\/www.europesays.com\/es\/wp-content\/uploads\/2025\/12\/fotonoticia_20251204182704_690.jpg\" loading=\"eager\" decoding=\"async\" style=\"view-transition-name: fechor_20251204182704;\" border=\"0\" alt=\"Un astronauta a bordo de la Estaci\u00f3n Espacial Internacional captur\u00f3 esta fotograf\u00eda detallada del extremo sur del lago Titicaca\" fetchpriority=\"high\" title=\"Un astronauta capta una imagen del lago Titicaca desde la Estaci\u00f3n Espacial Internacional\" width=\"690\" height=\"575\" itemprop=\"image\"\/><\/p>\n<p>Un astronauta a bordo de la Estaci\u00f3n Espacial Internacional captur\u00f3 esta fotograf\u00eda detallada del extremo sur del lago Titicaca &#8211; NASA<\/p>\n<p>   MADRID, 4 Dic. (EUROPA PRESS) &#8211; <\/p>\n<p>   Un astronauta a bordo de la Estaci\u00f3n Espacial Internacional captur\u00f3 una fotograf\u00eda detallada del extremo sur del lago Titicaca, el cual est\u00e1 situado en la frontera entre Per\u00fa y Bolivia, seg\u00fan ha informado la NASA.<\/p>\n<p>    La imagen muestra el lado peruano del lago, que se encuentra en el Altiplano de los Andes. La brillante superficie del agua del lago refleja la luz solar directamente hacia la c\u00e1mara del astronauta, creando un fen\u00f3meno \u00f3ptico conocido como reflejo o destello solar.<\/p>\n<p>   La zona m\u00e1s brillante (hacia la izquierda del centro) es donde es m\u00e1s fuerte el reflejo de la luz solar desde la superficie del agua hacia la c\u00e1mara. Las superficies terrestres que suelen ser de color marr\u00f3n oxidado se ven casi negras en esta escena debido a los ajustes en la exposici\u00f3n de la c\u00e1mara del astronauta.<\/p>\n<p>   El destello solar expone detalles que proporcionan una vista \u00fanica de los procesos que ocurren por encima y por debajo de la superficie del lago.<\/p>\n<p>    Las caracter\u00edsticas sutiles en la superficie del agua se destacan por la cubierta de delgadas pel\u00edculas de aceites biog\u00e9nicos, los cuales son aceites naturales que se encuentran com\u00fanmente en los cuerpos de agua naturales.<\/p>\n<p>    Los aceites biog\u00e9nicos disminuyen la rugosidad superficial del agua y aumentan la reflexi\u00f3n espectral, resaltando la direcci\u00f3n del viento y las olas internas en la imagen. Los aceites biog\u00e9nicos acent\u00faan varios arcos brillantes producidos por los vientos del este, los cuales son dominantes en la \u00e9poca del a\u00f1o en que se tom\u00f3 esta foto (octubre de 2024).<\/p>\n<p>    Los arcos m\u00e1s grandes se encuentran al este de la isla de Taquile. Un arco m\u00e1s peque\u00f1o se limita al estrecho que est\u00e1 entre la isla de Amantan\u00ed y la pen\u00ednsula de Capachica.<\/p>\n<p>   Varias estelas en forma de V indican la presencia de barcos que navegan hacia el oeste. Otra estela prominente en la regi\u00f3n donde se muestra un intenso reflejo solar es visible en el cuarto inferior izquierdo de la imagen. La versi\u00f3n en alta resoluci\u00f3n de la imagen ofrece una vista m\u00e1s detallada de estas estelas.<\/p>\n<p>   Las olas internas son otra caracter\u00edstica que se vuelve visible desde el espacio con el destello solar. Estas ondas se desarrollan en lo profundo de un cuerpo de agua y tienen una amplitud de varios metros, pero se ven en la superficie del agua como ondas de muy baja amplitud. Bajo el destello solar, las ondas superficiales se ven como l\u00edneas paralelas brillantes.<\/p>\n<p>    Los mapas batim\u00e9tricos del lago Titicaca indican que el conjunto de olas internas en esta imagen se produjo donde el agua m\u00e1s profunda fluye contra un accidente geogr\u00e1fico similar a un acantilado submarino, a una profundidad de 20 a 50 metros (65 a 165 pies) cerca de la orilla del lago.<\/p>\n","protected":false},"excerpt":{"rendered":"Un astronauta a bordo de la Estaci\u00f3n Espacial Internacional captur\u00f3 esta fotograf\u00eda detallada del extremo sur del lago&hellip;\n","protected":false},"author":2,"featured_media":273648,"comment_status":"","ping_status":"","sticky":false,"template":"","format":"standard","meta":{"footnotes":""},"categories":[81],"tags":[119,123,124,25,24,117,121,122,23,118,120],"class_list":{"0":"post-273647","1":"post","2":"type-post","3":"status-publish","4":"format-standard","5":"has-post-thumbnail","7":"category-ciencia-y-tecnologia","8":"tag-ciencia","9":"tag-ciencia-y-tecnologia","10":"tag-cienciaytecnologia","11":"tag-es","12":"tag-espana","13":"tag-science","14":"tag-science-and-technology","15":"tag-scienceandtechnology","16":"tag-spain","17":"tag-technology","18":"tag-tecnologia"},"share_on_mastodon":{"url":"https:\/\/pubeurope.com\/@es\/115670766932393984","error":""},"_links":{"self":[{"href":"https:\/\/www.europesays.com\/es\/wp-json\/wp\/v2\/posts\/273647","targetHints":{"allow":["GET"]}}],"collection":[{"href":"https:\/\/www.europesays.com\/es\/wp-json\/wp\/v2\/posts"}],"about":[{"href":"https:\/\/www.europesays.com\/es\/wp-json\/wp\/v2\/types\/post"}],"author":[{"embeddable":true,"href":"https:\/\/www.europesays.com\/es\/wp-json\/wp\/v2\/users\/2"}],"replies":[{"embeddable":true,"href":"https:\/\/www.europesays.com\/es\/wp-json\/wp\/v2\/comments?post=273647"}],"version-history":[{"count":0,"href":"https:\/\/www.europesays.com\/es\/wp-json\/wp\/v2\/posts\/273647\/revisions"}],"wp:featuredmedia":[{"embeddable":true,"href":"https:\/\/www.europesays.com\/es\/wp-json\/wp\/v2\/media\/273648"}],"wp:attachment":[{"href":"https:\/\/www.europesays.com\/es\/wp-json\/wp\/v2\/media?parent=273647"}],"wp:term":[{"taxonomy":"category","embeddable":true,"href":"https:\/\/www.europesays.com\/es\/wp-json\/wp\/v2\/categories?post=273647"},{"taxonomy":"post_tag","embeddable":true,"href":"https:\/\/www.europesays.com\/es\/wp-json\/wp\/v2\/tags?post=273647"}],"curies":[{"name":"wp","href":"https:\/\/api.w.org\/{rel}","templated":true}]}}