{"id":273709,"date":"2025-12-06T05:47:16","date_gmt":"2025-12-06T05:47:16","guid":{"rendered":"https:\/\/www.europesays.com\/es\/273709\/"},"modified":"2025-12-06T05:47:16","modified_gmt":"2025-12-06T05:47:16","slug":"espana-cree-que-la-falta-de-colaboracion-de-rusia-ha-dificultado-la-evaluacion-del-riesgo-de-la-peste-porcina-africana-el-mundo","status":"publish","type":"post","link":"https:\/\/www.europesays.com\/es\/273709\/","title":{"rendered":"Espa\u00f1a cree que la falta de colaboraci\u00f3n de Rusia ha dificultado la evaluaci\u00f3n del riesgo de la peste porcina africana &#8211; El Mundo"},"content":{"rendered":"<ol>\n<li><a href=\"https:\/\/news.google.com\/rss\/articles\/CBMifEFVX3lxTFBxSjNISkV5al9keW0yWGdIdy1pZnlici0xSDE5Z0twVVpvc0RJTC1nVlFiNnk1RTdQTnFJakNFYXd1OFh3RTNXWFotTWlqVWYxMEpjMW53Q0JwaUFWUlFZQnVENjdBMkVGZzJHaDk4ZDBVTl80cm9zbHp6SUrSAXxBVV95cUxOUkdhR3l2ajhkSnp3MkE4enliUGF2ajBnN0NrYk1nYjZQMkdrMG1TV3J3OEt5ZzdEb2dMa09WVkFqdHM3YnJEYTZPQ0YyUGRKT3p2WXpNVl9iVGVUVFNsbXNtZlA5M1dwMHFhdFNlYTU0bWp1T3lXcTZpdDhM?oc=5\" target=\"_blank\" rel=\"nofollow noopener\">Espa\u00f1a cree que la falta de colaboraci\u00f3n de Rusia ha dificultado la evaluaci\u00f3n del riesgo de la peste porcina africana<\/a>&nbsp;&nbsp;El Mundo<\/li>\n<li><a href=\"https:\/\/news.google.com\/rss\/articles\/CBMisgFBVV95cUxNNUs1ODdjdm9IeVNkTE9xZDdOTVl1MWQwZExuOW43Q1phcmNBZko2VnNIcmVLUENxRy1vbU9McmFMeFFFLXJ4RWtxWnk5a1BUTEtDUWxlLURyWDdXM2VCZmV3czB6TmlKZ0tERG8zR1lOTm41Q3hDYXhYa3FmQkluYnp2NF9BaDI2Rlh4Zm53Q25hRWlIa1NubklKeVF1QWZkTU5jb05xMzE2R1J6UkR4c3N3?oc=5\" target=\"_blank\" rel=\"nofollow noopener\">As\u00ed es laboratorio de la Generalitat que est\u00e1 en el punto de mira por el brote de peste porcina<\/a>&nbsp;&nbsp;ABC<\/li>\n<li><a href=\"https:\/\/news.google.com\/rss\/articles\/CBMi7wFBVV95cUxQc2NsZ1RhRE9XOWFLbjEySHgyeTBudEwySHJIdlM0ZW9ULUxPMWtVTnk3RVJEN2FscHhRSXZ4WVN5ZWV2d2s5T1IwYUZqSWFqNm9ESGRLT1pxVjkwU2hmZ0hUUUF2OWJTWjY3NjFoVzFWU1I0Q1JlWDdDY2RGNEVvTVZVeGJaTEl3ekFLQ01nVnZSUEhaSkxqVWZwcl9wandXNWducWhxNzRjVHhZN3lGT3hMT0Y0QXcwWnM1eHA1c2Z6X3B2OUNlX3BaTFVZV3Rfd1lXTXI2YXktUmhmanRtQnRlRlVMZ2xoSkdJdjRfbw?oc=5\" target=\"_blank\" rel=\"nofollow noopener\">El Ministerio de Agricultura investiga si el virus de la peste porcina africana de Collserola escap\u00f3 de un laboratorio<\/a>&nbsp;&nbsp;EL PA\u00cdS<\/li>\n<li><a href=\"https:\/\/news.google.com\/rss\/articles\/CBMixgFBVV95cUxNYUZqLTE2U2hkZmlTLTJ5NTYxanpoYWFMYjRjVmtOU3FUTTNkRm5wRHlQTTkxMm55dUlLMUFWMjVFOTJaVmZkZjJrWmVjcG9EU2xuZTg2U0Y3cjJYbWdYZWUxMWZia0d3RVVXQm1KTU4wc0k5Qzgzc2dEV1hzc1BReEpNWTBTQ2hGMm1STzg4anh2VU1CWnpaclBxNG5GVGY1WV9ZMW53Y0ZDR1pNUlpmUl8zUjdjVU5Qdk5HcWxaSmYyblM0SHfSAcsBQVVfeXFMT29DSmczajNJeU1SaFMxX1FZbnVHSFVVdkNpR2xHTG4zZmtVeU81a1pQdEJTVmlfTW1Od3RlTWkxSjczMHdQSDZjeVRBbDdyRXJ0cEdLYS10MUZIWDdkRTYxX2g1YnZtUklrZG9ha21nSHBpMFZFOU82M3haWXZ6NUJXenpad0plbGpoSmE0LTRzak1vN0tiQXluZUNidlRZWGUwTlhmMVAybVhsZjdSV0VGX3Rtb2ZvcVMxWVFMVFI0bnZSZkNuaGVTMkk?oc=5\" target=\"_blank\" rel=\"nofollow noopener\">Agricultura se\u00f1ala que el brote de peste porcina sali\u00f3 del laboratorio de Bellaterra<\/a>&nbsp;&nbsp;La Vanguardia<\/li>\n<li><a href=\"https:\/\/news.google.com\/rss\/articles\/CBMitgFBVV95cUxOazhXZmdOTlYtU2k5bnRjOXowZHhRbDJuNWJPVjlQVWNDXzhDUEJacnJTQUF6S1h0VTNzM185WC1zcGMxaXZIZ2FscHRhWEV0VXM0cWstUTR0ZTNITE5yb0dyMnhDMVhUUURaQTJJak9UMWZ5M0ZCRXI2bjRvYlhJM2Q3R2d5NzhTX1oyME5NbmVBR0tjbUlYOXRfVnd4dENUcXc2TmU2MVYyQTFzOHhDUlIyNzJRQQ?oc=5\" target=\"_blank\" rel=\"nofollow noopener\">El PP pide la comparecencia del director del laboratorio que est\u00e1 en el punto de mira por la peste porcina<\/a>&nbsp;&nbsp;El Peri\u00f3dico<\/li>\n<\/ol>\n","protected":false},"excerpt":{"rendered":"Espa\u00f1a cree que la falta de colaboraci\u00f3n de Rusia ha dificultado la evaluaci\u00f3n del riesgo de la peste&hellip;\n","protected":false},"author":2,"featured_media":273710,"comment_status":"","ping_status":"","sticky":false,"template":"","format":"standard","meta":{"footnotes":""},"categories":[8],"tags":[17,18,95,25,24,13,14,11,19,20,9,10,15,16,23,12,21,22],"class_list":{"0":"post-273709","1":"post","2":"type-post","3":"status-publish","4":"format-standard","5":"has-post-thumbnail","7":"category-espana","8":"tag-breaking-news","9":"tag-breakingnews","10":"tag-economia","11":"tag-es","12":"tag-espana","13":"tag-featured-news","14":"tag-featurednews","15":"tag-headlines","16":"tag-latest-news","17":"tag-latestnews","18":"tag-news","19":"tag-noticias","20":"tag-noticias-destacadas","21":"tag-noticiasdestacadas","22":"tag-spain","23":"tag-titulares","24":"tag-ultimas-noticias","25":"tag-ultimasnoticias"},"share_on_mastodon":{"url":"https:\/\/pubeurope.com\/@es\/115671049590542988","error":""},"_links":{"self":[{"href":"https:\/\/www.europesays.com\/es\/wp-json\/wp\/v2\/posts\/273709","targetHints":{"allow":["GET"]}}],"collection":[{"href":"https:\/\/www.europesays.com\/es\/wp-json\/wp\/v2\/posts"}],"about":[{"href":"https:\/\/www.europesays.com\/es\/wp-json\/wp\/v2\/types\/post"}],"author":[{"embeddable":true,"href":"https:\/\/www.europesays.com\/es\/wp-json\/wp\/v2\/users\/2"}],"replies":[{"embeddable":true,"href":"https:\/\/www.europesays.com\/es\/wp-json\/wp\/v2\/comments?post=273709"}],"version-history":[{"count":0,"href":"https:\/\/www.europesays.com\/es\/wp-json\/wp\/v2\/posts\/273709\/revisions"}],"wp:featuredmedia":[{"embeddable":true,"href":"https:\/\/www.europesays.com\/es\/wp-json\/wp\/v2\/media\/273710"}],"wp:attachment":[{"href":"https:\/\/www.europesays.com\/es\/wp-json\/wp\/v2\/media?parent=273709"}],"wp:term":[{"taxonomy":"category","embeddable":true,"href":"https:\/\/www.europesays.com\/es\/wp-json\/wp\/v2\/categories?post=273709"},{"taxonomy":"post_tag","embeddable":true,"href":"https:\/\/www.europesays.com\/es\/wp-json\/wp\/v2\/tags?post=273709"}],"curies":[{"name":"wp","href":"https:\/\/api.w.org\/{rel}","templated":true}]}}