{"id":273711,"date":"2025-12-06T05:48:50","date_gmt":"2025-12-06T05:48:50","guid":{"rendered":"https:\/\/www.europesays.com\/es\/273711\/"},"modified":"2025-12-06T05:48:50","modified_gmt":"2025-12-06T05:48:50","slug":"la-comunidad-de-madrid-exhibe-en-alcala-31-un-belen-dedicado-al-peru-virreinal-con-un-baul-procedente-del-museo-pedro-de-osma-de-lima","status":"publish","type":"post","link":"https:\/\/www.europesays.com\/es\/273711\/","title":{"rendered":"La Comunidad de Madrid exhibe en Alcal\u00e1 31 un Bel\u00e9n dedicado al Per\u00fa virreinal con un ba\u00fal procedente del Museo Pedro de Osma de Lima"},"content":{"rendered":"<p>Acompa\u00f1ado por miembros de la Asociaci\u00f3n de Belenistas, el consejero de Cultura, Turismo y Deporte, Mariano de Paco Serrano, ha destacado durante la inauguraci\u00f3n que \u201cla representaci\u00f3n del Nacimiento es uno de los temas que m\u00e1s manifestaciones culturales ha generado. Espa\u00f1a llev\u00f3 esta tradici\u00f3n a Hispanoam\u00e9rica, donde se enriqueci\u00f3 con nuevas interpretaciones, como la que presentamos hoy, que refleja de manera excepcional la fusi\u00f3n art\u00edstica de ambos lados del Atl\u00e1ntico\u201d.<\/p>\n<p>El ba\u00fal es una obra virreinal del siglo XVIII, elaborada en madera y pasta de maguey dorada y policromada. En su interior guarda un Nacimiento desplegable, una tipolog\u00eda muy habitual en los hogares y conventos de la \u00e9poca durante las festividades navide\u00f1as. Su particularidad reside en que, al abrirse, revela diversas escenas relacionadas con la Natividad de Jes\u00fas, junto a otros episodios como la Adoraci\u00f3n de los pastores, la Huida a Egipto o la Matanza de las Inocentes.<\/p>\n<p>Igualmente, esta pieza ofrece un valioso un testimonio de las pr\u00e1cticas devocionales del Per\u00fa virreinal y forma parte de la exposici\u00f3n Ecos del arte del virreinato del Per\u00fa, cuyas otras sedes son la Casa Museo Lope de Vega de Madrid y el Museo Casa Natal de Cervantes de Alcal\u00e1 de Henares.<\/p>\n<p>Adicionalmente, a partir del 8 de enero, el ba\u00fal ser\u00e1 sustituido por una Natividad actual creada por el taller del artesano peruano Ronald Flores Matto, que cerrar\u00e1 el c\u00edrculo entre las creaciones de ambos lados del Atl\u00e1ntico vinculadas a la tipolog\u00eda del Bel\u00e9n: un mestizaje de dos mundos y un encuentro de dos tradiciones que, con el paso de los siglos, se ha convertido en un legado de gran valor art\u00edstico y cultural.<\/p>\n<p>Adem\u00e1s, acompa\u00f1ar\u00e1 a este montaje una banda sonora basada en la m\u00fasica navide\u00f1a del virreinato del Per\u00fa, seleccionada por la maestra Astrid Aguilar con la que el p\u00fablico podr\u00e1 disfrutar de la obra de compositores como Juan de Araujo, Roque Ceruti, Jos\u00e9 de Torrej\u00f3n y Velasco o Eustaquio Franco Rebollo, entre otros.<\/p>\n<p>M\u00e1s informaci\u00f3n en este <a href=\"https:\/\/comunidad.madrid\/actividades\/2025\/belen-consejeria-cultura-turismo-deporte-2025\" rel=\"nofollow noopener\" target=\"_blank\">enlace<\/a>.<\/p>\n","protected":false},"excerpt":{"rendered":"Acompa\u00f1ado por miembros de la Asociaci\u00f3n de Belenistas, el consejero de Cultura, Turismo y Deporte, Mariano de Paco&hellip;\n","protected":false},"author":2,"featured_media":273712,"comment_status":"","ping_status":"","sticky":false,"template":"","format":"standard","meta":{"footnotes":""},"categories":[5],"tags":[17,18,25,24,13,14,11,19,20,9,10,15,16,23,12,21,22],"class_list":{"0":"post-273711","1":"post","2":"type-post","3":"status-publish","4":"format-standard","5":"has-post-thumbnail","7":"category-titulares","8":"tag-breaking-news","9":"tag-breakingnews","10":"tag-es","11":"tag-espana","12":"tag-featured-news","13":"tag-featurednews","14":"tag-headlines","15":"tag-latest-news","16":"tag-latestnews","17":"tag-news","18":"tag-noticias","19":"tag-noticias-destacadas","20":"tag-noticiasdestacadas","21":"tag-spain","22":"tag-titulares","23":"tag-ultimas-noticias","24":"tag-ultimasnoticias"},"share_on_mastodon":{"url":"https:\/\/pubeurope.com\/@es\/115671057206924568","error":""},"_links":{"self":[{"href":"https:\/\/www.europesays.com\/es\/wp-json\/wp\/v2\/posts\/273711","targetHints":{"allow":["GET"]}}],"collection":[{"href":"https:\/\/www.europesays.com\/es\/wp-json\/wp\/v2\/posts"}],"about":[{"href":"https:\/\/www.europesays.com\/es\/wp-json\/wp\/v2\/types\/post"}],"author":[{"embeddable":true,"href":"https:\/\/www.europesays.com\/es\/wp-json\/wp\/v2\/users\/2"}],"replies":[{"embeddable":true,"href":"https:\/\/www.europesays.com\/es\/wp-json\/wp\/v2\/comments?post=273711"}],"version-history":[{"count":0,"href":"https:\/\/www.europesays.com\/es\/wp-json\/wp\/v2\/posts\/273711\/revisions"}],"wp:featuredmedia":[{"embeddable":true,"href":"https:\/\/www.europesays.com\/es\/wp-json\/wp\/v2\/media\/273712"}],"wp:attachment":[{"href":"https:\/\/www.europesays.com\/es\/wp-json\/wp\/v2\/media?parent=273711"}],"wp:term":[{"taxonomy":"category","embeddable":true,"href":"https:\/\/www.europesays.com\/es\/wp-json\/wp\/v2\/categories?post=273711"},{"taxonomy":"post_tag","embeddable":true,"href":"https:\/\/www.europesays.com\/es\/wp-json\/wp\/v2\/tags?post=273711"}],"curies":[{"name":"wp","href":"https:\/\/api.w.org\/{rel}","templated":true}]}}