{"id":273719,"date":"2025-12-06T06:00:08","date_gmt":"2025-12-06T06:00:08","guid":{"rendered":"https:\/\/www.europesays.com\/es\/273719\/"},"modified":"2025-12-06T06:00:08","modified_gmt":"2025-12-06T06:00:08","slug":"zorrozaurre-tambien-quiere-sonar-el-correo","status":"publish","type":"post","link":"https:\/\/www.europesays.com\/es\/273719\/","title":{"rendered":"Zorrozaurre tambi\u00e9n quiere &#8216;So\u00f1ar&#8217; | El Correo"},"content":{"rendered":"<p>A la mayor\u00eda de la gente le gusta mucho el megamural ese que hay en Olabeaga y que pone &#8216;So\u00f1ar&#8217;. Adem\u00e1s, se ha convertido ya  &#8230; en un icono, en una referencia que remite m\u00e1s a una proyecci\u00f3n po\u00e9tica de la ciudad hacia el futuro que a la descripci\u00f3n de un presente amodorrado. Es casi un s\u00edmbolo.<\/p>\n<p class=\"v-p\">Ahora Zorrozaurre est\u00e1 preparando algo parecido. Quiere tambi\u00e9n su &#8216;So\u00f1ar&#8217;, aunque algo m\u00e1s modesto en dimensiones. La iniciativa llega desde la escuela de dise\u00f1o Kunsthal, con la complicidad de Barbara Kruger (que acaba de exponer en el Guggenheim parte de su obra de letras enormes) y con el brazo ejecutor de Estudios Durero, empresa especializada en impresi\u00f3n digital de gran formato. <\/p>\n<p class=\"v-p\">Esta semana la junta de gobierno del Ayuntamiento de Bilbao ha dado la autorizaci\u00f3n para realizar una intervenci\u00f3n art\u00edstica en el dep\u00f3sito de aguas que est\u00e1 detr\u00e1s del edificio Papelera, en Zorrozaurre. Es decir, en la trasera de Kunsthal. Recuerda Gaizka Zuazo, director del centro formativo, que esta estructura se levant\u00f3 en su d\u00eda con el fin de formar parte de un sistema de climatizaci\u00f3n muy sostenible, pero la realidad es que no se usa. Eso s\u00ed, \u00abse ha convertido en una estructura ic\u00f3nica\u00bb, considera. Y de lo que se trata ahora es de darle \u00abuna segunda vida\u00bb.<\/p>\n<p class=\"v-p\">\u00bfC\u00f3mo? Esa es la cuesti\u00f3n. Alrededor del cilindro met\u00e1lico de diez metros de altura se montar\u00e1 una estructura para, sobre ella, y como una segunda piel, tender una lona tensada en la que, con una tipograf\u00eda monumental, se lance un mensaje. No ser\u00e1 &#8216;So\u00f1ar&#8217;, claro. Pero el concepto es parecido. Adem\u00e1s, tendr\u00e1 vocaci\u00f3n de permanencia. Es decir, la voluntad es que pase a formar parte del paisaje de Zorrozaurre en un punto adem\u00e1s muy visible, ya que el dep\u00f3sito est\u00e1 junto a la calle Cargueras, a la entrada de la isla por el Sur, tras cruzar el puente de Frank Gehry.<\/p>\n<p class=\"v-p\">Lo que est\u00e1 a\u00fan por determinar es el mensaje que se va a colocar ah\u00ed. Saldr\u00e1 de un concurso dirigido a estudiantes del grado de Dise\u00f1o Gr\u00e1fico. Estos j\u00f3venes visitaron el Guggenheim el pasado 3 de noviembre para conocer la obra de Barbara Kruger de la mano de Lekha Hileman, comisaria de la exposici\u00f3n. Y la propia Hileman intervendr\u00e1 en el proyecto \u00abparticipando en el workshop de ideaci\u00f3n que liderar\u00e1 la dise\u00f1adora tipogr\u00e1fica y de marca Laura Meseguer\u00bb, explican desde Kunsthal. Ah\u00ed se ofrecer\u00e1 a los estudiantes \u00abun valioso feedback sobre el desarrollo conceptual de sus propuestas\u00bb.<\/p>\n<p>El arte m\u00e1s all\u00e1 del museo<\/p>\n<p class=\"v-p\">Esa actividad tendr\u00e1 lugar los pr\u00f3ximos viernes y s\u00e1bado, 12 y 13 de diciembre. En ella el alumnado \u00abprofundizar\u00e1 en la relaci\u00f3n entre concepto, mensaje y tipograf\u00eda a gran escala, un eje central en el lenguaje visual de Barbara Kruger\u00bb.<\/p>\n<p class=\"v-p\">Una vez definido qu\u00e9 mensaje se quiere lanzar y de qu\u00e9 manera hacerlo, Durero realizar\u00e1 la pieza final. Los organizadores de la iniciativa avanzan que la empresa utilizar\u00e1 \u00abun innovador material, Pureti Print, una cobertura transparente que se aplica sobre la superficie impresa\u00bb. Se trata de una t\u00e9cnica que ya se ha usado en piezas de exteriores para el Guggenheim.<\/p>\n<p class=\"v-p\">\u00abEl proyecto representa una oportunidad \u00fanica para que el alumnado viva un proceso completo de creaci\u00f3n, desde la investigaci\u00f3n conceptual hasta la instalaci\u00f3n final de una pieza p\u00fablica\u00bb, valora Gaizka Zuazo, el director de Kunsthal. Adem\u00e1s, a\u00f1ade que la iniciativa \u00abimpulsa la conexi\u00f3n entre el arte contempor\u00e1neo y el tejido urbano y cultural de Bilbao\u00bb. <\/p>\n<p class=\"v-p\">Lekha Hileman, por su parte, destaca que \u00abel intercambio entre artistas consagrados (en relaci\u00f3n a Kruger) y j\u00f3venes dise\u00f1adores amplifica la lectura del arte contempor\u00e1neo\u00bb. Y a\u00f1ade que \u00abesta intervenci\u00f3n proyecta sobre Bilbao la fuerza visual y conceptual de Barbara Kruger, invitando a pensar c\u00f3mo el arte puede habitar en otros espacios m\u00e1s all\u00e1 de los museos\u00bb.<\/p>\n","protected":false},"excerpt":{"rendered":"A la mayor\u00eda de la gente le gusta mucho el megamural ese que hay en Olabeaga y que&hellip;\n","protected":false},"author":2,"featured_media":273720,"comment_status":"","ping_status":"","sticky":false,"template":"","format":"standard","meta":{"footnotes":""},"categories":[173],"tags":[229,233,231,230,232,234,146,147,25,24,2615,5681,23,66948],"class_list":{"0":"post-273719","1":"post","2":"type-post","3":"status-publish","4":"format-standard","5":"has-post-thumbnail","7":"category-arte-y-diseno","8":"tag-arte","9":"tag-arte-y-diseno","10":"tag-arts","11":"tag-arts-and-design","12":"tag-design","13":"tag-diseno","14":"tag-entertainment","15":"tag-entretenimiento","16":"tag-es","17":"tag-espana","18":"tag-quiere","19":"tag-sonar","20":"tag-spain","21":"tag-zorrozaurre"},"share_on_mastodon":{"url":"https:\/\/pubeurope.com\/@es\/115671100517459884","error":""},"_links":{"self":[{"href":"https:\/\/www.europesays.com\/es\/wp-json\/wp\/v2\/posts\/273719","targetHints":{"allow":["GET"]}}],"collection":[{"href":"https:\/\/www.europesays.com\/es\/wp-json\/wp\/v2\/posts"}],"about":[{"href":"https:\/\/www.europesays.com\/es\/wp-json\/wp\/v2\/types\/post"}],"author":[{"embeddable":true,"href":"https:\/\/www.europesays.com\/es\/wp-json\/wp\/v2\/users\/2"}],"replies":[{"embeddable":true,"href":"https:\/\/www.europesays.com\/es\/wp-json\/wp\/v2\/comments?post=273719"}],"version-history":[{"count":0,"href":"https:\/\/www.europesays.com\/es\/wp-json\/wp\/v2\/posts\/273719\/revisions"}],"wp:featuredmedia":[{"embeddable":true,"href":"https:\/\/www.europesays.com\/es\/wp-json\/wp\/v2\/media\/273720"}],"wp:attachment":[{"href":"https:\/\/www.europesays.com\/es\/wp-json\/wp\/v2\/media?parent=273719"}],"wp:term":[{"taxonomy":"category","embeddable":true,"href":"https:\/\/www.europesays.com\/es\/wp-json\/wp\/v2\/categories?post=273719"},{"taxonomy":"post_tag","embeddable":true,"href":"https:\/\/www.europesays.com\/es\/wp-json\/wp\/v2\/tags?post=273719"}],"curies":[{"name":"wp","href":"https:\/\/api.w.org\/{rel}","templated":true}]}}