{"id":273723,"date":"2025-12-06T06:07:12","date_gmt":"2025-12-06T06:07:12","guid":{"rendered":"https:\/\/www.europesays.com\/es\/273723\/"},"modified":"2025-12-06T06:07:12","modified_gmt":"2025-12-06T06:07:12","slug":"el-salon-del-manga-abre-con-un-extasis-de-color-cosplay-entusiasmo-y-creatividad","status":"publish","type":"post","link":"https:\/\/www.europesays.com\/es\/273723\/","title":{"rendered":"El Sal\u00f3n del Manga abre con un \u00e9xtasis de color, &#8216;cosplay&#8217;, entusiasmo y creatividad"},"content":{"rendered":"<p style=\"\">El <strong>Sal\u00f3n del Manga ha abierto su 31 edici\u00f3n<\/strong> y la avalancha de otakus, los amantes m\u00e1s apasionados de la cultura japonesa, ha sido espectacular desde primer\u00edsima hora de la ma\u00f1ana. Hab\u00eda quien ven\u00eda disfrazada de <a href=\"https:\/\/www.abc.es\/play\/cine\/guardianes-noche-fortaleza-infinita-festin-visual-eleva-20250911103359-nt.html\" target=\"_self\" data-voc-vtm-id=\"in-text-traffic\" title=\"Mitsuri Kanroji, de &#039;Demon Slayer&#039;.\" data-mrf-link=\"www.abc.es\" rel=\"nofollow noopener\">Mitsuri Kanroji, de &#8216;Demon Slayer&#8217;.<\/a> Otros de  &#8230; All Might, de &#8216;My Hero Academy&#8217;. Incluso de Porco Rosso, el genial personaje del Studio Ghibli. Por supuesto, hab\u00eda cientos de Son Goku y algunos Monkey D. Luffy, de &#8216;One Piece&#8217; y unos m\u00e1s Naruto Uzumaki. Por haber, hab\u00eda hasta dos disfrazados de Spiderman, que al cruzarse se han mirado extra\u00f1ados y han dicho: \u00abquiz\u00e1 nos hemos equivocado de sitio\u00bb. Pero no, ah\u00ed estaban todos los disfraces bienvenidos. Los niveles de color, entusiasmo y creatividad son tan altos, y la sensaci\u00f3n de comunidad tan abrumadora, que el ambiente que se crea es absolutamente acogedor y maravilloso en todos los sentidos de la palabra, seas un fan o no.<\/p>\n<p class=\"voc-p\" style=\"\">La inauguraci\u00f3n del espacio, situado en la <strong>Feria Gran V\u00eda de l&#8217;Hospitalet,<\/strong> corri\u00f3 a cargo del ministro de Cultura, Ernest Urtasun, que empez\u00f3 a dar golpes de martillo a un barril de saque hasta abrirlo en se\u00f1al de buena suerte. El saque, una bebida tradicional japonesa con 15 grados de alcohol, y declarada patrimonio inmaterial de la UNESCO, sirvi\u00f3 para brindar por una edici\u00f3n que cuenta con la visita de autores como <strong>Shinishiro Watanabe, autor de &#8216;Cowboy Bebop&#8217;<\/strong>; Gou Tanabe, autor de las adaptaciones japonesas de los cuentos y novelas del maestro del terror H. P. Lovecraft; o Satoru Nii, el mangaka ( creador de mangas) responsable de &#8216;Wind breaker&#8217;. \u00ab\u00a1Campai!\u00bb, gritaron los asistentes.<\/p>\n<p class=\"voc-p\" style=\"\">En ese momento, todas las actividades ya hab\u00edan empezado, desde <strong>talleres de origami, a masterclasses de sushi, pasando por tutoriales de Aikido<\/strong> para todo aquel que quisiese. El Sal\u00f3n del Manga no es s\u00f3lo c\u00f3mics o animes, sino que pretende crear una especie de Jap\u00f3n de bolsillo con todas sus ideosincrasias bien representadas. \u00abEl Sal\u00f3n del Manga de Barcelona es, junto al de Par\u00eds, el m\u00e1s grande e importante de Europa y todo un referente. Hay que tener en cuenta que el manga es una puerta de entrada a la lectura muy importante en los j\u00f3venes. Es cultura, es creatividad y es industria y hay que darle mucho valor\u00bb, afirm\u00f3 Urtasun, que no se disfraz\u00f3, pero al menos s\u00ed conoci\u00f3 a Onachan, la mascota oficial de la feria.<\/p>\n<p class=\"voc-p\" style=\"\">El elemento central sigue siendo el c\u00f3mic f\u00edsico, el manga, aunque cada vez hay m\u00e1s espacio para el anime, su adaptaci\u00f3n audiovisual, y sobre todo por los videojuegos, que dominan pr\u00e1cticamente la mitad del espacio expositivo. La gran novedad de la \u00faltima d\u00e9cada ha sido la cada vez mayor presencia de dibujantes y creadores espa\u00f1oles en este g\u00e9nero que no puede ser m\u00e1s japon\u00e9s. \u00abDe peque\u00f1o, me encantaba<strong> &#8216;One piece&#8217; y &#8216;Dragon Ball&#8217; y &#8216;Naruto&#8217;,<\/strong> pero en la adolescencia me tropec\u00e9 en Facebook precisamente con &#8216;My Hero Academy&#8217; y la calidad del dibujo y la maravilla de sus historias me cambiaron la vida\u00bb, confiesa Guillem Casasola, m\u00e1s conocido como Drawill.<\/p>\n<p><img decoding=\"async\" loading=\"lazy\" src=\"https:\/\/www.europesays.com\/es\/wp-content\/uploads\/2025\/12\/1459073910-U57167526767arH-170x170@diario_abc.JPG\" class=\"voc-img\" width=\"170\" height=\"170\" alt=\"Imagen - \u00c9xito del Sal\u00f3n del Manga con exposiciones de Lovecraft y m\u00fasica anime en un ambiente \u00fanico\"\/><\/p>\n<p class=\"voc-title\">\u00c9xito del Sal\u00f3n del Manga con exposiciones de Lovecraft y m\u00fasica anime en un ambiente \u00fanico<\/p>\n<p class=\"voc-p\" style=\"\">Otra de las grandes representantes del manga espa\u00f1ol es <strong>Konata, que este a\u00f1o ha visto como su obra &#8216;Meaheim&#8217; se ha publicado en Jap\u00f3n<\/strong>. \u00abSiempre fue mi sue\u00f1o y ahora puedo decir que lo he cumplido. Claro, ahora me gustar\u00eda trasladar mis historias al anime, pero la gente no sabe la cantidad de mangas que se editan. La competencia es dur\u00edsima y s\u00f3lo los mejores llegan a tener su propia animaci\u00f3n. Tengo los pies en el suelo y no me hago ilusiones, pero s\u00ed, me encantar\u00eda\u00bb, confiesa.<\/p>\n<p class=\"voc-p\" style=\"\">Las exposiciones tambi\u00e9n tienen su espacio dentro del sal\u00f3n y una de las m\u00e1s interesantes, con dibujos originales, es el dedicado a <strong>Gou Tanabe y sus adaptaciones de los libros de terror de Lovecraft.<\/strong> La fusi\u00f3n de cultura g\u00f3tica americana y sensibilidad japonesa crea un h\u00edbrido que es dif\u00edcil de olvidar y da mayor profundidad a los mitos lovecratianos. \u00abEl mayor reto ha sido recrear un mundo veros\u00edmil sin romper el ambiente en que se cre\u00f3. Lo cierto es que si se narra lo cotidiano de forma realista, la aparici\u00f3n de los sobrenatural resultar\u00e1 m\u00e1s convincente. Creo que ah\u00ed reside el mayor desaf\u00edo y sentido de revivir la obra de Lovecraft\u00bb, comenta Tanabe.<\/p>\n<p>\nLa omnipresencia de la banda sonora de &#8216;Cowboy Bebop&#8217;\n<\/p>\n<p class=\"voc-p\" style=\"\">Por la tarde, estaba programado otro de los momentos cumbre del 31 Sal\u00f3n del Manga, <strong>el concierto del grupo Seatbelts<\/strong>. La formaci\u00f3n, liderada por Yoko Kanno, compositora de la banda sonora de &#8216;Cowboy Bebop&#8217;, es todo un referente a la hora de plasmar las bandas sonoras anime y juega siempre en un terreno heterog\u00e9neo donde mezcla rock con jazz, blues, pop y electr\u00f3nica. Hasta entonces, hab\u00eda multitud de actividades con las que distraerse, como visitar la &#8216;Maison Ghibli&#8217;, donde pod\u00edas ver todo tipo de &#8216;merchandising&#8217; de las pel\u00edculas del m\u00edtico Miyazaki. O ver la historia y evoluci\u00f3n de los robots gigantes del anime &#8216;Gundam&#8217;. O incluso vestirse de luchador de sumo y pelear con tus amigos en un tatami. \u00abVenimos cada a\u00f1o y sientes tanta libertad aqu\u00ed dentro. Deber\u00edan hacerlo dos veces al a\u00f1o\u00bb, afirma Virginia, una joven vestida con una versi\u00f3n femenina del personaje de Link de &#8216;The legend of Zelda&#8217;. Eso tiene el &#8216;cosplay&#8217;, que es un juego puro de imaginaci\u00f3n y no hay reglas que valgan.<\/p>\n<p class=\"voc-p\" style=\"\">En los pr\u00f3ximos tres d\u00edas, el sal\u00f3n acoger\u00e1 nombres como Takashi Matsuyama, gran amigo y confidente de <strong>Akira Toriyama, el creador de &#8216;Dragon Ball&#8217;,<\/strong> que se ha convertido en responsable de gran parte de los fondos de obras la m\u00edtica serie protagonizada por Goku y las bolas de drag\u00f3n. Adem\u00e1s, tambi\u00e9n visitar\u00e1 la feria Tsutomu Takahashi, que presentar\u00e1 nuevas creaciones como &#8216;Jumbo Max&#8217; y &#8216;Guitar Shop Rosie&#8217;. Por \u00faltimo, destacar la visita de Akemi Takada, la dise\u00f1adora de personajes como Lamu, Creamy Mami o Madoka.<\/p>\n","protected":false},"excerpt":{"rendered":"El Sal\u00f3n del Manga ha abierto su 31 edici\u00f3n y la avalancha de otakus, los amantes m\u00e1s apasionados&hellip;\n","protected":false},"author":2,"featured_media":273724,"comment_status":"","ping_status":"","sticky":false,"template":"","format":"standard","meta":{"footnotes":""},"categories":[91],"tags":[11692,9610,146,147,66950,25,24,66949,27671,3994,23],"class_list":{"0":"post-273723","1":"post","2":"type-post","3":"status-publish","4":"format-standard","5":"has-post-thumbnail","7":"category-entretenimiento","8":"tag-color","9":"tag-creatividad","10":"tag-entertainment","11":"tag-entretenimiento","12":"tag-entusiasmo","13":"tag-es","14":"tag-espana","15":"tag-extasis","16":"tag-manga","17":"tag-salon","18":"tag-spain"},"share_on_mastodon":{"url":"https:\/\/pubeurope.com\/@es\/115671128412077800","error":""},"_links":{"self":[{"href":"https:\/\/www.europesays.com\/es\/wp-json\/wp\/v2\/posts\/273723","targetHints":{"allow":["GET"]}}],"collection":[{"href":"https:\/\/www.europesays.com\/es\/wp-json\/wp\/v2\/posts"}],"about":[{"href":"https:\/\/www.europesays.com\/es\/wp-json\/wp\/v2\/types\/post"}],"author":[{"embeddable":true,"href":"https:\/\/www.europesays.com\/es\/wp-json\/wp\/v2\/users\/2"}],"replies":[{"embeddable":true,"href":"https:\/\/www.europesays.com\/es\/wp-json\/wp\/v2\/comments?post=273723"}],"version-history":[{"count":0,"href":"https:\/\/www.europesays.com\/es\/wp-json\/wp\/v2\/posts\/273723\/revisions"}],"wp:featuredmedia":[{"embeddable":true,"href":"https:\/\/www.europesays.com\/es\/wp-json\/wp\/v2\/media\/273724"}],"wp:attachment":[{"href":"https:\/\/www.europesays.com\/es\/wp-json\/wp\/v2\/media?parent=273723"}],"wp:term":[{"taxonomy":"category","embeddable":true,"href":"https:\/\/www.europesays.com\/es\/wp-json\/wp\/v2\/categories?post=273723"},{"taxonomy":"post_tag","embeddable":true,"href":"https:\/\/www.europesays.com\/es\/wp-json\/wp\/v2\/tags?post=273723"}],"curies":[{"name":"wp","href":"https:\/\/api.w.org\/{rel}","templated":true}]}}