{"id":273725,"date":"2025-12-06T06:08:11","date_gmt":"2025-12-06T06:08:11","guid":{"rendered":"https:\/\/www.europesays.com\/es\/273725\/"},"modified":"2025-12-06T06:08:11","modified_gmt":"2025-12-06T06:08:11","slug":"samsung-nos-muestra-el-unboxing-del-galaxy-z-trifold-dispositivos","status":"publish","type":"post","link":"https:\/\/www.europesays.com\/es\/273725\/","title":{"rendered":"Samsung nos muestra el \u201cunboxing\u201d del Galaxy Z TriFold | Dispositivos"},"content":{"rendered":"<p>Samsung <a href=\"https:\/\/los40.com\/2025\/12\/02\/galaxy-trifold-el-telefono-de-tres-pliegues-de-samsung-se-hace-realidad\/\" target=\"_blank\" rel=\"nofollow noopener\">present\u00f3 oficialmente su primer tel\u00e9fono de tres pliegues<\/a> hace tan solo unos d\u00edas. Aunque a\u00fan no ha llegado al mercado, un nuevo video de la marca nos ofrece lo que se conoce como \u201cunboxing\u201d, sacarlo de la caja para ver lo que trae en su interior, y as\u00ed ofrecernos un <b>vistazo completo al tel\u00e9fono y su contenido<\/b>.<\/p>\n<p>El video del Galaxy Z TriFold y sus accesorios muestra un paquete m\u00e1s generoso que la mayor\u00eda de los tel\u00e9fonos de gama alta recientes. Por primera vez en a\u00f1os, la marca coreana <b>ofrece a los usuarios el cargador<\/b>, una caracter\u00edstica que muchos fabricantes han dejado de incluir.<\/p>\n<p><img decoding=\"async\" src=\"https:\/\/www.europesays.com\/es\/wp-content\/uploads\/2025\/12\/5GXTT7SLJNFXZGBRJMQXV6SPZM.jpg\" alt=\"Samsung Galazy Z TriFold\" width=\"16\" height=\"9\"  loading=\"lazy\"\/><\/p>\n<p>Samsung Galazy Z TriFold<\/p>\n<p>Ampliar<img decoding=\"async\" src=\"https:\/\/www.europesays.com\/es\/wp-content\/uploads\/2025\/12\/1765001290_101_5GXTT7SLJNFXZGBRJMQXV6SPZM.jpg\" alt=\"Samsung Galazy Z TriFold\" width=\"16\" height=\"9\" loading=\"lazy\"\/><\/p>\n<p>Samsung Galazy Z TriFold<\/p>\n<p>Cerrar<\/p>\n<p>Sin embargo, no deber\u00eda sorprendernos dado el alto precio que se espera que tenga, alrededor de 2.500 d\u00f3lares, por lo que incluir el cargador <b>no deber\u00eda parecernos un milagro<\/b>. El tel\u00e9fono saldr\u00e1 al mercado coreano en unos d\u00edas, mientras que se espera que se lance en Estados Unidos a principios del pr\u00f3ximo a\u00f1o, lo que lo convertir\u00e1 en el primer m\u00f3vil de tres pliegues que vean por all\u00ed, ya que <a href=\"https:\/\/los40.com\/2025\/09\/09\/huawei-anuncia-su-segundo-telefono-de-tres-pliegues-el-xts-ultimate-design\/\" target=\"_blank\" rel=\"nofollow noopener\">Huawei y su Mate XTs no son bienvenidos por all\u00ed<\/a>.<\/p>\n<p><img decoding=\"async\" src=\"https:\/\/los40.com\/pf\/resources\/img\/logo-40-v-c.svg?d=917\" alt=\"LOS40\" class=\"i-pro\" width=\"68\" height=\"68\" loading=\"lazy\"\/><\/p>\n<p>En la caja, los clientes encontrar\u00e1n lo siguiente: Cargador de 45W, cable USB-C a USB-C, funda Carbon Shield, la herramienta para extraer la tarjeta SIM y la documentaci\u00f3n necesaria. Adem\u00e1s, en el video se muestra <b>la funda Carbon Standing Case<\/b> para posar el tel\u00e9fono, aunque se vender\u00e1 por separado.<\/p>\n<p>El unboxing tambi\u00e9n muestra el dise\u00f1o del tel\u00e9fono en detalle. Destacan tanto la <b>pantalla flexible interna de 10 pulgadas<\/b> como la pantalla externa de 6.5 pulgadas, esta \u00faltima con un revestimiento antirreflejante que mejora la visibilidad.<\/p>\n<p>El video tambi\u00e9n muestra funciones de Galaxy AI como \u2018C\u00edrculo para buscar\u2019, adem\u00e1s de la multitarea en acci\u00f3n: los usuarios podr\u00e1n abrir varias aplicaciones a la vez y ajustar su tama\u00f1o para adaptarlas a su flujo de trabajo.<\/p>\n<p>Ver el Galaxy Z TriFold en acci\u00f3n se podr\u00eda decir que \u201cmola\u201d bastante. Es un tel\u00e9fono elegante y <b>uno se da cuenta que es de gama alta enseguida<\/b>. Eso s\u00ed, es m\u00e1s voluminoso que el Galaxy Z Fold 7, lo cual es comprensible dado que se despliega hasta alcanzar la friolera de 25 cent\u00edmetros de diagonal.<\/p>\n<p><img decoding=\"async\" src=\"https:\/\/www.europesays.com\/es\/wp-content\/uploads\/2025\/12\/VVQRSH4QP5CQ7AM4I2RUJQBQ7E.jpg\" alt=\"Samsung Galaxy Z Trifold\" width=\"4\" height=\"3\"  loading=\"lazy\"\/><\/p>\n<p>Samsung Galaxy Z Trifold<\/p>\n<p>Ampliar<img decoding=\"async\" src=\"https:\/\/www.europesays.com\/es\/wp-content\/uploads\/2025\/12\/1765001291_732_VVQRSH4QP5CQ7AM4I2RUJQBQ7E.jpg\" alt=\"Samsung Galaxy Z Trifold\" width=\"4\" height=\"3\" loading=\"lazy\"\/><\/p>\n<p>Samsung Galaxy Z Trifold<\/p>\n<p>Cerrar<\/p>\n<p>La funda para ponerlo en pie parece muy pr\u00e1ctica para trabajar sobre la marcha, ya que permite apoyar el tel\u00e9fono y <b>realizar m\u00faltiples tareas de forma m\u00e1s eficiente<\/b>. Puestos a pedir, y por el precio que saldr\u00e1, Samsung podr\u00eda haberla incluido tambi\u00e9n en la caja, pero al menos incluye un cargador y la funda Carbon Shield Case, que como decimos, es m\u00e1s de lo que ofrece la mayor\u00eda.<\/p>\n","protected":false},"excerpt":{"rendered":"Samsung present\u00f3 oficialmente su primer tel\u00e9fono de tres pliegues hace tan solo unos d\u00edas. Aunque a\u00fan no ha&hellip;\n","protected":false},"author":2,"featured_media":273726,"comment_status":"","ping_status":"","sticky":false,"template":"","format":"standard","meta":{"footnotes":""},"categories":[81],"tags":[119,123,124,25,24,117,121,122,23,118,120],"class_list":{"0":"post-273725","1":"post","2":"type-post","3":"status-publish","4":"format-standard","5":"has-post-thumbnail","7":"category-ciencia-y-tecnologia","8":"tag-ciencia","9":"tag-ciencia-y-tecnologia","10":"tag-cienciaytecnologia","11":"tag-es","12":"tag-espana","13":"tag-science","14":"tag-science-and-technology","15":"tag-scienceandtechnology","16":"tag-spain","17":"tag-technology","18":"tag-tecnologia"},"share_on_mastodon":{"url":"https:\/\/pubeurope.com\/@es\/115671132635190136","error":""},"_links":{"self":[{"href":"https:\/\/www.europesays.com\/es\/wp-json\/wp\/v2\/posts\/273725","targetHints":{"allow":["GET"]}}],"collection":[{"href":"https:\/\/www.europesays.com\/es\/wp-json\/wp\/v2\/posts"}],"about":[{"href":"https:\/\/www.europesays.com\/es\/wp-json\/wp\/v2\/types\/post"}],"author":[{"embeddable":true,"href":"https:\/\/www.europesays.com\/es\/wp-json\/wp\/v2\/users\/2"}],"replies":[{"embeddable":true,"href":"https:\/\/www.europesays.com\/es\/wp-json\/wp\/v2\/comments?post=273725"}],"version-history":[{"count":0,"href":"https:\/\/www.europesays.com\/es\/wp-json\/wp\/v2\/posts\/273725\/revisions"}],"wp:featuredmedia":[{"embeddable":true,"href":"https:\/\/www.europesays.com\/es\/wp-json\/wp\/v2\/media\/273726"}],"wp:attachment":[{"href":"https:\/\/www.europesays.com\/es\/wp-json\/wp\/v2\/media?parent=273725"}],"wp:term":[{"taxonomy":"category","embeddable":true,"href":"https:\/\/www.europesays.com\/es\/wp-json\/wp\/v2\/categories?post=273725"},{"taxonomy":"post_tag","embeddable":true,"href":"https:\/\/www.europesays.com\/es\/wp-json\/wp\/v2\/tags?post=273725"}],"curies":[{"name":"wp","href":"https:\/\/api.w.org\/{rel}","templated":true}]}}