{"id":273731,"date":"2025-12-06T06:11:12","date_gmt":"2025-12-06T06:11:12","guid":{"rendered":"https:\/\/www.europesays.com\/es\/273731\/"},"modified":"2025-12-06T06:11:12","modified_gmt":"2025-12-06T06:11:12","slug":"el-pp-lanza-una-ofensiva-sobre-la-relacion-con-marruecos-tras-la-reunion-de-alto-nivel-en-la-moncloa","status":"publish","type":"post","link":"https:\/\/www.europesays.com\/es\/273731\/","title":{"rendered":"El PP lanza una ofensiva sobre la relaci\u00f3n con Marruecos tras la reuni\u00f3n de alto nivel en la Moncloa"},"content":{"rendered":"<p style=\"\">El Grupo Parlamentario Popular en el Senado registr\u00f3 este jueves varias bater\u00edas de preguntas al Ejecutivo sobre las relaciones entre Espa\u00f1a y Marruecos. Tras la reuni\u00f3n de alto nivel entre ambos pa\u00edses en la que el presidente del Gobierno, <a href=\"https:\/\/www.abc.es\/espana\/sanchez-reafirma-sahara-despacha-cumbre-marruecos-hablar-20251204190838-nt.html\" target=\"_self\" data-voc-vtm-id=\"in-text-traffic\" title=\"Pedro S\u00e1nchez\" rel=\"nofollow noopener\">Pedro S\u00e1nchez<\/a>, recibi\u00f3 en la  &#8230; Moncloa al primer ministro marroqu\u00ed, Aziz Ajanuch, los recelos en el PP han ido &#8216;in crescendo&#8217;, sobre todo teniendo en cuenta las escasas explicaciones ofrecidas.<\/p>\n<p class=\"voc-p\" style=\"\">Este diario ha tenido acceso a las iniciativas registradas por el PP, que reclaman respuestas por escrito al Gobierno de PSOE y Sumar, y en ellas se constata la desconfianza hacia la pol\u00edtica exterior que encabeza el ministro Jos\u00e9 Manuel Albares. En primer lugar, el grupo parlamentario que lidera Alicia Garc\u00eda remarca que Rabat, en su relaci\u00f3n bilateral con Madrid, es percibida como \u00abla parte negociadora en posici\u00f3n de mayor fuerza\u00bb, m\u00e1s si cabe tras el respaldo internacional que ha ido recibiendo su propuesta sobre el Sahara Occidental, empezando por el hist\u00f3rico cambio de posici\u00f3n de Espa\u00f1a en 2022.<\/p>\n<p class=\"voc-p\" style=\"\">El PP exige al Gobierno que aclare si tiene intenci\u00f3n de ceder total o parcialmente a Marruecos la gesti\u00f3n del <a href=\"https:\/\/www.abc.es\/espana\/canarias\/coalicion-canaria-plantea-retirar-apoyo-sanchez-excluir-20251206044212-nt.html\" target=\"_self\" data-voc-vtm-id=\"in-text-traffic\" title=\"espacio a\u00e9reo\" rel=\"nofollow noopener\">espacio a\u00e9reo<\/a> sobre la antigua colonia espa\u00f1ola, que hasta ahora la ha ejercido Espa\u00f1a a trav\u00e9s de la regi\u00f3n de informaci\u00f3n de vuelo de las islas Canarias. Tambi\u00e9n si se ha consultado con los socios de la Uni\u00f3n Europea y de la OTAN.<\/p>\n<p class=\"voc-p\" style=\"\">El 18 de marzo del 2022 trascendi\u00f3 una carta que unos d\u00edas antes le hab\u00eda enviado S\u00e1nchez al Rey de Marruecos, Mohamed VI, en la que reconoc\u00eda el plan de autonom\u00eda marroqu\u00ed para el Sahara Occidental como la propuesta \u00abm\u00e1s seria, cre\u00edble y realista para la resoluci\u00f3n\u00bb del conflicto sobre la soberan\u00eda de la regi\u00f3n. El giro, unilateral y hecho a espaldas del entonces socio de coalici\u00f3n del PSOE, Unidas Podemos, romp\u00eda con 46 a\u00f1os de consenso en Espa\u00f1a: la reclamaci\u00f3n de un refer\u00e9ndum de autodeterminaci\u00f3n para que los saharauis decidiesen su futuro pol\u00edtico.<\/p>\n<p class=\"voc-p\" style=\"\">S\u00e1nchez tom\u00f3 esta decisi\u00f3n meses despu\u00e9s de la crisis migratoria que se desat\u00f3 en mayo del 2021, con la entrada masiva de miles personas en Ceuta a nado y a pie sin que las autoridades marroqu\u00edes hiciesen nada por impedirlo. Algo que, a su vez, respond\u00eda a las tensiones diplom\u00e1ticas por la acogida del l\u00edder del Frente Polisario, Brahim Gali, en un hospital de Logro\u00f1o un mes antes por haber sido contagiado de Covid-19.<\/p>\n<p class=\"voc-title\">La reuni\u00f3n de alto nivel de esta semana se ha solventado con una nota de prensa y una declaraci\u00f3n conjunta escrita, sin periodistas<\/p>\n<p class=\"voc-p\" style=\"\">La oposici\u00f3n interpret\u00f3 entonces el cambio de posici\u00f3n dictado por S\u00e1nchez como la cesi\u00f3n a un chantaje de Marruecos -la soberan\u00eda sobre el Sahara a cambio del control de los flujos migratorios- y, desde entonces, ha observado con escepticismo todo lo relacionado con el trato al Reino alau\u00ed. M\u00e1s despu\u00e9s de que la reuni\u00f3n de alto nivel de esta semana, <a href=\"https:\/\/www.abc.es\/espana\/gobierno-veta-prensa-cumbre-marruecos-madrid-evitar-20251203120449-nt.html\" target=\"_self\" data-voc-vtm-id=\"in-text-traffic\" title=\"como public\u00f3 ABC\" rel=\"nofollow noopener\">como public\u00f3 ABC<\/a>, se solventase sin ninguna rueda de prensa y con la \u00fanica explicaci\u00f3n oficial de un comunicado de la Moncloa y una declaraci\u00f3n conjunta de ambos pa\u00edses de veintitr\u00e9s folios.<\/p>\n<p class=\"voc-p\" style=\"\">Con todo este contexto en mente, los senadores del PP quieren que el Gobierno explique, entre otras cuestiones, qu\u00e9 garant\u00edas le ofrece Marruecos de cumplir los compromisos adquiridos; c\u00f3mo va a resolver la controversia por la delimitaci\u00f3n de aguas entre Canarias y el Sahara y la disputa sobre el monte submarino Tropic, rico en minerales estrat\u00e9gicos esenciales para la transici\u00f3n energ\u00e9tica; por qu\u00e9 las aduanas comerciales pactadas en Ceuta y Melilla siguen sin funcionar \u00abcon plena normalidad y estabilidad\u00bb y c\u00f3mo evitar\u00e1 que Rabat las use como herramienta de presi\u00f3n econ\u00f3mica; qu\u00e9 respuesta diplom\u00e1tica se dar\u00e1 a las autoridades marroqu\u00edes que niegan la soberan\u00eda espa\u00f1ola sobre las dos ciudades aut\u00f3nomas; y c\u00f3mo se asegurar\u00e1 que la inmigraci\u00f3n no se use como moneda pol\u00edtica.<\/p>\n","protected":false},"excerpt":{"rendered":"El Grupo Parlamentario Popular en el Senado registr\u00f3 este jueves varias bater\u00edas de preguntas al Ejecutivo sobre las&hellip;\n","protected":false},"author":2,"featured_media":273732,"comment_status":"","ping_status":"","sticky":false,"template":"","format":"standard","meta":{"footnotes":""},"categories":[8],"tags":[3196,17,18,25,24,13,14,11,2629,19,20,4485,10277,9,3579,10,15,16,9071,956,5977,7458,57,23,12,575,21,22],"class_list":{"0":"post-273731","1":"post","2":"type-post","3":"status-publish","4":"format-standard","5":"has-post-thumbnail","7":"category-espana","8":"tag-alto","9":"tag-breaking-news","10":"tag-breakingnews","11":"tag-es","12":"tag-espana","13":"tag-featured-news","14":"tag-featurednews","15":"tag-headlines","16":"tag-lanza","17":"tag-latest-news","18":"tag-latestnews","19":"tag-marruecos","20":"tag-moncloa","21":"tag-news","22":"tag-nivel","23":"tag-noticias","24":"tag-noticias-destacadas","25":"tag-noticiasdestacadas","26":"tag-ofensiva","27":"tag-pp","28":"tag-relacion","29":"tag-reunion","30":"tag-sobre","31":"tag-spain","32":"tag-titulares","33":"tag-tras","34":"tag-ultimas-noticias","35":"tag-ultimasnoticias"},"share_on_mastodon":{"url":"https:\/\/pubeurope.com\/@es\/115671143756667298","error":""},"_links":{"self":[{"href":"https:\/\/www.europesays.com\/es\/wp-json\/wp\/v2\/posts\/273731","targetHints":{"allow":["GET"]}}],"collection":[{"href":"https:\/\/www.europesays.com\/es\/wp-json\/wp\/v2\/posts"}],"about":[{"href":"https:\/\/www.europesays.com\/es\/wp-json\/wp\/v2\/types\/post"}],"author":[{"embeddable":true,"href":"https:\/\/www.europesays.com\/es\/wp-json\/wp\/v2\/users\/2"}],"replies":[{"embeddable":true,"href":"https:\/\/www.europesays.com\/es\/wp-json\/wp\/v2\/comments?post=273731"}],"version-history":[{"count":0,"href":"https:\/\/www.europesays.com\/es\/wp-json\/wp\/v2\/posts\/273731\/revisions"}],"wp:featuredmedia":[{"embeddable":true,"href":"https:\/\/www.europesays.com\/es\/wp-json\/wp\/v2\/media\/273732"}],"wp:attachment":[{"href":"https:\/\/www.europesays.com\/es\/wp-json\/wp\/v2\/media?parent=273731"}],"wp:term":[{"taxonomy":"category","embeddable":true,"href":"https:\/\/www.europesays.com\/es\/wp-json\/wp\/v2\/categories?post=273731"},{"taxonomy":"post_tag","embeddable":true,"href":"https:\/\/www.europesays.com\/es\/wp-json\/wp\/v2\/tags?post=273731"}],"curies":[{"name":"wp","href":"https:\/\/api.w.org\/{rel}","templated":true}]}}