{"id":273737,"date":"2025-12-06T06:21:11","date_gmt":"2025-12-06T06:21:11","guid":{"rendered":"https:\/\/www.europesays.com\/es\/273737\/"},"modified":"2025-12-06T06:21:11","modified_gmt":"2025-12-06T06:21:11","slug":"el-valencia-basket-esculpe-una-obra-de-arte-en-la-tierra-de-los-dioses","status":"publish","type":"post","link":"https:\/\/www.europesays.com\/es\/273737\/","title":{"rendered":"El Valencia Basket esculpe una obra de arte en la tierra de los dioses"},"content":{"rendered":"<p>El Valencia Basket a\u00fan no tiene una gran historia en la Euroliga, ha disputado demasiadas ediciones de la Eurocup para que sea as\u00ed, pero el  &#8230; triunfo que se trabaj\u00f3 en Atenas es de los m\u00e1s brillantes en su historia en la competici\u00f3n. Por el rival, que llegaba en su mejor momento del curso y con siete banderas de campe\u00f3n de Europa en el techo, por el escenario, el OAKA impone nada m\u00e1s que entras por la puerta, y porque tuvo que sobreponerse a una primera parte con muchos altibajos para, con personalidad y las mejores versiones de Taylor y Thompson desde que visten de taronja, llevarse un triunfo de prestigio que coloca a los de Pedro Mart\u00ednez cuartos de la competici\u00f3n, con un balance de 9-5 y +52, adelantando de una tacada al propio Panathinaikos y al Bar\u00e7a. <\/p>\n<p class=\"v-p\">El triunfo cost\u00f3 mucho. Vaya si cost\u00f3. El primer tiempo termin\u00f3 con una falta no pitada sobre Taylor, al que le asieron las caderas para sacarle a bailar, y con un 44-38 para los verdes tras dos cuartos con intercambio de parciales en el que ninguno de los dos equipos logr\u00f3 encontrar una producci\u00f3n regular. Los de Ataman fueron los que dieron el \u00faltimo golpe con un parcial de 12-4 que fue la contestaci\u00f3n al anterior, de 2-13 para los de Pedro Mart\u00ednez que hab\u00eda llevado el partido desde la m\u00e1xima renta de los de Atenas, un 30-21 con Nunn desatado, a un 32-34 que subi\u00f3 Badio.<\/p>\n<p class=\"v-p\">El Valencia Basket sufri\u00f3 mucho en el segundo cuarto para lograr agarrarse al partido. Tras un arranque de campanillas, con buen tono defensivo y un 3-8 con dos triples de Taylor, el Panathinaikos contest\u00f3 con el primero de los parciales que se intercambiaron los dos equipos, un 13-3 para subir el 16-11 y obligar a Pedro Mart\u00ednez a pedir tiempo muerto. Restaban dos minutos de primer cuarto, que termin\u00f3 con 22-19 y un equipo valenciano aguantando con un buen tino en el triple (5 de 12). El problema en el segundo cuarto es que fall\u00f3 m\u00e1s mu\u00f1eca, 2 de 9, y se cuid\u00f3 peor el bal\u00f3n, con 5 p\u00e9rdidas por 2 en el primer tramo. Tocaba sufrir y dar un golpe. <\/p>\n<p class=\"v-p\">La mejor definici\u00f3n de lo ocurrido tras el paso por vestuarios la describi\u00f3 Pedro Mart\u00ednez, tras el partido a pregunta de este peri\u00f3dico: \u00abLa diferencia que nos ha sacado en la primera parte ha sido demasiado grande para lo que se ha visto y en el inicio del tercer cuarto nos hemos pasado mejor el bal\u00f3n, y cargando el rebote y creo que hemos acabado haciendo un cuarto excelente\u00bb. Liderados por Thompson, al que hasta Ataman se\u00f1al\u00f3 como una de las claves del triunfo del Valencia Basket, esa personalidad de los taronja se vio desde el primer instante, con un 0-9 de arranque en 1 minuto y 54 segundos que forz\u00f3 el tiempo muerto local con 44-47en el marcador. Cuando el Panathinaikos se acerc\u00f3 hasta el 61-62, los taronja supieron sufrir para conservar la ventaja (17-27 de parcial en el tercer cuarto) y pegar el golpe en el \u00faltimo, en cuanto vieron flaquear al rival. A los grandes equipos, cuando dudan, no hay que perdonarlos. Tras subir la m\u00e1xima renta (65-75) un mate brutal de Thompson sobre Juancho Hernang\u00f3mez, con adicional, fue el s\u00edmbolo del triunfo gigante en Atenas. El viaje de los taronja sirvi\u00f3 para que \u00c1lvaro C\u00e1rdenas, que est\u00e1 cedido por la entidad valenciana en el Peristeri, visitara a la expedici\u00f3n. Con contrato con el Valencia Basket hasta 2027, el internacional tambi\u00e9n pudo charlar con el director general, Enric Carbonell, el director deportivo, Luis Arbalejo, y el entrenador Pedro Mart\u00ednez. Las tres personas que deber\u00e1n decidir el pr\u00f3ximo verano si merece la oportunidad de dar el salto a la plantilla.<\/p>\n<p class=\"v-p\"><strong>Panathinakos:<\/strong> Shorts (19), Nunn (23), Rogkavopoulos (-), Hernang\u00f3mez (6) y Faried (2), cinco inicial, Kalaitzakis (-), Sloukas (12), Grant (4), Mitoglou (12) y Yurtseven (1).<\/p>\n<p class=\"v-p\"><strong>Valencia Basket: <\/strong>Thompson (19), Moore (9), Taylor (18), Costello (3) y Sako (4), cinco inicial, Badio (12), Puerto (3), Reuvers (8), Pradilla (5), De Larrea (4) y Sima (4).<\/p>\n<p class=\"v-p\"><strong>Parciales:<\/strong> 22-19, 22-19 (44-38), 17-27 (61-65) y 18-24 (79-89). <\/p>\n<p class=\"v-p\"><strong>\u00c1rbitros:<\/strong> Ilija Belosevic (SER), Milan Nedovic (ESL) y Gytis Vilius (LIT).<\/p>\n<p class=\"v-p\"><strong>Incidencias:<\/strong> 18.911 espectadores.<\/p>\n","protected":false},"excerpt":{"rendered":"El Valencia Basket a\u00fan no tiene una gran historia en la Euroliga, ha disputado demasiadas ediciones de la&hellip;\n","protected":false},"author":2,"featured_media":273738,"comment_status":"","ping_status":"","sticky":false,"template":"","format":"standard","meta":{"footnotes":""},"categories":[269],"tags":[229,299,1918,298,168,22491,25,24,11812,4125,23,167,1934,235],"class_list":{"0":"post-273737","1":"post","2":"type-post","3":"status-publish","4":"format-standard","5":"has-post-thumbnail","7":"category-baloncesto","8":"tag-arte","9":"tag-baloncesto","10":"tag-basket","11":"tag-basketball","12":"tag-deportes","13":"tag-dioses","14":"tag-es","15":"tag-espana","16":"tag-logra","17":"tag-obra","18":"tag-spain","19":"tag-sports","20":"tag-tierra","21":"tag-valencia"},"share_on_mastodon":{"url":"https:\/\/pubeurope.com\/@es\/115671183144960339","error":""},"_links":{"self":[{"href":"https:\/\/www.europesays.com\/es\/wp-json\/wp\/v2\/posts\/273737","targetHints":{"allow":["GET"]}}],"collection":[{"href":"https:\/\/www.europesays.com\/es\/wp-json\/wp\/v2\/posts"}],"about":[{"href":"https:\/\/www.europesays.com\/es\/wp-json\/wp\/v2\/types\/post"}],"author":[{"embeddable":true,"href":"https:\/\/www.europesays.com\/es\/wp-json\/wp\/v2\/users\/2"}],"replies":[{"embeddable":true,"href":"https:\/\/www.europesays.com\/es\/wp-json\/wp\/v2\/comments?post=273737"}],"version-history":[{"count":0,"href":"https:\/\/www.europesays.com\/es\/wp-json\/wp\/v2\/posts\/273737\/revisions"}],"wp:featuredmedia":[{"embeddable":true,"href":"https:\/\/www.europesays.com\/es\/wp-json\/wp\/v2\/media\/273738"}],"wp:attachment":[{"href":"https:\/\/www.europesays.com\/es\/wp-json\/wp\/v2\/media?parent=273737"}],"wp:term":[{"taxonomy":"category","embeddable":true,"href":"https:\/\/www.europesays.com\/es\/wp-json\/wp\/v2\/categories?post=273737"},{"taxonomy":"post_tag","embeddable":true,"href":"https:\/\/www.europesays.com\/es\/wp-json\/wp\/v2\/tags?post=273737"}],"curies":[{"name":"wp","href":"https:\/\/api.w.org\/{rel}","templated":true}]}}