{"id":273739,"date":"2025-12-06T06:22:12","date_gmt":"2025-12-06T06:22:12","guid":{"rendered":"https:\/\/www.europesays.com\/es\/273739\/"},"modified":"2025-12-06T06:22:12","modified_gmt":"2025-12-06T06:22:12","slug":"valverde-recupera-a-sancet-y-protege-a-inaki-williams-que-regresara-a-las-listas-frente-a-psg-o-celta","status":"publish","type":"post","link":"https:\/\/www.europesays.com\/es\/273739\/","title":{"rendered":"Valverde recupera a Sancet y protege a I\u00f1aki Williams, que regresar\u00e1 a las listas frente a PSG o Celta"},"content":{"rendered":"<p data-mrf-recirculation=\"Links P\u00e1rrafos\" class=\"ue-c-article__paragraph paragraph ue-c-article--first-letter-highlighted\">El Athletic espera ya el partido de este s\u00e1bado ante el Atl\u00e9tico en el <strong>duelo de los dos equipos de Supercopa que han perdido sus \u00faltimos partidos de Liga<\/strong>, a su vez adelantados para que los cuatro participantes del torneo que repetir\u00e1 en Arabia como sede tengan liberada la Liga el segundo fin de semana de enero. El Athletic perdi\u00f3 con el Real Madrid el mi\u00e9rcoles en San Mam\u00e9s y el Atl\u00e9tico lo hizo un d\u00eda antes con el Barcelona en el Spotify Camp Nou.<\/p>\n<p data-mrf-recirculation=\"Links P\u00e1rrafos\" class=\"ue-c-article__paragraph paragraph\"><strong>Valverde ha convocado a 23 futbolistas<\/strong>. En esta ocasi\u00f3n no habr\u00e1 espacio para Eder Garc\u00eda mientras que se mantiene Buj\u00e1n con respecto al partido ante el Real Madrid, y sigue Selton, habitual en la din\u00e1mica del primer equipo desde su debut ante el Newcastle. La principal novedad en la citaci\u00f3n es la <strong>vuelta de Sancet, que ya est\u00e1 disponible tras cumplir dos partidos de sanci\u00f3n por la expulsi\u00f3n<\/strong> con roja directa que recibi\u00f3 tres jornadas atr\u00e1s frente al Barcelona.<\/p>\n<p><img decoding=\"async\" width=\"1080\" height=\"1350\" class=\"ue-c-article__image lazyload\" alt=\"Convocatoria del Athletic ante el Atl\u00e9tico\" loading=\"lazy\" src=\"https:\/\/www.europesays.com\/es\/wp-content\/uploads\/2025\/12\/6933289eab89e.jpeg\"\/><\/p>\n<p>Convocatoria del Athletic ante el Atl\u00e9tico<\/p>\n<p data-mrf-recirculation=\"Links P\u00e1rrafos\" class=\"ue-c-article__paragraph paragraph\">En el grupo convocado por Valverd<strong>e no hay todav\u00eda lugar para I\u00f1aki Williams<\/strong>, que ya ha empezado a realizar entrenamientos con el grupo despu\u00e9s de seis semanas de recuperaci\u00f3n de una lesi\u00f3n en el aductor con afectaci\u00f3n tendinosa. El capit\u00e1n del Athletic<strong> tratar\u00e1 de estar a disposici\u00f3n del t\u00e9cnico para el partido de Champions con el PSG<\/strong>. En el peor de los casos se espera su vuelta para el duelo liguero ante el Celta.<\/p>\n","protected":false},"excerpt":{"rendered":"El Athletic espera ya el partido de este s\u00e1bado ante el Atl\u00e9tico en el duelo de los dos&hellip;\n","protected":false},"author":2,"featured_media":273740,"comment_status":"","ping_status":"","sticky":false,"template":"","format":"standard","meta":{"footnotes":""},"categories":[268],"tags":[168,25,24,280,282,281,23,167],"class_list":{"0":"post-273739","1":"post","2":"type-post","3":"status-publish","4":"format-standard","5":"has-post-thumbnail","7":"category-futbol","8":"tag-deportes","9":"tag-es","10":"tag-espana","11":"tag-football","12":"tag-futbol","13":"tag-soccer","14":"tag-spain","15":"tag-sports"},"share_on_mastodon":{"url":"https:\/\/pubeurope.com\/@es\/115671187585249071","error":""},"_links":{"self":[{"href":"https:\/\/www.europesays.com\/es\/wp-json\/wp\/v2\/posts\/273739","targetHints":{"allow":["GET"]}}],"collection":[{"href":"https:\/\/www.europesays.com\/es\/wp-json\/wp\/v2\/posts"}],"about":[{"href":"https:\/\/www.europesays.com\/es\/wp-json\/wp\/v2\/types\/post"}],"author":[{"embeddable":true,"href":"https:\/\/www.europesays.com\/es\/wp-json\/wp\/v2\/users\/2"}],"replies":[{"embeddable":true,"href":"https:\/\/www.europesays.com\/es\/wp-json\/wp\/v2\/comments?post=273739"}],"version-history":[{"count":0,"href":"https:\/\/www.europesays.com\/es\/wp-json\/wp\/v2\/posts\/273739\/revisions"}],"wp:featuredmedia":[{"embeddable":true,"href":"https:\/\/www.europesays.com\/es\/wp-json\/wp\/v2\/media\/273740"}],"wp:attachment":[{"href":"https:\/\/www.europesays.com\/es\/wp-json\/wp\/v2\/media?parent=273739"}],"wp:term":[{"taxonomy":"category","embeddable":true,"href":"https:\/\/www.europesays.com\/es\/wp-json\/wp\/v2\/categories?post=273739"},{"taxonomy":"post_tag","embeddable":true,"href":"https:\/\/www.europesays.com\/es\/wp-json\/wp\/v2\/tags?post=273739"}],"curies":[{"name":"wp","href":"https:\/\/api.w.org\/{rel}","templated":true}]}}