{"id":273743,"date":"2025-12-06T06:24:24","date_gmt":"2025-12-06T06:24:24","guid":{"rendered":"https:\/\/www.europesays.com\/es\/273743\/"},"modified":"2025-12-06T06:24:24","modified_gmt":"2025-12-06T06:24:24","slug":"190-metros-con-vistas-a-toda-barcelona-asi-es-la-reforma-de-un-espectacular-atico-en-el-tibidabo-icon-design","status":"publish","type":"post","link":"https:\/\/www.europesays.com\/es\/273743\/","title":{"rendered":"190 metros con vistas a toda Barcelona: as\u00ed es la reforma de un espectacular \u00e1tico en el Tibidabo | ICON Design"},"content":{"rendered":"<p class=\"\">Ana y Oscar, dramaturga y abogado, compraron un amplio \u00e1tico al pie de la sierra del Tibidabo en Barcelona, justo en el punto donde la trama urbana inicia su ascenso hacia la monta\u00f1a. Esta posici\u00f3n privilegiada ofrece una panor\u00e1mica poco com\u00fan de la ciudad, que abarca desde la sierra de Collserola hasta el centro y el mar. \u201cEl \u00e1tico no era de origen del edificio (aunque pod\u00eda parecerlo) y contaba con una reforma interior de principios del 2000 para una familia grande, con largos pasillos y espacios segregados que daban a las diferentes habitaciones\u201d, comienza <a href=\"https:\/\/mhap.studio\/\" target=\"_self\" rel=\"nofollow noopener\" title=\"https:\/\/mhap.studio\/\">MH.AP, el joven estudio encargado de reformar la vivienda<\/a>. Su cambio integral ha priorizado las zonas sociales con vistas generosas, la luz natural y la calma mediterr\u00e1nea. Marina Huguet (Reus, Espa\u00f1a) y Andr\u00e9s Pe\u00f1uela (Medell\u00edn, Colombia) son sus fundadores, graduados ambos en Arquitectura por la E<a href=\"https:\/\/etsav.upc.edu\/es\" target=\"_self\" rel=\"nofollow noopener\" title=\"https:\/\/etsav.upc.edu\/es\">TSAV de Barcelona<\/a>. Comenzaron su pr\u00e1ctica como n\u00f3madas, viviendo y trabajando en Suecia, Francia y el sudeste asi\u00e1tico. Durante ese tiempo, colaboraron con despachos como Barozzi Veiga, Tham &amp; Videg\u00e5rdy Dominique Perrault, entre otros. En 2015 regresaron a Espa\u00f1a y decidieron fundar su propio proyecto, con el que buscan producir una arquitectura vinculada al contexto social, econ\u00f3mico y cultural de cada lugar, y que el a\u00f1o pasado fue galardonado con un <a href=\"https:\/\/ajac.arquitectes.cat\/premis-ajac-xiv\/\" target=\"_self\" rel=\"nofollow noopener\" title=\"https:\/\/ajac.arquitectes.cat\/premis-ajac-xiv\/\">Premio AJAC del COAC<\/a>.<\/p>\n<p><img decoding=\"auto\" class=\"_re lazyload a_m-v\" height=\"552\"  width=\"414\"  src=\"https:\/\/www.europesays.com\/es\/wp-content\/uploads\/2025\/12\/AVWU5NYDKBCQZPNWRUIYHXBPQU.jpg\" loading=\"lazy\"\/>Una de las vistas de Barcelona que se ven desde el \u00e1tico.<img decoding=\"auto\" class=\"_re lazyload a_m-v\" height=\"552\"  width=\"414\"  src=\"https:\/\/www.europesays.com\/es\/wp-content\/uploads\/2025\/12\/ALXOLDUDKZFGBPTUAUS2OTSQW4.jpg\" loading=\"lazy\"\/>En la cocina, l\u00e1mparas colgantes Lomon de Torno Lighting. Encimera de inox, isla de micromortero y muebles bajos de roble con barniz al agua natural.<\/p>\n<p class=\"\">Con 190 metros cuadrados y otros 100 m\u00e1s de terrazas en ambos extremos, el piso podr\u00eda haber albergado f\u00e1cilmente tres dormitorios. \u201cSin embargo, los clientes nos pidieron centrar la atenci\u00f3n en las \u00e1reas de estar y de encuentro, solicitando \u00fanicamente un dormitorio principal con ba\u00f1o en suite y una habitaci\u00f3n de invitados. Esto nos permiti\u00f3 explorar una distribuci\u00f3n en la que las zonas privadas quedaran en segundo plano, liberando espacio para relaciones m\u00e1s abiertas entre las distintas partes de la vivienda\u201d, explican. Para ello, organizaron la planta a lo largo de un eje norte-sur. Los dormitorios y ba\u00f1os se ubican en el lado este, m\u00e1s tranquilo, mientras que la cocina, el comedor y la sala se abren hacia la amplia terraza oeste y las vistas. Dado que la privacidad y el ruido no eran una gran preocupaci\u00f3n, trataron el dormitorio como una unidad flexible, instalando paneles correderos de madera en ambos lados que permiten conectar la estancia tanto con la sala como con el ba\u00f1o y el vestidor. \u201cLo m\u00e1s interesante de la reforma es la posici\u00f3n de la habitaci\u00f3n. La contemplamos como un espacio m\u00ednimo d\u00f3nde \u00fanicamente se duerme y le dimos importancia al ritual del ba\u00f1o, d\u00e1ndole a la ducha un lugar especial, lleno de luz natural y conectado con el exterior\u201d, prosiguen.<\/p>\n<p><img decoding=\"auto\" class=\"_re lazyload a_m-h\" height=\"311\"  width=\"414\"  src=\"https:\/\/www.europesays.com\/es\/wp-content\/uploads\/2025\/12\/5IYOXIT3DBF5FKSX7UMJAOXEJ4.jpg\" loading=\"lazy\"\/>En el comedor, armario a medida en madera de roble.<\/p>\n<p class=\"\">Inspir\u00e1ndose en la arquitectura mediterr\u00e1nea, trasladaron parte de la vida interior al exterior, extendiendo las estancias principales hacia la gran terraza. La cocina y el sal\u00f3n se comunican a trav\u00e9s de este espacio central al aire libre con aperturas de suelo a techo. Para reforzar esta idea, utilizaron el mismo estuco de cal en tonos c\u00e1lidos tanto dentro como fuera, creando una atm\u00f3sfera suave y unificada, y tambi\u00e9n el mismo suelo de micromortero. Pocos materiales (madera de roble, muebles de obra, cer\u00e1mica catalana y acero inoxidable que pone el punto moderno) pero repetidos aportan coherencia y adem\u00e1s estos se usan indiscriminadamente diluyendo los l\u00edmites. Por ejemplo, los porticones, un elemento de control solar exterior, se han metido en el interior de la casa. En cuanto a la paleta crom\u00e1tica, <a href=\"https:\/\/elpais.com\/icon-design\/2023-12-28\/de-ser-de-pobres-a-asociarse-a-la-riqueza-y-el-aburrimiento-como-el-beige-se-ha-convertido-en-el-color-de-2024-a-pesar-de-todo.html\" target=\"_self\" rel=\"nofollow noopener\" title=\"https:\/\/elpais.com\/icon-design\/2023-12-28\/de-ser-de-pobres-a-asociarse-a-la-riqueza-y-el-aburrimiento-como-el-beige-se-ha-convertido-en-el-color-de-2024-a-pesar-de-todo.html\">prevalecen los tonos claros: blancos rotos, cremas, beiges<\/a>. En la terraza, una p\u00e9rgola da sombra a la cocina al aire libre y a la gran mesa integrada. As\u00ed, las visuales y la conexi\u00f3n con el exterior se convierten en la base del proyecto.<\/p>\n<p><img decoding=\"auto\" class=\"_re lazyload a_m-v\" height=\"552\"  width=\"414\"  src=\"https:\/\/www.europesays.com\/es\/wp-content\/uploads\/2025\/12\/R3H6SPQRABBGHFGAS6T7B5PK3M.jpg\" loading=\"lazy\"\/>En el dormitorio, moqueta azul de Cotlin y cama a medida forrada de la propia moqueta. Ventilador de Create y, sobre el estante, espejo The Cloud de Kilzi.<\/p>\n<p class=\"\">Con dise\u00f1o funcional y a medida, muebles locales y una elegante paleta de materiales y colores, han construido una casa serena, sencilla, con pocos elementos y mobiliario porque no se necesitan, porque la propia arquitectura ya ha hecho la funci\u00f3n. Hay algo de vernacular, pero tambi\u00e9n de tradicional, y de muy actual con las piezas de BD Barcelona, de Kilzi y la cama tapizada con la moqueta en azul el\u00e9ctrico.<\/p>\n<p><img decoding=\"auto\" class=\"_re lazyload a_m-v\" height=\"552\"  width=\"414\"  src=\"https:\/\/www.europesays.com\/es\/wp-content\/uploads\/2025\/12\/R7BDZP6NJZC4FGADIMDX35UVDA.jpg\" loading=\"lazy\"\/>Vista desde la terraza hacia el interior. El techo de la p\u00e9rgola es de mimbre.<img decoding=\"auto\" class=\"_re lazyload a_m-v\" height=\"552\"  width=\"414\"  src=\"https:\/\/www.europesays.com\/es\/wp-content\/uploads\/2025\/12\/ABIFAOQWIJF5VKW4MD3BJ7HDIY.jpg\" loading=\"lazy\"\/>En la terraza, mesa y encimera con azulejos de Cer\u00e0mica Ferr\u00e9s.<\/p>\n<p class=\"\">\u201cEs una casa que responde a un contexto mediterr\u00e1neo. Es contempor\u00e1nea en su aproximaci\u00f3n monocrom\u00e1tica pero a la vez cl\u00e1sica en sus formas y por c\u00f3mo la madera aporta calidez sin grandes gestos. El look final del proyecto es el resultado de un proceso a medias con el cliente. Nos gusta pensar que tanto ellos como nosotros, como el constructor I\u00f1aki, los artesanos y todo aquel que ha participado, lo siente suyo. Admiramos a aquellos que han conseguido marcar tendencia y crear un estilo propio. Pero creemos que nosotros no lo tenemos muy definido, por lo dicho anteriormente (no empujamos a nuestros clientes, sino que cogemos sus deseos y les damos forma). Hay peque\u00f1as cositas, sobre todo detalles que hablan de nosotros. Pero si tuvi\u00e9ramos que decir qu\u00e9 parte del proyecto nos representa m\u00e1s, ser\u00eda la planta, donde hay un esfuerzo por equipar cada lugar para activarlo, de tal forma que no hay muros sin grosor program\u00e1tico y hay una reflexi\u00f3n sobre los modos de habitar\u201d, concluyen los arquitectos.<\/p>\n<p><img decoding=\"auto\" class=\"_re lazyload a_m-v\" height=\"552\"  width=\"414\"  src=\"https:\/\/www.europesays.com\/es\/wp-content\/uploads\/2025\/12\/S2XCZ45CWZDBFCZVMSEAKBA7SM.jpg\" loading=\"lazy\"\/>Un rinc\u00f3n del sal\u00f3n con silla Constanza de Miguel y Gonzalo Mil\u00e1 para Isist Atelier y l\u00e1mpara The Feather de Kilzi.<img decoding=\"auto\" class=\"_re lazyload a_m-v\" height=\"552\"  width=\"414\"  src=\"https:\/\/www.europesays.com\/es\/wp-content\/uploads\/2025\/12\/IYUGFUXKWREYXE3DRSNQ4FELQI.jpg\" loading=\"lazy\"\/>En el sal\u00f3n, m\u00f3dulo de sof\u00e1 Pillow de Muller van Severen y 2001 Side Table de Ram\u00f3n \u00dabeda &amp; Otto Canalda, ambos para BD Barcelona. L\u00e1mpara Giraffe de Kilzi y fotograf\u00eda de Teddy Iborra. Chimenea de ladrillo refractario y suelo y paredes de toda la casa de micromortero, como los muebles de obra.<\/p>\n","protected":false},"excerpt":{"rendered":"Ana y Oscar, dramaturga y abogado, compraron un amplio \u00e1tico al pie de la sierra del Tibidabo en&hellip;\n","protected":false},"author":2,"featured_media":273744,"comment_status":"","ping_status":"","sticky":false,"template":"","format":"standard","meta":{"footnotes":""},"categories":[173],"tags":[801,229,233,231,230,210,3738,12233,232,234,3740,146,147,25,24,7181,12234,23,3633],"class_list":{"0":"post-273743","1":"post","2":"type-post","3":"status-publish","4":"format-standard","5":"has-post-thumbnail","7":"category-arte-y-diseno","8":"tag-arquitectura","9":"tag-arte","10":"tag-arte-y-diseno","11":"tag-arts","12":"tag-arts-and-design","13":"tag-barcelona","14":"tag-casas","15":"tag-decoracion-hogar","16":"tag-design","17":"tag-diseno","18":"tag-diseno-arquitectura","19":"tag-entertainment","20":"tag-entretenimiento","21":"tag-es","22":"tag-espana","23":"tag-estilo-vida","24":"tag-interiorismo","25":"tag-spain","26":"tag-vivienda"},"share_on_mastodon":{"url":"https:\/\/pubeurope.com\/@es\/115671195669120357","error":""},"_links":{"self":[{"href":"https:\/\/www.europesays.com\/es\/wp-json\/wp\/v2\/posts\/273743","targetHints":{"allow":["GET"]}}],"collection":[{"href":"https:\/\/www.europesays.com\/es\/wp-json\/wp\/v2\/posts"}],"about":[{"href":"https:\/\/www.europesays.com\/es\/wp-json\/wp\/v2\/types\/post"}],"author":[{"embeddable":true,"href":"https:\/\/www.europesays.com\/es\/wp-json\/wp\/v2\/users\/2"}],"replies":[{"embeddable":true,"href":"https:\/\/www.europesays.com\/es\/wp-json\/wp\/v2\/comments?post=273743"}],"version-history":[{"count":0,"href":"https:\/\/www.europesays.com\/es\/wp-json\/wp\/v2\/posts\/273743\/revisions"}],"wp:featuredmedia":[{"embeddable":true,"href":"https:\/\/www.europesays.com\/es\/wp-json\/wp\/v2\/media\/273744"}],"wp:attachment":[{"href":"https:\/\/www.europesays.com\/es\/wp-json\/wp\/v2\/media?parent=273743"}],"wp:term":[{"taxonomy":"category","embeddable":true,"href":"https:\/\/www.europesays.com\/es\/wp-json\/wp\/v2\/categories?post=273743"},{"taxonomy":"post_tag","embeddable":true,"href":"https:\/\/www.europesays.com\/es\/wp-json\/wp\/v2\/tags?post=273743"}],"curies":[{"name":"wp","href":"https:\/\/api.w.org\/{rel}","templated":true}]}}