{"id":273745,"date":"2025-12-06T06:26:24","date_gmt":"2025-12-06T06:26:24","guid":{"rendered":"https:\/\/www.europesays.com\/es\/273745\/"},"modified":"2025-12-06T06:26:24","modified_gmt":"2025-12-06T06:26:24","slug":"estos-son-hoy-los-invitados-de-de-viernes-el-programa-de-telecinco-5-de-diciembre","status":"publish","type":"post","link":"https:\/\/www.europesays.com\/es\/273745\/","title":{"rendered":"Estos son hoy los invitados de &#8216;\u00a1De viernes!&#8217;, el programa de Telecinco (5 de diciembre)"},"content":{"rendered":"\n<p> Primer <strong>\u00a1De viernes!<\/strong> de diciembre y Telecinco ofrece esta noche una nueva entrega en directo de uno de sus programas estrella. De la mano de Bea Archidona y Santi Acosta, y con sus colaboradores habituales, los amantes del g\u00e9nero disfrutar\u00e1n de nuevos contenidos relacionados con personajes del mundo del coraz\u00f3n y su vida privada. A continuaci\u00f3n tienes <strong>los invitados confirmados por Mediaset Esapa\u00f1a.<\/strong> <\/p>\n<p>                Jorge Javier           <\/p>\n<p> <a href=\"https:\/\/www.elconfidencial.com\/television\/programas-tv\/2025-12-02\/el-diario-de-jorge-javier-estigma-vih-prueba-telecinco_4258696\/\" target=\"_blank\" rel=\"nofollow noopener\"><strong>Jorge Javier V\u00e1zquez<\/strong><\/a> revelarpor primera vez en un plat\u00f3 de televisi\u00f3n y con todo lujo de detalles el cambio de imagen al que se ha sometido hace algunos meses. El programa mostrar\u00e1 en exclusiva fotos y videos del presentador antes y despu\u00e9s de su operaci\u00f3n y tambi\u00e9n las reacciones de su madre y su hermana tras pasar por quir\u00f3fano. <\/p>\n<p>              Jorge Javier. (Mediaset)           Reencuentro con Lydia Lozano           <\/p>\n<p> Adem\u00e1s, Jorge Javier V\u00e1zquez se reencontrar\u00e1 con <strong>Lydia Lozano<\/strong>, tras m\u00e1s de dos a\u00f1os y medio sin verse en un plat\u00f3. Ambos estuvieron casi 13 a\u00f1os trabajando juntos a diario en S\u00e1lvame. <\/p>\n<p>                Lydia Lozano y Jorge Javier. (Mediaset)           Jota Peleteiro           <\/p>\n<p> <strong>Jota Peleteiro<\/strong> regresa al plat\u00f3 d\u00edas despu\u00e9s de su reencuentro con Jessica Bueno en los juzgados por un litigio que mantienen abierto desde hace cuatro a\u00f1os. \u00bfHan llegado a un acuerdo? \u00bfEn qu\u00e9 punto se encuentra su relaci\u00f3n? El exfutbolista tambi\u00e9n valorar\u00e1 la participaci\u00f3n de Jessica Bueno en Supervivientes All Stars, los comentarios que ha hecho sobre \u00e9l y sus hijos en el reality y c\u00f3mo ha sido la relaci\u00f3n con la familia de la modelo durante su presencia en Honduras. Tambi\u00e9n responder\u00e1 a las declaraciones que Kiko Rivera ha hecho sobre \u00e9l. \u00bfQu\u00e9 relaci\u00f3n tiene con el hijo de Isabel Pantoja? <\/p>\n<p>                Jota Peleteiro. (Mediaset)           Mar\u00eda Jos\u00e9 Ruiz           <\/p>\n<p> <strong>Mar\u00eda Jes\u00fas Ruiz<\/strong> tambi\u00e9n visitar\u00e1 el plat\u00f3 para contar con detalle c\u00f3mo ha sido la feliz reconciliaci\u00f3n con su madre, Juani Garz\u00f3n, con la que acumulaba varios a\u00f1os sin hablar tras un conflicto generado por la relaci\u00f3n de la ex Miss Espa\u00f1a con su actual marido, Curro. Tambi\u00e9n hablar\u00e1 de c\u00f3mo se encuentra su pareja tras sufrir un ictus. <\/p>\n<p>                Mar\u00eda Jes\u00fas Ruiz. (Mediaset Espa\u00f1a)            <\/p>\n<p> Ahora queda esperar para ver si con este contenido <strong>siguen haciendo frente a <\/strong><strong>La voz<\/strong><strong> en Antena 3,<\/strong> que afronta su recta final con un refrito esta noche para guardarse sus dos \u00faltimas entregas para mitad de mes. <\/p>\n<p> Primer <strong>\u00a1De viernes!<\/strong> de diciembre y Telecinco ofrece esta noche una nueva entrega en directo de uno de sus programas estrella. De la mano de Bea Archidona y Santi Acosta, y con sus colaboradores habituales, los amantes del g\u00e9nero disfrutar\u00e1n de nuevos contenidos relacionados con personajes del mundo del coraz\u00f3n y su vida privada. A continuaci\u00f3n tienes <strong>los invitados confirmados por Mediaset Esapa\u00f1a.<\/strong> <\/p>\n","protected":false},"excerpt":{"rendered":"Primer \u00a1De viernes! de diciembre y Telecinco ofrece esta noche una nueva entrega en directo de uno de&hellip;\n","protected":false},"author":2,"featured_media":273746,"comment_status":"","ping_status":"","sticky":false,"template":"","format":"standard","meta":{"footnotes":""},"categories":[171],"tags":[146,147,25,24,23,214],"class_list":{"0":"post-273745","1":"post","2":"type-post","3":"status-publish","4":"format-standard","5":"has-post-thumbnail","7":"category-tv","8":"tag-entertainment","9":"tag-entretenimiento","10":"tag-es","11":"tag-espana","12":"tag-spain","13":"tag-tv"},"share_on_mastodon":{"url":"https:\/\/pubeurope.com\/@es\/115671202652443801","error":""},"_links":{"self":[{"href":"https:\/\/www.europesays.com\/es\/wp-json\/wp\/v2\/posts\/273745","targetHints":{"allow":["GET"]}}],"collection":[{"href":"https:\/\/www.europesays.com\/es\/wp-json\/wp\/v2\/posts"}],"about":[{"href":"https:\/\/www.europesays.com\/es\/wp-json\/wp\/v2\/types\/post"}],"author":[{"embeddable":true,"href":"https:\/\/www.europesays.com\/es\/wp-json\/wp\/v2\/users\/2"}],"replies":[{"embeddable":true,"href":"https:\/\/www.europesays.com\/es\/wp-json\/wp\/v2\/comments?post=273745"}],"version-history":[{"count":0,"href":"https:\/\/www.europesays.com\/es\/wp-json\/wp\/v2\/posts\/273745\/revisions"}],"wp:featuredmedia":[{"embeddable":true,"href":"https:\/\/www.europesays.com\/es\/wp-json\/wp\/v2\/media\/273746"}],"wp:attachment":[{"href":"https:\/\/www.europesays.com\/es\/wp-json\/wp\/v2\/media?parent=273745"}],"wp:term":[{"taxonomy":"category","embeddable":true,"href":"https:\/\/www.europesays.com\/es\/wp-json\/wp\/v2\/categories?post=273745"},{"taxonomy":"post_tag","embeddable":true,"href":"https:\/\/www.europesays.com\/es\/wp-json\/wp\/v2\/tags?post=273745"}],"curies":[{"name":"wp","href":"https:\/\/api.w.org\/{rel}","templated":true}]}}