{"id":273770,"date":"2025-12-06T06:49:08","date_gmt":"2025-12-06T06:49:08","guid":{"rendered":"https:\/\/www.europesays.com\/es\/273770\/"},"modified":"2025-12-06T06:49:08","modified_gmt":"2025-12-06T06:49:08","slug":"belgica-se-suma-a-los-paises-que-si-participaran-en-eurovision-frente-a-espana-eslovenia-paises-bajos-e-irlanda-europa-press","status":"publish","type":"post","link":"https:\/\/www.europesays.com\/es\/273770\/","title":{"rendered":"B\u00e9lgica se suma a los pa\u00edses que s\u00ed participar\u00e1n en Eurovisi\u00f3n, frente a Espa\u00f1a, Eslovenia, Pa\u00edses Bajos e Irlanda &#8211; Europa Press"},"content":{"rendered":"<ol>\n<li><a href=\"https:\/\/news.google.com\/rss\/articles\/CBMi-wFBVV95cUxQaFotMFdBWFpXbVVTeF81bTlTU3N2UEx3bXRicGg3RlBEeFdtWnh4Wkc3RnhaU0RpRkE1NFRCWFRlV0plZTloNlFnQnBDT0d0X3FnSzdBUHRtaUR0REdvUTYzbWFBemdSS2tzVS1iY1JCT1k1ODFqM3VnQS14aWdlcV9HY0tUT0J2Nkw2V0lsQm0temtpMUowbHd0aXhZdFhwdm5POVducE51VFN3XzdkR2Q2MzBKMEcwZXpBUTZvdjZUZWY0LUNtNzJ6bjljMXRRYWgwUDhPRFlTUkNTSXNJUkNsVjNtVGtVdEROcjZTZW1QeXJmdWowZ05CYw?oc=5\" target=\"_blank\" rel=\"nofollow noopener\">B\u00e9lgica se suma a los pa\u00edses que s\u00ed participar\u00e1n en Eurovisi\u00f3n, frente a Espa\u00f1a, Eslovenia, Pa\u00edses Bajos e Irlanda<\/a>&nbsp;&nbsp;Europa Press<\/li>\n<li><a href=\"https:\/\/news.google.com\/rss\/articles\/CBMihwFBVV95cUxOSElFOHNYRnpWZVpCVGZFTmFlTk1ydEhvN3ZmcFZNOUoyNDJDazI5cnRGd3BlRXVyaHV4MUt4QnlxMmdrR1VfRXU2RVBOWGxfemFWMWNobDNaUFhxSzB1RTEyckozVVJVNjNfT2J5dldpYzVWTGprV1RiVEJPZ2czRmx2Tm5HanfSAYcBQVVfeXFMTXh0MlNrWXZlbnBuMmxkVm5CbVNmN1h0YzY0dzhwcTJPdTlMN3U3N3BMVmNHUjc1MUZCUzBCSUxPcGQ3YWJ3dWpVNUdpdk8zSnFlTHZZYkwxSUJiNUNqVjdkRlhEd0xXc015YnJ3SzQtQzVoTWNBWEhHNTFkWnpwejZCYlpRd0hv?oc=5\" target=\"_blank\" rel=\"nofollow noopener\">RTVE se retira del Festival de Eurovisi\u00f3n<\/a>&nbsp;&nbsp;RTVE.es<\/li>\n<li><a href=\"https:\/\/news.google.com\/rss\/articles\/CBMiqgFBVV95cUxOWlF4VlVtYVRoTzZTcTRpek4tM2xVTlRUOUlZbmJFLWxZUW84VFRRcEpDWUNoTmdOTlRKNWdhdTB4bm5QOVhId1RQVDFxcG95YV9oTUg2ekUzNXZraEs1NVl6Q3NpeTZvOGdWV0ZKY010LWd1UHNLLVk0NWFkNXg5MlJQRjJsYjlsSXdsNHVQMUE3RjJUTFp0WGdVUlBMLWJNYTFfRTJFdEIzQdIBrwFBVV95cUxOTW1RRE1vQkN2ZGc1ZmhEdHItcExwN2x6ckpiNUlRSHNDb1FfemxSRHhOY0dJR3NENHF1NkltaGhQb0oyYmRzc2JIUXBhNGRzZm0yOFFlUDJPZDM3RTBLU1hBMlM2NWkwbHcxNHZGejROcmRFLWFWeWNNTFNISXhkbFlfUUc0Q01FMWIyUkNuQjdrTHpKQWJPc0JHT0xfX0tleW42MHRNMUtnWUxOTExF?oc=5\" target=\"_blank\" rel=\"nofollow noopener\">La fractura geopol\u00edtica que Eurovisi\u00f3n no admite<\/a>&nbsp;&nbsp;La Vanguardia<\/li>\n<li><a href=\"https:\/\/news.google.com\/rss\/articles\/CBMi1AFBVV95cUxPSGZCck12LVF6NW5OY29BSUI1bGE4LWs0a0dCbGtzd1d1NFJERGZJT0hCYmxRaF9KdEJKZUFmcjY2bEhmd0I3NVZEdWVYdDV5WFN0RHVUTWNLZEVRaklPQzFGcFFxaWV1OG5mRk1GZGdfWnZvNUJZc3B3SDFtN0NuUDJjazRwVHh3Zy1oblN0Vm4yX2k2cG9ldnZiX3MtTjFqb28yaTdXYnpsVHI4SFduWjVnNFR5d3BPckMtSXNBOG5hREVrb1YtLUxPbTFyWVd1TUFNeNIB8AFBVV95cUxNMWl2ZTNJT2t2RG9jMzEydTVDR2VNV2Y4TERhUFZ1U3c5ODQ2a3I1NzN4RE40TTNVS1RkN3hJS3hnRzRpczZ3aE5ROUJSSmJSYTUwT1U2eUV0bTItMXBPWk5oSWt5bEsxWEVJcEhxZUtsU1VMZ1pHMzZ5V2dtLWZWdVBldVNHUkZfWlo0UllSLWZ1OWhYaTRCVXJ6aFBhV3h5YTF2TzdhTExrMWllQ3otQy1jU2o2ZERMTTNObllLcmV3ak41Q2toRlpCazRPQWI4Y3hsM3dqQ1dxa0hEZmp1YmJOamlneU5rWlg5UmUyMVc?oc=5\" target=\"_blank\" rel=\"nofollow noopener\">El agujero econ\u00f3mico y de audiencia que deja Espa\u00f1a en Eurovisi\u00f3n<\/a>&nbsp;&nbsp;La Voz de Galicia<\/li>\n<li><a href=\"https:\/\/news.google.com\/rss\/articles\/CBMisAFBVV95cUxPZUNpWmRFakJEU3Jzd1JHV2dFQUdHVUNnbVQxZXFpNnc2aFhrNmRLVkEzejc1aXBtaVpCeUlEZVdsSmN4UEY1NklCRUxUNnJXS2xWRlBnMUpUaklWT1FTQXlKenpPYU1wVmRjOTFleFBSX18yV2o4RGdZYzlzRVhpN0pPWjFDNGlHdWtxb1NsYURyYWhEcmlMWTJDYzFzcy1JVXBhckpOUFNiREhpRzZLMA?oc=5\" target=\"_blank\" rel=\"nofollow noopener\">Qu\u00e9 hace Europa mientras Israel asesina en Gaza y prepara otra actuaci\u00f3n en Eurovisi\u00f3n<\/a>&nbsp;&nbsp;elDiario.es<\/li>\n<\/ol>\n","protected":false},"excerpt":{"rendered":"B\u00e9lgica se suma a los pa\u00edses que s\u00ed participar\u00e1n en Eurovisi\u00f3n, frente a Espa\u00f1a, Eslovenia, Pa\u00edses Bajos e&hellip;\n","protected":false},"author":2,"featured_media":248356,"comment_status":"","ping_status":"","sticky":false,"template":"","format":"standard","meta":{"footnotes":""},"categories":[171],"tags":[146,147,25,24,23,214],"class_list":{"0":"post-273770","1":"post","2":"type-post","3":"status-publish","4":"format-standard","5":"has-post-thumbnail","7":"category-tv","8":"tag-entertainment","9":"tag-entretenimiento","10":"tag-es","11":"tag-espana","12":"tag-spain","13":"tag-tv"},"share_on_mastodon":{"url":"https:\/\/pubeurope.com\/@es\/115671293148434492","error":""},"_links":{"self":[{"href":"https:\/\/www.europesays.com\/es\/wp-json\/wp\/v2\/posts\/273770","targetHints":{"allow":["GET"]}}],"collection":[{"href":"https:\/\/www.europesays.com\/es\/wp-json\/wp\/v2\/posts"}],"about":[{"href":"https:\/\/www.europesays.com\/es\/wp-json\/wp\/v2\/types\/post"}],"author":[{"embeddable":true,"href":"https:\/\/www.europesays.com\/es\/wp-json\/wp\/v2\/users\/2"}],"replies":[{"embeddable":true,"href":"https:\/\/www.europesays.com\/es\/wp-json\/wp\/v2\/comments?post=273770"}],"version-history":[{"count":0,"href":"https:\/\/www.europesays.com\/es\/wp-json\/wp\/v2\/posts\/273770\/revisions"}],"wp:featuredmedia":[{"embeddable":true,"href":"https:\/\/www.europesays.com\/es\/wp-json\/wp\/v2\/media\/248356"}],"wp:attachment":[{"href":"https:\/\/www.europesays.com\/es\/wp-json\/wp\/v2\/media?parent=273770"}],"wp:term":[{"taxonomy":"category","embeddable":true,"href":"https:\/\/www.europesays.com\/es\/wp-json\/wp\/v2\/categories?post=273770"},{"taxonomy":"post_tag","embeddable":true,"href":"https:\/\/www.europesays.com\/es\/wp-json\/wp\/v2\/tags?post=273770"}],"curies":[{"name":"wp","href":"https:\/\/api.w.org\/{rel}","templated":true}]}}