{"id":273776,"date":"2025-12-06T06:57:09","date_gmt":"2025-12-06T06:57:09","guid":{"rendered":"https:\/\/www.europesays.com\/es\/273776\/"},"modified":"2025-12-06T06:57:09","modified_gmt":"2025-12-06T06:57:09","slug":"fue-su-propia-hija-quien-la-denuncio","status":"publish","type":"post","link":"https:\/\/www.europesays.com\/es\/273776\/","title":{"rendered":"fue su propia hija quien la denunci\u00f3"},"content":{"rendered":"<p class=\"c-paragraph\">Una mujer ha sido condenada a prisi\u00f3n suspendida por publicar fotos del nacimiento de su nieto en las redes sociales despu\u00e9s de que <b>su propia hija la denunciara a la polic\u00eda.\u00a0<\/b><\/p>\n<p class=\"c-paragraph\">Tal y como recoge el <a href=\"https:\/\/www.dailymail.co.uk\/news\/article-15356419\/Danish-grandmother-handed-suspended-jail-sentence-sharing-photos-grandsons-birth-Facebook.html\" rel=\"nofollow noreferrer noopener\" title=\"Danish grandmother is handed suspended jail sentence for sharing photos of her grandson&#039;s birth on Facebook after her enraged daughter reported her to police\" target=\"_blank\">Daily Mail<\/a>, las im\u00e1genes, que fueron compartidas en Facebook en noviembre, mostraban no s\u00f3lo al ni\u00f1o, un beb\u00e9 reci\u00e9n nacido, sino <b>tambi\u00e9n a la madre durante el parto.\u00a0<\/b><\/p>\n<p class=\"c-paragraph\">Las fotos resurgieron <b>varios a\u00f1os despu\u00e9s del nacimiento<\/b>, cuando el ni\u00f1o ya estaba escolarizado.<\/p>\n<p class=\"c-paragraph\">El \u00e1lbum de fotos se llamaba<b> &#8216;Mi primer nieto&#8217;.<\/b> Seg\u00fan la cadena danesa TV 2, la abuela, de 50 a\u00f1os, hab\u00eda filmado y fotografiado el nacimiento mientras estaba presente en la sala de partos.<\/p>\n<p class=\"c-paragraph\">Posteriormente se publicaron en Internet cuatro fotograf\u00edas sin el consentimiento de su hija, que mostraban su abdomen durante el parto y <b>al beb\u00e9 inmediatamente despu\u00e9s.<\/b>\u00a0<\/p>\n<p class=\"c-paragraph\">Conmocionada y angustiada, seg\u00fan los medios locales,<b> la madre exigi\u00f3 que se eliminaran las im\u00e1genes<\/b>, petici\u00f3n que finalmente se llev\u00f3 a cabo.<\/p>\n<p class=\"c-paragraph\">Pero cuando la abuela fue informada de que los cargos dar\u00edan lugar a un proceso penal, <b>volvi\u00f3 a publicar las mismas fotos en Facebook<\/b>. Su hija tambi\u00e9n present\u00f3 una denuncia formal ante la polic\u00eda por la violaci\u00f3n de su privacidad.\u00a0<\/p>\n<p class=\"c-paragraph\">El caso lleg\u00f3 al<b> Tribunal de Distrito de Odense<\/b>, aunque la abuela no asisti\u00f3 a la audiencia. Fue sentenciada a 14 d\u00edas de prisi\u00f3n, en suspenso, lo que significa que no cumplir\u00e1 pena de c\u00e1rcel a menos que reincida. Tambi\u00e9n se le orden\u00f3 pagar a su hija 10.000 coronas (1.200 euros) en concepto de da\u00f1os y perjuicios.<\/p>\n","protected":false},"excerpt":{"rendered":"Una mujer ha sido condenada a prisi\u00f3n suspendida por publicar fotos del nacimiento de su nieto en las&hellip;\n","protected":false},"author":2,"featured_media":273777,"comment_status":"","ping_status":"","sticky":false,"template":"","format":"standard","meta":{"footnotes":""},"categories":[42],"tags":[17,18,12720,13,14,11,61,62,63,64,19,20,2461,9,10,15,16,5043,20716,12,21,22,20877,65,66,67],"class_list":{"0":"post-273776","1":"post","2":"type-post","3":"status-publish","4":"format-standard","5":"has-post-thumbnail","7":"category-internacional","8":"tag-breaking-news","9":"tag-breakingnews","10":"tag-condenan","11":"tag-featured-news","12":"tag-featurednews","13":"tag-headlines","14":"tag-internacional","15":"tag-international","16":"tag-international-news","17":"tag-internationalnews","18":"tag-latest-news","19":"tag-latestnews","20":"tag-mujer","21":"tag-news","22":"tag-noticias","23":"tag-noticias-destacadas","24":"tag-noticiasdestacadas","25":"tag-por","26":"tag-subir","27":"tag-titulares","28":"tag-ultimas-noticias","29":"tag-ultimasnoticias","30":"tag-una","31":"tag-world","32":"tag-world-news","33":"tag-worldnews"},"share_on_mastodon":{"url":"https:\/\/pubeurope.com\/@es\/115671324842975698","error":""},"_links":{"self":[{"href":"https:\/\/www.europesays.com\/es\/wp-json\/wp\/v2\/posts\/273776","targetHints":{"allow":["GET"]}}],"collection":[{"href":"https:\/\/www.europesays.com\/es\/wp-json\/wp\/v2\/posts"}],"about":[{"href":"https:\/\/www.europesays.com\/es\/wp-json\/wp\/v2\/types\/post"}],"author":[{"embeddable":true,"href":"https:\/\/www.europesays.com\/es\/wp-json\/wp\/v2\/users\/2"}],"replies":[{"embeddable":true,"href":"https:\/\/www.europesays.com\/es\/wp-json\/wp\/v2\/comments?post=273776"}],"version-history":[{"count":0,"href":"https:\/\/www.europesays.com\/es\/wp-json\/wp\/v2\/posts\/273776\/revisions"}],"wp:featuredmedia":[{"embeddable":true,"href":"https:\/\/www.europesays.com\/es\/wp-json\/wp\/v2\/media\/273777"}],"wp:attachment":[{"href":"https:\/\/www.europesays.com\/es\/wp-json\/wp\/v2\/media?parent=273776"}],"wp:term":[{"taxonomy":"category","embeddable":true,"href":"https:\/\/www.europesays.com\/es\/wp-json\/wp\/v2\/categories?post=273776"},{"taxonomy":"post_tag","embeddable":true,"href":"https:\/\/www.europesays.com\/es\/wp-json\/wp\/v2\/tags?post=273776"}],"curies":[{"name":"wp","href":"https:\/\/api.w.org\/{rel}","templated":true}]}}