{"id":273778,"date":"2025-12-06T06:58:11","date_gmt":"2025-12-06T06:58:11","guid":{"rendered":"https:\/\/www.europesays.com\/es\/273778\/"},"modified":"2025-12-06T06:58:11","modified_gmt":"2025-12-06T06:58:11","slug":"habla-la-edil-de-torremolinos-del-psoe-acosada-fui-al-juzgado-porque-la-situacion-era-insoportable-espana","status":"publish","type":"post","link":"https:\/\/www.europesays.com\/es\/273778\/","title":{"rendered":"Habla la edil de Torremolinos del PSOE acosada: \u201cFui al juzgado porque la situaci\u00f3n era insoportable\u201d | Espa\u00f1a"},"content":{"rendered":"<p class=\"\">El pasado 8 de junio, una concejal del PSOE en Torremolinos (M\u00e1laga, 70.933 habitantes) dijo basta. Llevaba, cuenta, m\u00e1s de cuatro a\u00f1os soportando el acoso sexual del secretario general de los socialistas en la ciudad malague\u00f1a, Antonio Navarro. Lo sufr\u00eda por tel\u00e9fono, con reiterados mensajes salidos de tono, pero tambi\u00e9n en persona a diario en el contexto laboral. Le avis\u00f3, intent\u00f3 frenarlo, pero lejos de mejorar, la situaci\u00f3n fue a peor. Fren\u00f3 la idea de acudir a la justicia para no da\u00f1ar las siglas de su partido y, este verano, decidi\u00f3 trasladar su situaci\u00f3n a la direcci\u00f3n provincial socialista para que tomase medidas. Recibi\u00f3 una respuesta tibia. Cinco meses despu\u00e9s, harta, dio el paso. \u201cFui al juzgado porque la situaci\u00f3n era insoportable\u201d, relata por tel\u00e9fono a EL PA\u00cdS, que ha tenido acceso a sus denuncias y la transcripci\u00f3n de larga cadena de mensajes que recibi\u00f3 a finales de 2021. \u201cNo he sido la \u00fanica, ni siquiera la primera\u201d en sufrir las conductas de Navarro, advierte en los documentos. \u201cHasta me iba del Pleno para no coincidir con \u00e9l\u201d, ha reconocido a este diario.<\/p>\n<p class=\"\">A continuaci\u00f3n puede leer una parte de esos mensajes <\/p>\n<p class=\"\"><b>Conversaci\u00f3n del 6 de septiembre de 2021<\/b><\/p>\n<p class=\"\"><b>Conversaci\u00f3n del 6 de septiembre de 2021<\/b><\/p>\n<p><img decoding=\"auto\" class=\"_re lazyload a_m-h\" height=\"414\"  width=\"414\" src=\"https:\/\/www.europesays.com\/es\/wp-content\/uploads\/2025\/12\/5JLYJCIVXBAJLKEUVQN5QEEJAY.png\" loading=\"lazy\"\/>Antonio Navarro<\/p>\n<p>Otra cosa<br \/>Ese escote lo has tenido siempre? <\/p>\n<p><img decoding=\"auto\" class=\"_re lazyload a_m-h\" height=\"414\"  width=\"414\" src=\"https:\/\/www.europesays.com\/es\/wp-content\/uploads\/2025\/12\/LNGEEJPHXBBBFH6DWGCP45P6RY.png\" loading=\"lazy\"\/>La edil<\/p>\n<p>Y ahora viene la organizaci\u00f3n de Ayto<br \/>Se me ha olvidado ponerme una camiseta b\u00e1sica debajo <\/p>\n<p><img decoding=\"auto\" class=\"_re lazyload a_m-h\" height=\"414\"  width=\"414\" src=\"https:\/\/www.europesays.com\/es\/wp-content\/uploads\/2025\/12\/5JLYJCIVXBAJLKEUVQN5QEEJAY.png\" loading=\"lazy\"\/>Antonio Navarro<\/p>\n<p>Aunque te pusieras cuello vuelto ibas a estar igual de buena<br \/>Yo s\u00e9 quitarte el cansancio   <\/p>\n<p class=\"\"><b>Conversaci\u00f3n del 6 de septiembre de 2021<\/b><\/p>\n<p><img decoding=\"auto\" class=\"_re lazyload a_m-h\" height=\"414\"  width=\"414\" src=\"https:\/\/www.europesays.com\/es\/wp-content\/uploads\/2025\/12\/LNGEEJPHXBBBFH6DWGCP45P6RY.png\" loading=\"lazy\"\/>La edil<\/p>\n<p>Ala derecha del padre lo que cuenta, a la izqda el folclore<\/p>\n<p><img decoding=\"auto\" class=\"_re lazyload a_m-h\" height=\"414\"  width=\"414\" src=\"https:\/\/www.europesays.com\/es\/wp-content\/uploads\/2025\/12\/5JLYJCIVXBAJLKEUVQN5QEEJAY.png\" loading=\"lazy\"\/>Antonio Navarro<\/p>\n<p>No me mires as\u00ed<br \/>Qu\u00e9 puedo hacer para reconquistarte?<br \/>Dime <br \/>No me haces caso  <\/p>\n<p><img decoding=\"auto\" class=\"_re lazyload a_m-h\" height=\"414\"  width=\"414\" src=\"https:\/\/www.europesays.com\/es\/wp-content\/uploads\/2025\/12\/LNGEEJPHXBBBFH6DWGCP45P6RY.png\" loading=\"lazy\"\/>La edil<\/p>\n<p>En mayo de 2023 tenemos toda la ciudad empantanada<\/p>\n<p class=\"\"><b>Conversaci\u00f3n del 9 de septiembre de 2021<\/b><\/p>\n<p><img decoding=\"auto\" class=\"_re lazyload a_m-h\" height=\"414\"  width=\"414\" src=\"https:\/\/www.europesays.com\/es\/wp-content\/uploads\/2025\/12\/5JLYJCIVXBAJLKEUVQN5QEEJAY.png\" loading=\"lazy\"\/>Antonio Navarro<\/p>\n<p>Ll\u00e1mame<br \/>Meto mucho la pata<br \/>Es una de mis mejores especialidades   <br \/>Como habr\u00e1s podido comprobar  <br \/>Pero no tengo ninguna mala f\u00e9 <br \/>Y como dir\u00eda Juanca  <br \/>No volver\u00e1 a ocurrir   <br \/>Ah <br \/>Y no he cambiado  <br \/>Sigo siendo el mismo <br \/>Dame 2 minutos <br \/>solo <br \/>Disc\u00falpame  <br \/>Si no ya me vuelvo loco del todo <br \/>No puedes hablar? <br \/>Me acaba de llamar juan Vallejo  <br \/>Sobre todo eres buena persona  <br \/>Dame 1 minuto <br \/>Nada m\u00e1s <br \/>Soy gilipollas <br \/>Estoy muy arrepentido. Cr\u00e9eme  <br \/>Tendr\u00e1s que tirar la basura, no? Digo yo <br \/>Por favor  <br \/>No consideras nada de lo que te escrib\u00ed <br \/>Quiero arreglar esto de la mejor forma posible <br \/>De verdad, que no me lo perdonar\u00eda. Y todo esto (la pol\u00edtica) ya sabes que para m\u00ed es circunstancial<br \/>No quiero ni imaginar que una vez fuera de esto no podamos tener la amistad que hemos tenido<br \/>La he cagado hoy no hay duda <br \/>Te quiero en el sentido m\u00e1s puro de la palabra<\/p>\n<p class=\"\">El relato de los hechos se remonta al \u00faltimo trimestre de 2021. Ambos ten\u00edan relaci\u00f3n desde 2019, cuando el PSOE repet\u00eda gobierno en el Ayuntamiento de Torremolinos tras unas ajustadas elecciones y un rocambolesco pleno. Todo era cordial hasta que en septiembre de 2021 el comportamiento de Navarro cambi\u00f3. Seg\u00fan la tambi\u00e9n militante, su superior traspasa entonces las fronteras. \u201cPasa de tener un comportamiento amistoso a solicitarme favores de naturaleza sexual que me provocaban una situaci\u00f3n objetiva y gravemente intimidatoria, as\u00ed como humillante\u201d, relata la v\u00edctima en su denuncia. Empez\u00f3 a recibir en su tel\u00e9fono corporativo mensajes que insist\u00edan en quedar con ella o alabarla para tener sexo. El responsable y concejal socialista los remit\u00eda tambi\u00e9n desde su terminal de trabajo. Llegaban a cualquier hora, incluso de noche o en la madrugada \u201cgenerando una situaci\u00f3n hostil\u201d y sometiendo a la mujer \u201ca una presi\u00f3n insoportable, no consentida\u201d. <\/p>\n<p class=\"\">Los documentos que acompa\u00f1an la denuncia recogen algunos de ellos en los que la denunciante se muestra tajante, trata de cambiar de conversaci\u00f3n y orientarla al \u00e1mbito profesional, pero \u00e9l insiste: \u201c\u00bfQu\u00e9 puedo hacer para reconquistarte?\u201c, \u201dDime\u00bb, \u201cNo me haces caso\u201d, le repet\u00eda Navarro cuando ella trataba de hablar de un problema municipal. Y cuando le preguntaba por una agresi\u00f3n hom\u00f3foba, \u00e9l respond\u00eda: \u201cCambio de tercio. Yo ma\u00f1ana solo te dir\u00e9 una cosa. Y ser\u00e1 al o\u00eddo. Buenas noches\u201d. Otros del estilo: \u201cCuando te enfadas te pones muy guapa\u201d, \u201cbonita foto de perfil\u201d, \u201cir\u00e9 depilado por si tienes un desliz\u201d. Adem\u00e1s de otras decenas de peticiones de llamadas m\u00e1s tarde de las 22 horas, diciendo \u201cme encuentro fatal\u201d, \u201cte quiero\u201d, cuando ella le respond\u00eda molesta y con evasivas. <\/p>\n<p class=\"\">Tambi\u00e9n otros mensajes que han trascendido: \u201cQue te quiero meter ficha\u201d, \u201ces que est\u00e1s muy buena\u201d o \u201c\u00bfese escote lo has tenido siempre?\u201d. Hasta 15 folios repletos de mensajes de este tipo: \u201cYo s\u00e9 c\u00f3mo quitarte el dolor de cabeza\u201d; \u201caunque te pusieras cuello vuelto ibas a estar igual de buena\u201d; \u201cyo s\u00e9 quitarte el cansancio\u201d, o \u201cma\u00f1ana solo te dir\u00e9 una cosa y ser\u00e1 al o\u00eddo\u201d. El 9 de septiembre de 2021 fue un caso extremo: 51 mensajes entre las 19.00 y las 23.00 remitidos por Navarro, que continu\u00f3 a las ocho de la ma\u00f1ana del d\u00eda siguiente. El objetivo era pedir perd\u00f3n por lo que hab\u00eda hecho. \u201cMe cogi\u00f3 el culo\u201d, revela la v\u00edctima en su denuncia. \u201cExig\u00ed que cesara en sus pretensiones sexuales conmigo o me ver\u00eda obligada a poner en conocimiento del secretario general \u2014que entonces era Jos\u00e9 Ortiz\u2014 los hechos\u201d. \u201cMeto mucho la pata\u201d, le dijo Navarro a trav\u00e9s de Whatsapp. \u201cPero no tengo ninguna mala fe. Y como dir\u00eda Juanca, no volver\u00e1 a ocurrir\u201d, le insiste. <\/p>\n<p><b>\u201cNavarro montaba guardia en mi casa para verme\u201d<\/b><\/p>\n<p class=\"\">Entre las comunicaciones de esa jornada, la mujer destaca dos momentos concretos. Uno, escrito a las 19.40, que le dice \u201cDisc\u00falpame\u201d [\u2026] \u201cSobre todo eres buena persona\u201d. \u201cMe condiciona a acceder a sus pretensiones, haci\u00e9ndome sentir culpable si no lo hago, utilizando con ello la culpa, que como todos y todas sabemos es la mayor arma del machismo contra las mujeres en la historia\u201d, recoge el escrito. El segundo es de las 22.06. \u201cTendr\u00e1s que tirar la basura, \u00bfno? Digo yo\u201d. \u201cEn ese tiempo Navarro montaba guardia en la puerta de mi casa para verme, situaci\u00f3n que a m\u00ed me generaba verdadera ansiedad por la invasi\u00f3n que este hecho supone al \u00e1mbito estrictamente privado\u201d, insiste. <\/p>\n<p class=\"\">Las comunicaciones revelan una pauta clara: \u00e9l insist\u00eda, una y otra vez, utilizaba conversaciones profesionales para incluir frases como \u201cte quiero\u201d o \u201calg\u00fan d\u00eda te pillar\u00e9 y te dejar\u00e9 nueva\u201d mientras ella respond\u00eda de nuevo retomando el tema laboral. En su narraci\u00f3n, la v\u00edctima asegura que se mantuvo \u201csiempre firme\u201d en su negativa al consentimiento de una relaci\u00f3n m\u00e1s all\u00e1 de la \u201cnormal y forzosa entre compa\u00f1eros de partido\u201d. Y que, a partir de aquello, Navarro, \u201cabri\u00f3 una nueva etapa\u201d marcada por el rencor hacia su persona que incluyen denuncias pol\u00edticas y judiciales falsas, cree la denunciante que por despecho al haberlo rechazado. En un correo lleg\u00f3 a acusarla de robar material de oficina, amenaz\u00e1ndola con denunciar a los \u00f3rganos del partido, \u201cen el marco de una superioridad org\u00e1nica que pudiera constituir a su favor una hipot\u00e9tica presunci\u00f3n de veracidad si se desconoce el origen mis\u00f3gino de estas amenazas\u201d. <\/p>\n<p class=\"\">Todo ello hac\u00eda a la militante sentirse \u201cgravemente intimidada\u201d por un doble motivo. Primero, a nivel personal, por el esc\u00e1ndalo que podr\u00eda suponer que los mensajes salieran a la luz. Y, segundo, por temor a represalias profesionales y por el da\u00f1o que podr\u00eda hacer al propio PSOE, seg\u00fan insiste en sus escritos, donde subraya que su objetivo al denunciar de manera interna en el partido era \u201cilustrar el ambiente humillante, degradante, hostil y de presi\u00f3n psicol\u00f3gica insoportable\u201d al que fue sometida por quien entonces era secretario de organizaci\u00f3n del partido en Torremolinos. \u201cDesde su cargo org\u00e1nico ejerc\u00eda una relaci\u00f3n de superioridad que quer\u00eda aprovechar para obtener favores sexuales de m\u00ed\u201d, subraya la denunciante. Es justo ese ambiente el que la llev\u00f3 a poner los hechos en conocimiento del partido.<\/p>\n<p class=\"\">La militante socialista relataba su calvario en el documento remitido el 8 de junio y animaba, adem\u00e1s, \u201ca esas otras compa\u00f1eras que han pasado o est\u00e1n pasando por lo mismo, y que incluso han perdido su trabajo por esta raz\u00f3n, a que denuncien\u201d, con pruebas, \u201cel comportamiento inadmisible de Antonio Navarro\u201d hacia ellas. \u201cConf\u00edo que con las decisiones que se adopten desde los \u00f3rganos del partido, se garantice que nunca ninguna compa\u00f1era se vea en la situaci\u00f3n en la que nos hemos visto nosotras, v\u00edctimas de Antonio Navarro\u201d. Por eso ped\u00eda que se tomaran resoluciones de puertas para adentro, como el inicio de un expediente disciplinario, el cese de sus cargos org\u00e1nicos y la entrega de su acta de concejal. Navarro es concejal de Torremolinos desde 2019 y diputado en la Diputaci\u00f3n Provincial desde 2023. <\/p>\n<p><b>Indefensa y vunerable a pesar de haber acudido a los cauces internos del PSOE<\/b><\/p>\n<p class=\"\">El 11 de junio, la concejala recibe la respuesta del partido, firmada por el secretario de organizaci\u00f3n en M\u00e1laga. Es un recib\u00ed de la denuncia y la comunicaci\u00f3n de su traslado tanto a la ejecutiva regional como a la federal del partido para que \u201cse adopten las medidas oportunas y urgentes\u201d. Desde Ferraz reconocen que el caso se puso en conocimiento del \u00d3rgano contra el Acoso y que este abri\u00f3 una comisi\u00f3n espec\u00edfica para analizar lo ocurrido, dando audiencia a las dos partes \u2014la reuni\u00f3n, telem\u00e1tica, con ella, fue el 15 de julio\u2014 pidi\u00e9ndoles m\u00e1s informaci\u00f3n a ambos. Eso s\u00ed, sin tomar ninguna medida ni dando m\u00e1s respuestas a la denunciante. Por eso, el 14 de octubre ella insisti\u00f3. Aquel d\u00eda, en otro escrito dirigido al secretario, donde remarcaba que hab\u00eda utilizado \u201cescrupulosamente\u201d los cauces internos, pero que se sent\u00eda \u201cindefensa y vulnerable\u201d. <\/p>\n<p class=\"\">En el texto recordaba que hab\u00edan pasado ya m\u00e1s de tres meses desde su denuncia \u2014el plazo m\u00e1ximo recogido en el protocolo contra el acoso del partido\u2014 mientras su situaci\u00f3n iba a peor, lo que le obligaba a tomar tranquilizantes recetados por su doctora de cabecera. \u201cEl denunciado tiene por h\u00e1bito merodear por los lugares donde desarrollo mis rutinas para hacer que me sienta vigilada\u201d se\u00f1ala y apunta a que dej\u00f3 de asistir a los actos en los que sab\u00eda que \u00e9l iba a estar para no coincidir. Hasta entonces no hab\u00eda querido acudir al juzgado y, por eso, no hab\u00eda pedido una orden de alejamiento, pero entonces mostraba ya preocupaci\u00f3n por su integridad f\u00edsica. Por ello comunicaba que en caso de que el partido no tomase medidas pronto, acudir\u00eda a la justicia ordinaria para defenderse del que considera un acosador y solicitar medidas de protecci\u00f3n. El PSOE no hizo nada. Ella, s\u00ed. <\/p>\n<p class=\"\">El 10 de noviembre acudi\u00f3 a la <a href=\"https:\/\/elpais.com\/espana\/2025-12-04\/la-fiscalia-abre-diligencias-contra-el-lider-del-psoe-en-torremolinos-por-un-presunto-caso-de-acoso-sexual.html\" rel=\"nofollow noopener\" target=\"_blank\">Fiscal\u00eda de Violencia contra la Mujer de M\u00e1laga<\/a>, que decidi\u00f3 abrir diligencias. Solo entonces los socialistas suspendieron de manera cautelar la militancia de Navarro \u2014lo que conlleva tambi\u00e9n que pierde su cargo en la organizaci\u00f3n\u2014 y le abr\u00edan un expediente disciplinario. De momento mantiene su cargo de concejal en Torremolinos y de diputado provincial. <\/p>\n<p class=\"\">Ese mismo d\u00eda por la ma\u00f1ana la militante le hab\u00eda advertido al secretario de organizaci\u00f3n en M\u00e1laga, seg\u00fan una conversaci\u00f3n por WhatsApp a la que ha tenido acceso este peri\u00f3dico: \u201cA las 9.30 tenemos el Pleno de los Presupuestos. Espero que ese sinverg\u00fcenza no est\u00e9 ni se dirija a m\u00ed, pero llevar\u00e9 el m\u00f3vil grabando por si lo hace. Espero que este sinvivir se termine pronto\u201d. No le respondi\u00f3. Una hora despu\u00e9s, le enviaba una copia de la denuncia. En ella dejaba constancia en la Fiscal\u00eda de que su partido hab\u00eda tenido conocimiento de los hechos desde hac\u00eda meses y que hab\u00eda decidido interponerla debido al \u201cp\u00e1nico a ser violentada\u201d en la puerta de su casa.<\/p>\n","protected":false},"excerpt":{"rendered":"El pasado 8 de junio, una concejal del PSOE en Torremolinos (M\u00e1laga, 70.933 habitantes) dijo basta. Llevaba, cuenta,&hellip;\n","protected":false},"author":2,"featured_media":273779,"comment_status":"","ping_status":"","sticky":false,"template":"","format":"standard","meta":{"footnotes":""},"categories":[8],"tags":[10239,259,17,18,8285,25,24,13,14,11,19,20,3855,9,10,15,16,1699,2581,23,12,42886,21,22],"class_list":{"0":"post-273778","1":"post","2":"type-post","3":"status-publish","4":"format-standard","5":"has-post-thumbnail","7":"category-espana","8":"tag-acoso-sexual","9":"tag-andalucia","10":"tag-breaking-news","11":"tag-breakingnews","12":"tag-ciberacoso","13":"tag-es","14":"tag-espana","15":"tag-featured-news","16":"tag-featurednews","17":"tag-headlines","18":"tag-latest-news","19":"tag-latestnews","20":"tag-malaga","21":"tag-news","22":"tag-noticias","23":"tag-noticias-destacadas","24":"tag-noticiasdestacadas","25":"tag-psoe","26":"tag-psoe-a","27":"tag-spain","28":"tag-titulares","29":"tag-torremolinos","30":"tag-ultimas-noticias","31":"tag-ultimasnoticias"},"share_on_mastodon":{"url":"https:\/\/pubeurope.com\/@es\/115671330714252719","error":""},"_links":{"self":[{"href":"https:\/\/www.europesays.com\/es\/wp-json\/wp\/v2\/posts\/273778","targetHints":{"allow":["GET"]}}],"collection":[{"href":"https:\/\/www.europesays.com\/es\/wp-json\/wp\/v2\/posts"}],"about":[{"href":"https:\/\/www.europesays.com\/es\/wp-json\/wp\/v2\/types\/post"}],"author":[{"embeddable":true,"href":"https:\/\/www.europesays.com\/es\/wp-json\/wp\/v2\/users\/2"}],"replies":[{"embeddable":true,"href":"https:\/\/www.europesays.com\/es\/wp-json\/wp\/v2\/comments?post=273778"}],"version-history":[{"count":0,"href":"https:\/\/www.europesays.com\/es\/wp-json\/wp\/v2\/posts\/273778\/revisions"}],"wp:featuredmedia":[{"embeddable":true,"href":"https:\/\/www.europesays.com\/es\/wp-json\/wp\/v2\/media\/273779"}],"wp:attachment":[{"href":"https:\/\/www.europesays.com\/es\/wp-json\/wp\/v2\/media?parent=273778"}],"wp:term":[{"taxonomy":"category","embeddable":true,"href":"https:\/\/www.europesays.com\/es\/wp-json\/wp\/v2\/categories?post=273778"},{"taxonomy":"post_tag","embeddable":true,"href":"https:\/\/www.europesays.com\/es\/wp-json\/wp\/v2\/tags?post=273778"}],"curies":[{"name":"wp","href":"https:\/\/api.w.org\/{rel}","templated":true}]}}