{"id":273788,"date":"2025-12-06T07:09:09","date_gmt":"2025-12-06T07:09:09","guid":{"rendered":"https:\/\/www.europesays.com\/es\/273788\/"},"modified":"2025-12-06T07:09:09","modified_gmt":"2025-12-06T07:09:09","slug":"el-actor-eduardo-casanova-le-intenta-coger-la-churra-a-david-broncano-en-el-prime-time-de-tve","status":"publish","type":"post","link":"https:\/\/www.europesays.com\/es\/273788\/","title":{"rendered":"El actor Eduardo Casanova le intenta \u00abcoger la churra\u00bb a David Broncano en el &#8216;prime time&#8217; de TVE"},"content":{"rendered":"<p>El actor y director de cine <strong>Eduardo Casanova<\/strong> ha protagonizado un sonrojante episodio en el prime time de La 1 de Televisi\u00f3n Espa\u00f1ola. El actor cort\u00f3 en dos ocasiones al presentador, <strong>David Broncano<\/strong>, al grito de \u00ab\u00a1ay, que te cojo la churra!\u00bb, acercando su mano a los genitales de \u00e9ste. Un cl\u00e1sico ejemplo de acoso sexual que, sin embargo, ha sido completamente silenciado por la izquierda, tan vigilante ante casos similares cuando los protagonistas tienen otras filiaciones pol\u00edticas.<\/p>\n<p>Casanova, artista conocido por sus opiniones cr\u00edticas con la izquierda<a href=\"https:\/\/okdiario.com\/trailer\/polemica-serie-del-subvencionado-eduardo-casanova-comedia-inclusiva-vampiras-queer-vih-15246511\" rel=\"nofollow noopener\" target=\"_blank\"> y por pedir m\u00e1s dinero p\u00fablico<\/a> para el cine espa\u00f1ol, fue el invitado este mi\u00e9rcoles en el programa La Revuelta, la apuesta estrella de esta temporada en Televisi\u00f3n Espa\u00f1ola. Acudi\u00f3 a la tambi\u00e9n actriz Mar\u00eda Le\u00f3n, que fue espectadora en primera fila del desconcertante comportamiento de Casanova, quien con mirada perdida en su expresi\u00f3n y dificultad para expresarse con claridad en su hablar en ocasiones, protagoniz\u00f3 m\u00e1s de un episodio que concuerda con la definici\u00f3n de acoso sexual.<\/p>\n<p>En otro momento del programa, Casanova se acerc\u00f3 al protagonista dici\u00e9ndole \u00aberes buena persona\u00bb para, a continuaci\u00f3n, tratar de darle un beso en los labios. Broncano se lo quit\u00f3 de encima, visiblemente molesto.<\/p>\n<p>La actuaci\u00f3n de Eduardo Casanova esta semana en La Revuelta hab\u00eda tenido m\u00e1s eco por las afirmaciones, calificables como barbaridades, que \u00e9ste verti\u00f3 en el programa acerca del VIH y su posible transmisi\u00f3n. \u00abIndetectable es igual a intransmisible, es decir, que las personas a d\u00eda de hoy con VIH que toman una medicaci\u00f3n, que es el 96% de las personas, son indetectables y, por tanto, son intransmisibles\u00bb.<\/p>\n<p>La Plataforma TVE Libre sali\u00f3 al paso de ese contenido ofrecido en la televisi\u00f3n p\u00fablica: \u00abEsto es de una extrema gravedad, mala praxis de libro y requiere una rectificaci\u00f3n inmediata o una nota de la direcci\u00f3n. De lo contrario RTVE queda definitivamente desacreditada con esto y con la manipulaci\u00f3n informativa\u00bb.<\/p>\n","protected":false},"excerpt":{"rendered":"El actor y director de cine Eduardo Casanova ha protagonizado un sonrojante episodio en el prime time de&hellip;\n","protected":false},"author":2,"featured_media":273789,"comment_status":"","ping_status":"","sticky":false,"template":"","format":"standard","meta":{"footnotes":""},"categories":[174],"tags":[255,146,147,25,24,256,23],"class_list":{"0":"post-273788","1":"post","2":"type-post","3":"status-publish","4":"format-standard","5":"has-post-thumbnail","7":"category-famosos","8":"tag-celebrities","9":"tag-entertainment","10":"tag-entretenimiento","11":"tag-es","12":"tag-espana","13":"tag-famosos","14":"tag-spain"},"share_on_mastodon":{"url":"https:\/\/pubeurope.com\/@es\/115671371837450387","error":""},"_links":{"self":[{"href":"https:\/\/www.europesays.com\/es\/wp-json\/wp\/v2\/posts\/273788","targetHints":{"allow":["GET"]}}],"collection":[{"href":"https:\/\/www.europesays.com\/es\/wp-json\/wp\/v2\/posts"}],"about":[{"href":"https:\/\/www.europesays.com\/es\/wp-json\/wp\/v2\/types\/post"}],"author":[{"embeddable":true,"href":"https:\/\/www.europesays.com\/es\/wp-json\/wp\/v2\/users\/2"}],"replies":[{"embeddable":true,"href":"https:\/\/www.europesays.com\/es\/wp-json\/wp\/v2\/comments?post=273788"}],"version-history":[{"count":0,"href":"https:\/\/www.europesays.com\/es\/wp-json\/wp\/v2\/posts\/273788\/revisions"}],"wp:featuredmedia":[{"embeddable":true,"href":"https:\/\/www.europesays.com\/es\/wp-json\/wp\/v2\/media\/273789"}],"wp:attachment":[{"href":"https:\/\/www.europesays.com\/es\/wp-json\/wp\/v2\/media?parent=273788"}],"wp:term":[{"taxonomy":"category","embeddable":true,"href":"https:\/\/www.europesays.com\/es\/wp-json\/wp\/v2\/categories?post=273788"},{"taxonomy":"post_tag","embeddable":true,"href":"https:\/\/www.europesays.com\/es\/wp-json\/wp\/v2\/tags?post=273788"}],"curies":[{"name":"wp","href":"https:\/\/api.w.org\/{rel}","templated":true}]}}