{"id":273795,"date":"2025-12-06T07:16:08","date_gmt":"2025-12-06T07:16:08","guid":{"rendered":"https:\/\/www.europesays.com\/es\/273795\/"},"modified":"2025-12-06T07:16:08","modified_gmt":"2025-12-06T07:16:08","slug":"por-que-la-gripe-se-adelanta-y-se-dispara-sirve-la-vacuna-tres-principales-expertos-revelan-todo-lo-que-debes-sabes","status":"publish","type":"post","link":"https:\/\/www.europesays.com\/es\/273795\/","title":{"rendered":"\u00bfPor qu\u00e9 la gripe se adelanta y se dispara? \u00bfSirve la vacuna? Tres principales expertos revelan todo lo que debes sabes"},"content":{"rendered":"<p><img id=\"fotoPrincipalNoticia\" src=\"https:\/\/www.europesays.com\/es\/wp-content\/uploads\/2025\/12\/fotonoticia_20251206075949_690.jpg\" loading=\"eager\" decoding=\"async\" style=\"view-transition-name: fechor_20251206075949;\" border=\"0\" alt=\"Archivo - Vacuna.\" fetchpriority=\"high\" title=\"\u00bfPor qu\u00e9 la gripe se adelanta y se dispara? \u00bfSirve la vacuna? Tres principales expertos revelan todo lo que debes sabes\" width=\"690\" height=\"460\" itemprop=\"image\"\/><\/p>\n<p>Archivo &#8211; Vacuna. &#8211; DRS PRODUCOES\/ISTOCK &#8211; Archivo<\/p>\n<p>   MADRID, 6 Dic. (EDIZIONES) &#8211; <\/p>\n<p>\u00a0\u00a0\u00a0<strong>La gripe ha irrumpido este a\u00f1o antes de tiempo y con una fuerza inusual.<\/strong> La llegada de la variante K del virus de la gripe A (H3N2) es extremadamente transmisible, pero no por ello m\u00e1s virulenta. Eso s\u00ed, est\u00e1 provocando un aumento explosivo de contagios, especialmente entre ni\u00f1os, con un impacto creciente en los hospitales y en los servicios de Urgencias.<\/p>\n<p>\u00a0\u00a0\u00a0Este a\u00f1o, aunque las vacunas de la gripe previstas no coinciden al 100% con la cepa que circula, los expertos s\u00ed que insisten en <strong>la importancia de vacunarse: siguen siendo la mejor defensa<\/strong> frente a las formas graves de la infecci\u00f3n y sus complicaciones, y uno de los mejores modos de tener que ingresar en la UCI por una <a href=\"https:\/\/www.infosalus.com\/salud-investigacion\/noticia-variante-gripe-acelera-transmision-eleva-presion-asistencial-medicos-urgencias-20251205105546.html\" target=\"_blank\" rel=\"nofollow noopener\">gripe.<\/a><\/p>\n<p>\u00a0\u00a0\u00a0 En este art\u00edculo de Europa Press Infosalus entrevistamos a tres de los principales expertos que manejan el abordaje de la gripe en nuestro pa\u00eds, y te aportamos todo lo que debes saber para protegerte en el momento de mayor transmisi\u00f3n de este invierno.<\/p>\n<p>VAC\u00daNATE YA SI NO LO HAS HECHO<\/p>\n<p>\u00a0\u00a0\u00a0De hecho, precisamente, desde la Asociaci\u00f3n Espa\u00f1ola de Vacunolog\u00eda, su portavoz y vocal s\u00e9nior, <strong>el doctor Fernando Moraga-Llop<\/strong>, avanza que este a\u00f1o, como se est\u00e1 produciendo un adelantamiento de la campa\u00f1a de la gripe, <strong>el mayor n\u00famero de casos se concentrar\u00e1n durante las Navidades<\/strong>, y no tras ellas, como suced\u00eda hasta ahora: \u201cQuienes no se hayan vacunado de la gripe deben hacerlo ya porque en 15 d\u00edas se inicia la protecci\u00f3n de la vacuna, y ahora ya nos vamos a la antesala de la Navidad, donde se prev\u00e9 el pico m\u00e1s alto de incidencia de <a href=\"https:\/\/www.infosalus.com\/salud-investigacion\/noticia-variante-gripe-acelera-transmision-eleva-presion-asistencial-medicos-urgencias-20251205105546.html\" target=\"_blank\" rel=\"nofollow noopener\">gripe<\/a>\u201d.<\/p>\n<p>\u00a0\u00a0\u00a0Justifica con ello el adelanto de la temporada de la gripe, entre otros puntos, a esa <strong>\u201cextrema transmisibilidad\u201d de esta variante K<\/strong> del virus de la gripe: \u201cAl ser m\u00e1s transmisible, infecta con m\u00e1s facilidad, de manera que hay m\u00e1s contagios y por tanto m\u00e1s casos; un mayor impacto sanitario, aunque este virus no sea m\u00e1s grave que otros, s\u00ed se contagia m\u00e1s\u201d.<\/p>\n<p>\u00a0\u00a0\u00a0Destaca que, por ejemplo, en Catalu\u00f1a, a fecha de 30 de noviembre, el \u00edndice de poblaci\u00f3n de 5 a 14 a\u00f1os se situaba en un <a href=\"https:\/\/www.infosalus.com\/salud-investigacion\/noticia-gripe-situa-753-casos-100000-habitantes-llegando-casi-duplicarse-semana-20251204165745.html\" target=\"_blank\" rel=\"nofollow noopener\">nivel epid\u00e9mico muy alto<\/a>, y despu\u00e9s apunta que el grupo de ni\u00f1os menores de 5 a\u00f1os se encuentran en una situaci\u00f3n de nivel epid\u00e9mico alto, \u201caunque globalmente en Catalu\u00f1a la situaci\u00f3n sea moderada\u201d.<\/p>\n<p>\u00a0\u00a0\u00a0Desde la Sociedad Espa\u00f1ola de Medicina de Urgencias y Emergencias (SEMES), en una reciente nota de prensa, se\u00f1alan que, actualmente, Espa\u00f1a est\u00e1 entrando en una \u201cplena onda epid\u00e9mica de gripe\u201d, con el predominio del virus A(H3N2), y sobre todo de la variante K; con el consecuente incremento de las infecciones respiratorias agudas entre ni\u00f1os peque\u00f1os (0\u20134 a\u00f1os), beb\u00e9s menores de un a\u00f1o, y entre los mayores de 75\u201380 a\u00f1os.<\/p>\n<p>LA GRIPE SIEMPRE PRIMERO EN NI\u00d1OS<\/p>\n<p>\u00a0\u00a0\u00a0Pero tambi\u00e9n cuenta el representante de la asociaci\u00f3n de vacunas que <strong>cuando aparece la gripe siempre lo hace primero en la poblaci\u00f3n infantil<\/strong> y son los ni\u00f1os y adolescentes los que contagian a los adultos. \u201cDe ah\u00ed la importancia de vacunar de la gripe tambi\u00e9n a los ni\u00f1os, y sobre todo a los menores de 5 a\u00f1os, porque estos tienen una tasa de hospitalizaci\u00f3n que muchas veces casi iguala a la de las personas mayores de 60, en quienes es m\u00e1s grave la infecci\u00f3n y hay m\u00e1s mortalidad\u201d, advierte el doctor Moraga-Llop.<\/p>\n<p>\u00a0\u00a0\u00a0Mientras, <strong>Mar\u00eda Tom\u00e1s, portavoz de la Sociedad Espa\u00f1ola de Enfermedades Infecciosas y Microbiolog\u00eda Cl\u00ednica (SEIMC)<\/strong> coincide con el representante de la Asociaci\u00f3n Espa\u00f1ola de Vacunolog\u00eda, en declaraciones a Europa Press, en que, efectivamente, la temporada gripal ha comenzado unas 3-4 semanas antes de lo habitual, \u201calgo inusual\u201d, debido a la circulaci\u00f3n del \u2018subclado K\u2019 de la gripe A, que se propaga con mayor facilidad que las cepas anteriores, y facilita brotes r\u00e1pidos en entornos de convivencia cercanos, como las residencias, las guarder\u00edas, o los colegios, por ejemplo.<\/p>\n<p>\u00a0\u00a0\u00a0En consecuencia, lamenta esta experta que <strong>se est\u00e1 incrementando la carga asistencial en el sistema de salud<\/strong>, al tiempo que est\u00e1n <strong>aumentando el n\u00famero de hospitalizaciones<\/strong>, e incluso la severidad individual en pacientes vulnerables. \u201cPor eso es necesaria la vacunaci\u00f3n, para evitar la enfermedad grave\u201d, ahonda la doctora Tom\u00e1s.<\/p>\n<p>\u00bfSON EFICACES LAS VACUNAS ACTUALES?<\/p>\n<p>\u00a0\u00a0\u00a0Es por ello por lo que nos preguntamos <strong>si las vacunas actuales son eficaces frente a esta cepa<\/strong> que est\u00e1 circulando mayoritariamente por nuestro pa\u00eds. Fernando Moraga-Llop, de la Asociaci\u00f3n Espa\u00f1ola de Vacunolog\u00eda, recuerda en este sentido que la vacuna de la gripe var\u00eda cada a\u00f1o, y no hay de momento una universal, y que entre las cepas incluidas no figura el subclado K que es el predominante, pero s\u00ed su anterior variante.<\/p>\n<p>\u00a0\u00a0\u00a0\u201cLa vacuna de la gripe es una vacuna actualmente anual, es decir, se tiene que poner cada a\u00f1o antes del inicio de la \u00e9poca gripal. Para la realizaci\u00f3n de la vacuna de la gripe todos los a\u00f1os se verifica lo sucedido en el hemisferio sur, donde la variante K H3N2 que circula este a\u00f1o, en el sur no circul\u00f3 hasta finales de su temporada, por lo que no dio tiempo de incluirla en la vacuna actual. En la que se est\u00e1 inyectando ahora en Espa\u00f1a est\u00e1 incluida su predecesora la variante J\u201d, aclara este especialista en vacunas.<\/p>\n<p>\u00a0\u00a0\u00a0Por tanto, aunque no haya una concordancia 100% entre la vacuna y el virus que circula si hace hincapi\u00e9 en que hay un grado de protecci\u00f3n cruzada de ambas variedades: \u201cCabe esperar que, sobre todo en el adulto, la efectividad de la vacuna sea m\u00e1s baja. Y por una publicaci\u00f3n de datos preliminares en Inglaterra, <strong>en el caso de los ni\u00f1os s\u00ed tiene una alta efectividad\u201d.<\/strong><\/p>\n<p>\u00a0\u00a0\u00a0Incide as\u00ed este doctor en que se mantiene el consejo de que <strong>es necesario vacunarse porque la inyecci\u00f3n te libra de formas graves de la enfermedad, de complicaciones y de hospitalizaciones<\/strong>, y tambi\u00e9n porque \u201ccuanta m\u00e1s cobertura vacunal haya de la poblaci\u00f3n mejor porque menor ser\u00e1 el impacto de la gripe este a\u00f1o\u201d.<\/p>\n<p>DE QU\u00c9 DEPENDE LA EFECTIVIDAD DE UNA VACUNA<\/p>\n<p>\u00a0\u00a0\u00a0Con todo ello, pedimos al <strong>doctor \u00c1lvaro Mor\u00e1n Bay\u00f3n, coordinador del Grupo de Trabajo de Infecciones, Migrante, Vacunas y Actividades Preventivas (IMVAP) de SEMERGEN<\/strong> que nos explique de qu\u00e9 depende la efectividad de una vacuna, se\u00f1alando que de varios factores: primero, de las caracter\u00edsticas de la vacuna; y tambi\u00e9n dice que de la propia persona, de manera que \u201cno es lo mismo la respuesta de un ni\u00f1o que la de un adulto, o la de un adulto sano de la de una persona que tenga varias enfermedades, etc.\u201d.<\/p>\n<p>\u00a0\u00a0\u00a0Dice que lo que s\u00ed se sabe es que <strong>los h\u00e1bitos de vida saludables, comida sana, ejercicio, evitar el tabaco y el alcohol, y tambi\u00e9n vacunarse hace que nuestro sistema inmunitario se mantenga \u201cm\u00e1s en forma<\/strong>\u201d. Tambi\u00e9n depende, seg\u00fan prosigue, de las mutaciones que tenga la cepa de la enfermedad circulante, de manera que al dise\u00f1ar una vacuna se selecciona un pat\u00f3geno y se realiza la vacuna frente a la cepa que circule. \u201cMuchos virus, como la gripe o la COVID-19, muta o cambia de un a\u00f1o a otro y la efectividad puede cambiar\u201d, sostiene este experto, y quiz\u00e1s esto ser\u00eda lo que ha sucedido en esta campa\u00f1a.<\/p>\n<p>\u00a0\u00a0\u00a0 A\u00fan con todo, la portavoz de la SEIMC tambi\u00e9n insiste en la importancia de la <a href=\"https:\/\/www.infosalus.com\/actualidad\/noticia-sanidad-ccaa-llegan-acuerdo-protocolo-comun-contra-gripe-covid-otros-virus-respiratorios-20251203155847.html\" target=\"_blank\" rel=\"nofollow noopener\">vacunaci\u00f3n<\/a>, porque, como se\u00f1ala en varias ocasiones, evita que los cuadros se compliquen, especialmente en los pacientes vulnerables, como pueden ser las neumon\u00edas, los ingresos en UCI, o la descompensaci\u00f3n de enfermedades cr\u00f3nicas, por ejemplo, as\u00ed como el colapso en el sistema sanitario.<\/p>\n","protected":false},"excerpt":{"rendered":"Archivo &#8211; Vacuna. &#8211; DRS PRODUCOES\/ISTOCK &#8211; Archivo MADRID, 6 Dic. (EDIZIONES) &#8211; \u00a0\u00a0\u00a0La gripe ha irrumpido este&hellip;\n","protected":false},"author":2,"featured_media":273796,"comment_status":"","ping_status":"","sticky":false,"template":"","format":"standard","meta":{"footnotes":""},"categories":[92],"tags":[25,24,165,166,23],"class_list":{"0":"post-273795","1":"post","2":"type-post","3":"status-publish","4":"format-standard","5":"has-post-thumbnail","7":"category-salud","8":"tag-es","9":"tag-espana","10":"tag-health","11":"tag-salud","12":"tag-spain"},"share_on_mastodon":{"url":"https:\/\/pubeurope.com\/@es\/115671400234153336","error":""},"_links":{"self":[{"href":"https:\/\/www.europesays.com\/es\/wp-json\/wp\/v2\/posts\/273795","targetHints":{"allow":["GET"]}}],"collection":[{"href":"https:\/\/www.europesays.com\/es\/wp-json\/wp\/v2\/posts"}],"about":[{"href":"https:\/\/www.europesays.com\/es\/wp-json\/wp\/v2\/types\/post"}],"author":[{"embeddable":true,"href":"https:\/\/www.europesays.com\/es\/wp-json\/wp\/v2\/users\/2"}],"replies":[{"embeddable":true,"href":"https:\/\/www.europesays.com\/es\/wp-json\/wp\/v2\/comments?post=273795"}],"version-history":[{"count":0,"href":"https:\/\/www.europesays.com\/es\/wp-json\/wp\/v2\/posts\/273795\/revisions"}],"wp:featuredmedia":[{"embeddable":true,"href":"https:\/\/www.europesays.com\/es\/wp-json\/wp\/v2\/media\/273796"}],"wp:attachment":[{"href":"https:\/\/www.europesays.com\/es\/wp-json\/wp\/v2\/media?parent=273795"}],"wp:term":[{"taxonomy":"category","embeddable":true,"href":"https:\/\/www.europesays.com\/es\/wp-json\/wp\/v2\/categories?post=273795"},{"taxonomy":"post_tag","embeddable":true,"href":"https:\/\/www.europesays.com\/es\/wp-json\/wp\/v2\/tags?post=273795"}],"curies":[{"name":"wp","href":"https:\/\/api.w.org\/{rel}","templated":true}]}}