{"id":273797,"date":"2025-12-06T07:17:26","date_gmt":"2025-12-06T07:17:26","guid":{"rendered":"https:\/\/www.europesays.com\/es\/273797\/"},"modified":"2025-12-06T07:17:26","modified_gmt":"2025-12-06T07:17:26","slug":"asi-hemos-buscado-en-google-en-2025-estos-han-sido-los-temas-mas-relevantes-del-ano-para-la-sociedad-espanola-sociedad","status":"publish","type":"post","link":"https:\/\/www.europesays.com\/es\/273797\/","title":{"rendered":"As\u00ed hemos buscado en Google en 2025: estos han sido los temas m\u00e1s relevantes del a\u00f1o para la sociedad espa\u00f1ola | Sociedad"},"content":{"rendered":"<p class=\"loc\">Madrid<\/p>\n<p>El a\u00f1o 2025 est\u00e1 llegando a su fin y, como suele ser habitual por estas fechas, ha llegado el momento de hacer un repaso a todo lo que han sido 12 meses repletos de un sinf\u00edn de acontecimientos hist\u00f3ricos. Desde<a href=\"https:\/\/cadenaser.com\/nacional\/2025\/04\/21\/muere-el-papa-francisco-a-los-88-anos-cadena-ser\/\" target=\"_blank\" rel=\"noreferrer nofollow noopener\" title=\"https:\/\/cadenaser.com\/nacional\/2025\/04\/21\/muere-el-papa-francisco-a-los-88-anos-cadena-ser\/\"> la muerte del papa Francisco el pasado mes de abril<\/a> hasta <a href=\"https:\/\/cadenaser.com\/nacional\/2025\/04\/28\/como-ha-sobrevivido-la-radio-al-apagon-que-ha-dejado-sin-luz-a-toda-espana-cadena-ser\/\" target=\"_blank\" rel=\"noreferrer nofollow noopener\" title=\"https:\/\/cadenaser.com\/nacional\/2025\/04\/28\/como-ha-sobrevivido-la-radio-al-apagon-que-ha-dejado-sin-luz-a-toda-espana-cadena-ser\/\">el gran apag\u00f3n que nos pill\u00f3 a todos por sorpresa <\/a>apenas unos d\u00edas m\u00e1s tarde. Un a\u00f1o marcado por el lanzamiento del nuevo disco de Rosal\u00eda y tambi\u00e9n por la separaci\u00f3n de un d\u00fao tan ic\u00f3nico como Andy y Lucas, quienes han decidido tomar distintos caminos tras no acabar demasiado bien.<\/p>\n<p>M\u00e1s informaci\u00f3n<\/p>\n<p>Una de las empresas que nos invita a dar un viaje por estos \u00faltimos doce meses ha sido Google, quien ha publicado este jueves la lista con las b\u00fasquedas m\u00e1s recurrentes por parte de la sociedad espa\u00f1ola en 2025. Y en el listado aparecen algunos de estos eventos ic\u00f3nicos y tambi\u00e9n otros m\u00e1s sorprendentes. La consulta m\u00e1s recurrente de este 2025 fue la relacionada con el apag\u00f3n que nos dej\u00f3 sin luz el pasado 28 de abril. A pesar de que durante aquel d\u00eda no pudimos acceder a Internet, durante los d\u00edas venideros nos hicimos muchas preguntas acerca de qu\u00e9 hab\u00eda sucedido y por qu\u00e9 tardamos tanto en resolver el problema. <\/p>\n<p>Los temas m\u00e1s relevantes del a\u00f1o<\/p>\n<p>Nos interesamos por el apag\u00f3n y tambi\u00e9n sobre otros temas de gran repercusi\u00f3n medi\u00e1tica como las lluvias torrenciales del pasado mes de septiembre,<a href=\"https:\/\/cadenaser.com\/nacional\/2025\/08\/29\/radiografia-de-16-dias-de-infierno-en-espana-por-el-fuego-cadena-ser\/\" target=\"_blank\" rel=\"noreferrer nofollow noopener\" title=\"https:\/\/cadenaser.com\/nacional\/2025\/08\/29\/radiografia-de-16-dias-de-infierno-en-espana-por-el-fuego-cadena-ser\/\"> los incendios forestales que asolaron gran parte del pa\u00eds en agosto<\/a> y <a href=\"https:\/\/cadenaser.com\/nacional\/2025\/05\/08\/quien-es-robert-francis-prevost-el-cardenal-elegido-como-nuevo-papa-cadena-ser\/\" target=\"_blank\" rel=\"noreferrer nofollow noopener\" title=\"https:\/\/cadenaser.com\/nacional\/2025\/05\/08\/quien-es-robert-francis-prevost-el-cardenal-elegido-como-nuevo-papa-cadena-ser\/\">la elecci\u00f3n del nuevo papa<\/a>. M\u00e1s all\u00e1 de estos cuatro eventos hist\u00f3ricos nos encontramos con otras b\u00fasquedas cuanto menos llamativas. Principalmente porque el quinto t\u00e9rmino m\u00e1s buscado del a\u00f1o tiene que ver con la migraci\u00f3n de la mariposa monarca, y el sexto y el s\u00e9ptimo hacen referencia a la humorista Lalachus y al programa La Revuelta.<\/p>\n<p><img decoding=\"async\" src=\"https:\/\/www.europesays.com\/es\/wp-content\/uploads\/2025\/12\/MV5B37YPGRFOZGIBW2PEL4V3FE.png\" alt=\"Las b\u00fasquedas m\u00e1s recurrentes del a\u00f1o en Google.\" width=\"16\" height=\"9\"  loading=\"lazy\"\/><\/p>\n<p>Las b\u00fasquedas m\u00e1s recurrentes del a\u00f1o en Google. \/ Google<\/p>\n<p>Ampliar<img decoding=\"async\" src=\"https:\/\/www.europesays.com\/es\/wp-content\/uploads\/2025\/12\/1765005443_301_MV5B37YPGRFOZGIBW2PEL4V3FE.png\" alt=\"Las b\u00fasquedas m\u00e1s recurrentes del a\u00f1o en Google.\" width=\"16\" height=\"9\" loading=\"lazy\"\/><\/p>\n<p>Las b\u00fasquedas m\u00e1s recurrentes del a\u00f1o en Google. \/ Google<\/p>\n<p>Cerrar<\/p>\n<p>Por \u00faltimo, la sociedad espa\u00f1ola se interes\u00f3 por la situaci\u00f3n flotilla que fue interceptada por las fuerzas israel\u00eds cuando intentaba llegar a Gaza, por la elecci\u00f3n del Premio Planeta 2025 y por el fen\u00f3meno de los Labubus. Por lo tanto, diez conceptos que nos permiten conocer un poco mejor lo que han sido estos doce \u00faltimos meses y que nos ayudan a confeccionar la fotograf\u00eda de un a\u00f1o repleto de historias. <\/p>\n<p>Anora, la pel\u00edcula m\u00e1s buscada del a\u00f1o<\/p>\n<p>Por otro lado, Google tambi\u00e9n ha compartido el listado de series y pel\u00edculas m\u00e1s consultadas a lo largo del 2025 por los espa\u00f1oles y espa\u00f1olas. Una lista comandada por Anora, quien recib\u00eda en marzo el premio \u00d3scar a mejor pel\u00edcula, y por otras grandes triunfadoras del cine espa\u00f1ol como Sirat o La Infiltrada, premio Goya a Mejor Pel\u00edcula 2025. Sorprende la cuarta posici\u00f3n de Nosferatu, pues es una pel\u00edcula de finales de 2024, y la quinta de Weapons, pues estamos hablando de una pel\u00edcula de terror que se ha situado por delante de aut\u00e9nticos blockbusters en cuanto a n\u00famero de consultas totales. <\/p>\n<p><img decoding=\"async\" src=\"https:\/\/www.europesays.com\/es\/wp-content\/uploads\/2025\/12\/CB5AJ6EB7VAC5AM2GN6VPMTWOE.png\" alt=\"Pel\u00edculas m\u00e1s consultadas del a\u00f1o en Espa\u00f1a.\" width=\"16\" height=\"9\"  loading=\"lazy\"\/><\/p>\n<p>Pel\u00edculas m\u00e1s consultadas del a\u00f1o en Espa\u00f1a. \/ Google<\/p>\n<p>Ampliar<img decoding=\"async\" src=\"https:\/\/www.europesays.com\/es\/wp-content\/uploads\/2025\/12\/1765005446_456_CB5AJ6EB7VAC5AM2GN6VPMTWOE.png\" alt=\"Pel\u00edculas m\u00e1s consultadas del a\u00f1o en Espa\u00f1a.\" width=\"16\" height=\"9\" loading=\"lazy\"\/><\/p>\n<p>Pel\u00edculas m\u00e1s consultadas del a\u00f1o en Espa\u00f1a. \/ Google<\/p>\n<p>Cerrar<\/p>\n<p>En este listado tambi\u00e9n nos encontramos con The Brutalist, otra de las grandes triunfadoras de la noche de los \u00d3scar, y El 47, quien tambi\u00e9n gan\u00f3 el Goya a mejor Pel\u00edcula en un empate hist\u00f3rico ex aequo junto con La Infiltrada. Por \u00faltimo, el 2025 tambi\u00e9n ha sido el a\u00f1o de la vuelta de Superman, de la pol\u00e9mica Emilia P\u00e9rez y de Adolescencia, la \u00fanica serie que ha podido colarse en este listado comandado por algunas de las pel\u00edculas m\u00e1s importantes del a\u00f1o. Un listado en el que se echa de menos la temporada final de El juego del Calamar o la m\u00e1s reciente Stranger Things que acaba de llegar a Netflix, pero que resume a grandes rasgos un a\u00f1o de cine.<\/p>\n","protected":false},"excerpt":{"rendered":"Madrid El a\u00f1o 2025 est\u00e1 llegando a su fin y, como suele ser habitual por estas fechas, ha&hellip;\n","protected":false},"author":2,"featured_media":273798,"comment_status":"","ping_status":"","sticky":false,"template":"","format":"standard","meta":{"footnotes":""},"categories":[91],"tags":[66960,259,5288,66961,66962,66963,66964,66965,37087,19614,66966,146,147,25,24,66967,66968,494,66969,66970,66971,66972,66973,66974,66975,66976,66977,66978,66979,1215,66980,27436,66981,66982,66983,23,66984,66985,66986,66987],"class_list":{"0":"post-273797","1":"post","2":"type-post","3":"status-publish","4":"format-standard","5":"has-post-thumbnail","7":"category-entretenimiento","8":"tag-affected","9":"tag-andalucia","10":"tag-apagon","11":"tag-april-28","12":"tag-april-blackout","13":"tag-citizens","14":"tag-communication-disruption","15":"tag-daily-lives","16":"tag-darkness","17":"tag-electricidad","18":"tag-emergency-lighting","19":"tag-entertainment","20":"tag-entretenimiento","21":"tag-es","22":"tag-espana","23":"tag-fermin-rodriguez","24":"tag-flashlights","25":"tag-granada","26":"tag-granada-streets","27":"tag-iberian-blackout","28":"tag-iberian-peninsula-blackout","29":"tag-iberian-power-crisis","30":"tag-infrastructure-impact","31":"tag-light-out","32":"tag-light-reflections","33":"tag-nationwide","34":"tag-nationwide-blackout","35":"tag-no-light","36":"tag-no-power","37":"tag-nurphoto","38":"tag-outage","39":"tag-power","40":"tag-power-failure","41":"tag-power-outage","42":"tag-public-transport","43":"tag-spain","44":"tag-telecommunications","45":"tag-torch","46":"tag-transport-halt","47":"tag-walk"},"share_on_mastodon":{"url":"","error":"Validation failed: Text character limit of 500 exceeded"},"_links":{"self":[{"href":"https:\/\/www.europesays.com\/es\/wp-json\/wp\/v2\/posts\/273797","targetHints":{"allow":["GET"]}}],"collection":[{"href":"https:\/\/www.europesays.com\/es\/wp-json\/wp\/v2\/posts"}],"about":[{"href":"https:\/\/www.europesays.com\/es\/wp-json\/wp\/v2\/types\/post"}],"author":[{"embeddable":true,"href":"https:\/\/www.europesays.com\/es\/wp-json\/wp\/v2\/users\/2"}],"replies":[{"embeddable":true,"href":"https:\/\/www.europesays.com\/es\/wp-json\/wp\/v2\/comments?post=273797"}],"version-history":[{"count":0,"href":"https:\/\/www.europesays.com\/es\/wp-json\/wp\/v2\/posts\/273797\/revisions"}],"wp:featuredmedia":[{"embeddable":true,"href":"https:\/\/www.europesays.com\/es\/wp-json\/wp\/v2\/media\/273798"}],"wp:attachment":[{"href":"https:\/\/www.europesays.com\/es\/wp-json\/wp\/v2\/media?parent=273797"}],"wp:term":[{"taxonomy":"category","embeddable":true,"href":"https:\/\/www.europesays.com\/es\/wp-json\/wp\/v2\/categories?post=273797"},{"taxonomy":"post_tag","embeddable":true,"href":"https:\/\/www.europesays.com\/es\/wp-json\/wp\/v2\/tags?post=273797"}],"curies":[{"name":"wp","href":"https:\/\/api.w.org\/{rel}","templated":true}]}}