{"id":273805,"date":"2025-12-06T07:21:08","date_gmt":"2025-12-06T07:21:08","guid":{"rendered":"https:\/\/www.europesays.com\/es\/273805\/"},"modified":"2025-12-06T07:21:08","modified_gmt":"2025-12-06T07:21:08","slug":"mazon-llamo-por-whatsapp-a-pradas-nueve-minutos-antes-de-llegar-al-cecopi-para-preguntarle-por-donde-acceder-lasexta","status":"publish","type":"post","link":"https:\/\/www.europesays.com\/es\/273805\/","title":{"rendered":"Maz\u00f3n llam\u00f3 por WhatsApp a Pradas nueve minutos antes de llegar al CECOPI para preguntarle por d\u00f3nde acceder &#8211; LaSexta"},"content":{"rendered":"<ol>\n<li><a href=\"https:\/\/news.google.com\/rss\/articles\/CBMi-wFBVV95cUxNa3lSX3ZLT2ZkN3l2QURPMExzbmMwQ19xRndtS05EV2l2ZzdYMFh5N1Znc3dCd1BKcXk1TGprR0R4X05hRG9NajdUbUZlb1dPdDR3THZkSmswYzZXM1J5ZTV5V2NrODRYcTZEd0V1RnBoYzhtZ3BHRm5jTTZ0QjB2c28wMkxHTThUa2o1cVNtUkxNQWlQQldWR3JRY1lNclVVN0FoUnZqUzVmV3BKNkpRLUp4ejZjbWdDVVUtdTdsVGo1X3J1OXRSN0hhUDhJWERDT1BMNWlKWlAwcDVOYmtIVDg0RV9UWldKaGhQb21mT2psOHZsdnBmNDYyNNIB-wFBVV95cUxOcXVHWHYxZUw1Ykhnd1JzVlotT0wxbG5hT0NBc1VuQ2JqTnFGdXFsYUM3NGV0QnhIVldJWXpYVFNHNkV4R0RwS1hPMFR4VDM2NVRwaG96YzJYcWdjRGNPRV91Y0JwclZLd0dDWE5nTDZfRGI1Vi14bWxQRFZaU0lTWk4yMU1FQktrOGMtdmlaSTQ3ZnBCNVZSakU1aUtTUElQV25oX3o2X1dlVjl4SkYyLVkzNGI1YjlUQlF1RnlYMVB5UldzbkxYNWZIVmlQbndqMUF0QnRDY2JnZFlxZ0ZZeGNfTjdpYVpBRmExSnpMV0lpRkd4ZFo5RHhfSQ?oc=5\" target=\"_blank\" rel=\"nofollow noopener\">Maz\u00f3n llam\u00f3 por WhatsApp a Pradas nueve minutos antes de llegar al CECOPI para preguntarle por d\u00f3nde acceder<\/a>&nbsp;&nbsp;LaSexta<\/li>\n<li><a href=\"https:\/\/news.google.com\/rss\/articles\/CBMijAFBVV95cUxORDdCQWxXZ0ZoYmhRM1R0eEo5UnR5dVVmYlptX1duZ2J2ZFgzUzVGSC1IRlQ4RlVkUWliaEJrdDNJNnZrVWVFdTctaFpHa0RXaTB2SlZnaVU2bGROSUdxNUswZDFZZ0tqQlZnVUNLdHNWMDhTdzVhWnRSQlJkMzhXaGhhdzNya2tCUHNqctIBjAFBVV95cUxNWEdLeDEtTF8zM1NXczhxbDlUeFRuc29VclpuQmJncDl1SGlxck5yOE9aVGVZYmZTZ0hvUkVtbWdFd3BQbTdtbHhVYWNjLV91blN6UnN1NG5Ick5CVW1HaXBfOHB2bVVhekZvQ1dQZlZoc212c255OXZGUS14Z3c3ajhZOUE3TGJvZ1ZfRg?oc=5\" target=\"_blank\" rel=\"nofollow noopener\">El aluvi\u00f3n de mensajes a Pradas cerca a Maz\u00f3n en la causa de la dana por la implicaci\u00f3n de su jefe de gabinete en las \u00f3rdenes previas a la alerta<\/a>&nbsp;&nbsp;El Mundo<\/li>\n<li><a href=\"https:\/\/news.google.com\/rss\/articles\/CBMi6wFBVV95cUxQeDhBOHZmYVhJVksxWTM4cHcyc2Q3RjNweFdRN3FfekV4cGcxaF8xZzBDd2JDck05TElndU9HQUVka29Nekw1Mm1XQVRhdDh4UzZST1ZNb3FGVlIzZ29HLWdQWnBaUjFyR0U3OThmLVJvc191a19YTldRYjNBMEUzbmRnWTRReDZFa2FYUkI1ZFNPYmpzNWNfN2xTRURlNTVQd1UwX1dvTWtEUE43NWVlTzlMUjZxWXVzSFlPUExFNnl5T0RleFM3ZHd5Z0NRakZVdEExZVlzMDFFOHZ1RHg5ajgtODhXZ1gzLTF3?oc=5\" target=\"_blank\" rel=\"nofollow noopener\">Los mensajes del d\u00eda de la dana entre Pradas, Maz\u00f3n y su jefe de gabinete revelan que sab\u00edan que pasaba algo grave<\/a>&nbsp;&nbsp;EL PA\u00cdS<\/li>\n<li><a href=\"https:\/\/news.google.com\/rss\/articles\/CBMipgFBVV95cUxOTDF1MUgybDhtNzdUblFmRWJ4S1Q3UlZicFN2ZVMxZVdEQXYyV1E2T0xlbmNHZ2pxT05hMS1rX0QxdU45dWxnYUs1X3hIZjJyVHB0ZDJud2tySmpJVlV3NXlzYi01ZFJWdUF6bDRYMzRiNXNRZTZWM0VUTGUxeXo4ZDN1MElEaVFucC05TjFFTUJDVGhKWV9nS1lUdEtCc29uLU1vSXZn?oc=5\" target=\"_blank\" rel=\"nofollow noopener\">Calificar solo de negligente a Maz\u00f3n es hacerle un favor<\/a>&nbsp;&nbsp;elDiario.es<\/li>\n<li><a href=\"https:\/\/news.google.com\/rss\/articles\/CBMixwFBVV95cUxQQnRQQ094bEc0OG4tVUk3bDV3Q3pKNVdsb3doM1YxRmNTMUcwcVVUazItRWNZZHdNMW5Jc2REZEU5X3BqUXQzYVlGQjNicFNZRmlGZEIyMzFHeVJOQWg2NjFOZzktT2ZSSFRtMVV3SmFtWTBqSFhVVFIyRXQxeDdZZWRTd2taWG9sV1poV2tmRlc2bnIxbUZXOVhZeEVrai04Uk96Ri0zYnd6bEZfRW8zOW82UksyeTY3NkVxMk9ZNUp3aVFEcHZV?oc=5\" target=\"_blank\" rel=\"nofollow noopener\">El mensaje de Pradas a Maz\u00f3n a las 13.03 horas: \u00abLo que m\u00e1s preocupa ahora es el barranco del Poyo y el r\u00edo Magro\u00bb<\/a>&nbsp;&nbsp;El Confidencial<\/li>\n<\/ol>\n","protected":false},"excerpt":{"rendered":"Maz\u00f3n llam\u00f3 por WhatsApp a Pradas nueve minutos antes de llegar al CECOPI para preguntarle por d\u00f3nde acceder&nbsp;&nbsp;LaSexta&hellip;\n","protected":false},"author":2,"featured_media":248356,"comment_status":"","ping_status":"","sticky":false,"template":"","format":"standard","meta":{"footnotes":""},"categories":[8],"tags":[17,18,25,24,13,14,11,19,20,9,10,15,16,23,12,21,22],"class_list":{"0":"post-273805","1":"post","2":"type-post","3":"status-publish","4":"format-standard","5":"has-post-thumbnail","7":"category-espana","8":"tag-breaking-news","9":"tag-breakingnews","10":"tag-es","11":"tag-espana","12":"tag-featured-news","13":"tag-featurednews","14":"tag-headlines","15":"tag-latest-news","16":"tag-latestnews","17":"tag-news","18":"tag-noticias","19":"tag-noticias-destacadas","20":"tag-noticiasdestacadas","21":"tag-spain","22":"tag-titulares","23":"tag-ultimas-noticias","24":"tag-ultimasnoticias"},"share_on_mastodon":{"url":"","error":""},"_links":{"self":[{"href":"https:\/\/www.europesays.com\/es\/wp-json\/wp\/v2\/posts\/273805","targetHints":{"allow":["GET"]}}],"collection":[{"href":"https:\/\/www.europesays.com\/es\/wp-json\/wp\/v2\/posts"}],"about":[{"href":"https:\/\/www.europesays.com\/es\/wp-json\/wp\/v2\/types\/post"}],"author":[{"embeddable":true,"href":"https:\/\/www.europesays.com\/es\/wp-json\/wp\/v2\/users\/2"}],"replies":[{"embeddable":true,"href":"https:\/\/www.europesays.com\/es\/wp-json\/wp\/v2\/comments?post=273805"}],"version-history":[{"count":0,"href":"https:\/\/www.europesays.com\/es\/wp-json\/wp\/v2\/posts\/273805\/revisions"}],"wp:featuredmedia":[{"embeddable":true,"href":"https:\/\/www.europesays.com\/es\/wp-json\/wp\/v2\/media\/248356"}],"wp:attachment":[{"href":"https:\/\/www.europesays.com\/es\/wp-json\/wp\/v2\/media?parent=273805"}],"wp:term":[{"taxonomy":"category","embeddable":true,"href":"https:\/\/www.europesays.com\/es\/wp-json\/wp\/v2\/categories?post=273805"},{"taxonomy":"post_tag","embeddable":true,"href":"https:\/\/www.europesays.com\/es\/wp-json\/wp\/v2\/tags?post=273805"}],"curies":[{"name":"wp","href":"https:\/\/api.w.org\/{rel}","templated":true}]}}