{"id":273806,"date":"2025-12-06T07:22:42","date_gmt":"2025-12-06T07:22:42","guid":{"rendered":"https:\/\/www.europesays.com\/es\/273806\/"},"modified":"2025-12-06T07:22:42","modified_gmt":"2025-12-06T07:22:42","slug":"inclusion-de-ponferrada-por-primera-vez-en-el-plan-montel-de-la-junta-de-castilla-y-leon-diciembre-2025","status":"publish","type":"post","link":"https:\/\/www.europesays.com\/es\/273806\/","title":{"rendered":"Inclusi\u00f3n de Ponferrada por primera vez en el Plan Montel de la Junta de Castilla y Le\u00f3n &#8211; diciembre 2025"},"content":{"rendered":"<p class=\"cmParagraph\">Ponferrada, 05 de diciembre de 2025<\/p>\n<p class=\"cmParagraph cmIndent1\">\u00abLa ayuda recibida del Plan Montel de la Junta de Castilla y Le\u00f3n complementar\u00e1 el esfuerzo municipal por mejorar nuestro medio natural\u00bb<\/p>\n<p class=\"cmParagraph\">Marco Morala agradece al presidente de la Comunidad la inclusi\u00f3n de Ponferrada por primera vez en dicho plan<\/p>\n<p class=\"cmParagraph\">El alcalde de Ponferrada, Marco Morala, expresa su satisfacci\u00f3n por la inclusi\u00f3n de Ponferrada por primera vez en el Plan Montel de la Junta de Castilla y Le\u00f3n que financia la contrataci\u00f3n de desempleados para las labores de gesti\u00f3n forestal y cuidado del medio ambiente. \u00abCreo que es de justicia la inclusi\u00f3n de Ponferrada por la gran masa forestal que tiene y como ayuda al esfuerzo en la preservaci\u00f3n, mejoras y recuperaci\u00f3n de nuestro medio natural y en particular de nuestras zonas arboladas\u00bb.<\/p>\n<p class=\"cmParagraph\">Hasta ahora Ponferrada no estaba incluida al ser un plan que han venido desarrollando las diputaciones preferentemente y el Consejo Comarcal de El Bierzo. Como tantas veces hemos puesto de manifiesto, Ponferrada es un municipio especial entre los grandes municipios de la comunidad por poblaci\u00f3n y por el gran patrimonio natural del que dispone.<\/p>\n<p class=\"cmParagraph\">\u00abA lo largo de este a\u00f1o hemos insistido en el compromiso de este equipo de gobierno con la ciudadan\u00eda y con las pedan\u00edas de las zonas rurales del municipio en particular en el trabajo constante para mejorar nuestro entorno, preservar nuestra riqueza natural y prevenir situaciones como las que hemos vivido en este a\u00f1o con los nuevos incendios de sexta generaci\u00f3n. Para ello este ayuntamiento contar\u00e1 con personas que trabajar\u00e1n expresamente en el cuidado de los montes facilitando la realizaci\u00f3n de esas labores que contribuyen a prevenir, fundamentalmente los trabajos de control y limpieza de la vegetaci\u00f3n. Adem\u00e1s, los 96.000 \u20ac de la ayuda, que se van a gestionar a trav\u00e9s de la Concejal\u00eda de Medio Ambiente en coordinaci\u00f3n con el \u00c1rea de Medio Rural, tienen tambi\u00e9n un componente social al ir destinados a la contrataci\u00f3n de desempleados que van a realizar una labor encomiable para la sociedad ponferradina\u00bb.<\/p>\n<p class=\"cmParagraph\">\u00abAyudaremos as\u00ed a que las labores de mantenimiento de los montes que cada vez se hacen m\u00e1s dif\u00edciles para los pueblos por la falta de poblaci\u00f3n y actividad agroganadera se puedan compensar parcialmente con este tipo de trabajos de gesti\u00f3n forestal tan importantes. De ah\u00ed que como alcalde haya insistido ante la Junta de Castilla y Le\u00f3n y su presidente para que estas ayudas tengan en cuenta la especial situaci\u00f3n de Ponferrada. Por ello hay que agradecer la sensibilidad que el presidente Ma\u00f1ueco ha tenido incluyendo nuestro municipio por primera vez para que podamos realizar un mejor aprovechamiento de la acci\u00f3n forestal conjuntando la iniciativa municipal y el apoyo financiero de la Junta de Castilla y Le\u00f3n. Ponferrada, sus pedan\u00edas y su patrimonio natural lo merecen\u00bb<\/p>\n<p class=\"cmParagraph\"><strong>Marco Morala:<\/strong><\/p>\n<p class=\"cmParagraph\"><a href=\"https:\/\/www.ponferrada.org\/es\/ponferrada-hoy\/inclusion-ponferrada-primera-vez-plan-montel-junta-castilla.ficheros\/s,269782-Marco%20Morala.%20PLAN%20MONTEL.mp3\" class=\"cmResourceLink\" rel=\"nofollow noopener\" target=\"_blank\">  Marco Morala. PLAN MONTEL (1.4 MB )<\/a><\/p>\n","protected":false},"excerpt":{"rendered":"Ponferrada, 05 de diciembre de 2025 \u00abLa ayuda recibida del Plan Montel de la Junta de Castilla y&hellip;\n","protected":false},"author":2,"featured_media":51564,"comment_status":"","ping_status":"","sticky":false,"template":"","format":"standard","meta":{"footnotes":""},"categories":[5],"tags":[22820,22815,22824,22822,22809,17,18,22821,22808,6093,22807,22810,3343,22811,22801,22806,22819,22805,25,24,13,14,22804,22828,11,22803,22817,22802,22816,19,20,12064,9,10,15,16,22813,22800,22829,22832,22831,22830,1811,585,22825,22826,22814,20740,22812,23,22818,6538,12,4664,21,22,22827,22823,8374],"class_list":{"0":"post-273806","1":"post","2":"type-post","3":"status-publish","4":"format-standard","5":"has-post-thumbnail","7":"category-titulares","8":"tag-administracioacuten-puacuteblica","9":"tag-almacenamiento","10":"tag-almacenamiento-y-backup","11":"tag-aulas-conectadas-y-seguras","12":"tag-bpm","13":"tag-breaking-news","14":"tag-breakingnews","15":"tag-ciudades-digitales","16":"tag-cms","17":"tag-contenidos","18":"tag-content","19":"tag-crm","20":"tag-desarrollo","21":"tag-disentildeo","22":"tag-divisa","23":"tag-document","24":"tag-educacioacuten","25":"tag-emagazine","26":"tag-es","27":"tag-espana","28":"tag-featured-news","29":"tag-featurednews","30":"tag-gestioacuten","31":"tag-gestioacuten-de-la-calidad-del-software","32":"tag-headlines","33":"tag-informaacutetica","34":"tag-isp","35":"tag-it","36":"tag-java","37":"tag-latest-news","38":"tag-latestnews","39":"tag-manager","40":"tag-news","41":"tag-noticias","42":"tag-noticias-destacadas","43":"tag-noticiasdestacadas","44":"tag-portales","45":"tag-proxia","46":"tag-proxiareg-carpeta-del-paciente","47":"tag-proxiareg-ecclesia","48":"tag-proxiareg-esede","49":"tag-proxiareg-hygia","50":"tag-sanidad","51":"tag-seguridad","52":"tag-seguridad-perimetral-avanzada","53":"tag-servicios-gestionados","54":"tag-sistemas","55":"tag-soluciones","56":"tag-solutions","57":"tag-spain","58":"tag-sun","59":"tag-telecomunicaciones","60":"tag-titulares","61":"tag-turismo","62":"tag-ultimas-noticias","63":"tag-ultimasnoticias","64":"tag-videovigilancia-y-control-de-accesos","65":"tag-virtualizacioacuten","66":"tag-web"},"share_on_mastodon":{"url":"","error":"Validation failed: Text character limit of 500 exceeded"},"_links":{"self":[{"href":"https:\/\/www.europesays.com\/es\/wp-json\/wp\/v2\/posts\/273806","targetHints":{"allow":["GET"]}}],"collection":[{"href":"https:\/\/www.europesays.com\/es\/wp-json\/wp\/v2\/posts"}],"about":[{"href":"https:\/\/www.europesays.com\/es\/wp-json\/wp\/v2\/types\/post"}],"author":[{"embeddable":true,"href":"https:\/\/www.europesays.com\/es\/wp-json\/wp\/v2\/users\/2"}],"replies":[{"embeddable":true,"href":"https:\/\/www.europesays.com\/es\/wp-json\/wp\/v2\/comments?post=273806"}],"version-history":[{"count":0,"href":"https:\/\/www.europesays.com\/es\/wp-json\/wp\/v2\/posts\/273806\/revisions"}],"wp:featuredmedia":[{"embeddable":true,"href":"https:\/\/www.europesays.com\/es\/wp-json\/wp\/v2\/media\/51564"}],"wp:attachment":[{"href":"https:\/\/www.europesays.com\/es\/wp-json\/wp\/v2\/media?parent=273806"}],"wp:term":[{"taxonomy":"category","embeddable":true,"href":"https:\/\/www.europesays.com\/es\/wp-json\/wp\/v2\/categories?post=273806"},{"taxonomy":"post_tag","embeddable":true,"href":"https:\/\/www.europesays.com\/es\/wp-json\/wp\/v2\/tags?post=273806"}],"curies":[{"name":"wp","href":"https:\/\/api.w.org\/{rel}","templated":true}]}}