{"id":273813,"date":"2025-12-06T07:32:10","date_gmt":"2025-12-06T07:32:10","guid":{"rendered":"https:\/\/www.europesays.com\/es\/273813\/"},"modified":"2025-12-06T07:32:10","modified_gmt":"2025-12-06T07:32:10","slug":"javier-santos-el-hijo-no-reconocido-de-julio-iglesias-prepara-una-nueva-demanda-en-ee-uu","status":"publish","type":"post","link":"https:\/\/www.europesays.com\/es\/273813\/","title":{"rendered":"Javier Santos, el hijo no reconocido de Julio Iglesias, prepara una nueva demanda en EE.UU."},"content":{"rendered":"<p style=\"\">Cuatro d\u00e9cadas despu\u00e9s de que <a href=\"https:\/\/www.abc.es\/estilo\/gente\/abci-bailarina-portuguesa-rehizo-vida-valencia-201707070211_noticia.html\" target=\"_self\" data-voc-vtm-id=\"in-text-traffic\" title=\"la portuguesa Edite Santos, exbailarina y modelo\" data-mrf-link=\"www.abc.es\" rel=\"nofollow noopener\">la portuguesa Edite Santos, exbailarina y modelo<\/a>, asegurara haber vivido una relaci\u00f3n sentimental con el cantante Julio Iglesias, el caso de <a href=\"https:\/\/www.abc.es\/gente\/desesperada-carta-javier-santos-julio-iglesias-cumpleanos-20230920144328-nt.html\" target=\"_self\" data-voc-vtm-id=\"in-text-traffic\" title=\"la paternidad de Javier Santos\" data-mrf-link=\"www.abc.es\" rel=\"nofollow noopener\">la paternidad de Javier Santos<\/a> sigue m\u00e1s vivo que nunca. Lo que empez\u00f3 siendo un relato \u00edntimo,  &#8230; la historia de una mujer que dijo haber conocido al cantante en los a\u00f1os setenta y haber tenido con \u00e9l un breve romance del que naci\u00f3 un hijo, se ha convertido en uno de los litigios familiares m\u00e1s largos y medi\u00e1ticos.<\/p>\n<p class=\"voc-p\" style=\"\">Hoy, cuando parec\u00eda que ya no quedaban v\u00edas judiciales abiertas, el caso vuelve a la actualidad con un giro inesperado: la posibilidad real de llevar la demanda a los tribunales de Estados Unidos. As\u00ed lo confirma <strong>el abogado de Javier, Fernando Osuna,<\/strong> que detalla minuciosamente a ABC el recorrido judicial y los pr\u00f3ximos pasos a seguir.<\/p>\n<p class=\"voc-p\" style=\"\">La versi\u00f3n de Edite, contada p\u00fablicamente desde los a\u00f1os noventa, ha sido siempre la misma: conoci\u00f3 a Julio Iglesias durante una actuaci\u00f3n <strong>en 1975, mantuvieron una relaci\u00f3n breve y, poco despu\u00e9s, descubri\u00f3 que estaba embarazada<\/strong>. Seg\u00fan su propio testimonio, durante a\u00f1os trat\u00f3 de obtener un reconocimiento del artista, sin \u00e9xito.<\/p>\n<p><img decoding=\"async\" loading=\"lazy\" src=\"https:\/\/www.europesays.com\/es\/wp-content\/uploads\/2025\/12\/lavier-santos-fernando-osuna-U47268315457jtf-760x900@diario_abc.jpg\" class=\"voc-img\" width=\"760\" height=\"900\" alt=\"Fernando Osuna junto a su cliente, Javier Santos\" data-voc-vtm-id=\"in-text-traffic\"\/><\/p>\n<p>Fernando Osuna junto a su cliente, Javier Santos<\/p>\n<p>gtres<\/p>\n<p class=\"voc-p\" style=\"\">Aquel intento deriv\u00f3 en el primer proceso judicial por paternidad contra el cantante. El caso acab\u00f3 archivado al no existir, en aquel momento, pruebas gen\u00e9ticas concluyentes. Tres d\u00e9cadas despu\u00e9s, con Javier ya adulto, todo volvi\u00f3 a reactivarse.<\/p>\n<p>\nLa botella de pl\u00e1stico\n<\/p>\n<p class=\"voc-p\" style=\"\">La nueva etapa del caso empez\u00f3 en 2017, cuando el equipo jur\u00eddico de Javier, dirigido por el abogado Fernando Osuna, consigui\u00f3 una prueba gen\u00e9tica que dar\u00eda la vuelta a la causa. El propio Osuna lo explica: \u00abConseguimos una prueba de ADN en Miami a trav\u00e9s de un detective. Era <strong>una botella vac\u00eda de pl\u00e1stico que Julio Jos\u00e9 Iglesias Preysler tir\u00f3 a una papelera<\/strong> cuando estaba haciendo surf en una playa de Miami. El detective estaba all\u00ed observ\u00e1ndolo, lo cogi\u00f3, lo analiz\u00f3 y dio un resultado del 99% de hermanidad\u00bb.<\/p>\n<p class=\"voc-p\" style=\"\">Ese hallazgo fue presentado ante el juzgado de Valencia, donde se reabri\u00f3 la causa. Contra todo pron\u00f3stico, un juez acept\u00f3 la prueba, aunque se\u00f1alando que no ten\u00eda todas las garant\u00edas procesales, y permiti\u00f3 que sustentara una nueva demanda junto con otras evidencias. En julio de 2019, el Juzgado de Primera Instancia de Valencia dio la raz\u00f3n a Javier: \u00abLo ganamos, <strong>el juez dijo que s\u00ed, que era Julio Iglesias el padre de Javier<\/strong>\u00bb, recuerda Osuna.<\/p>\n<p class=\"voc-title\">\u00abJavier tiene la tranquilidad de saber que, a nivel gen\u00e9tico, es hijo de Julio Iglesias\u00bb<\/p>\n<p class=\"voc-article-position__name\">Fernando Osuna<\/p>\n<p class=\"voc-article-position__employ\">Abogado de Javier Santos<\/p>\n<p class=\"voc-p\" style=\"\">El equipo jur\u00eddico solicit\u00f3 que el propio cantante se sometiera a una prueba de ADN: \u00abLe dijimos al juez que requiriera llamar a Julio Iglesias para hacerse la prueba de ADN en presencia suya. Y por tres veces se neg\u00f3\u00bb.<\/p>\n<p class=\"voc-p\" style=\"\">Aun as\u00ed, el juez dict\u00f3 sentencia favorable a Javier, declarando judicialmente la paternidad. Pero la alegr\u00eda dur\u00f3 poco. Julio Iglesias recurri\u00f3 ante la Audiencia Provincial de Valencia\u2026 y all\u00ed apareci\u00f3 el muro legal que cambiar\u00eda el futuro del caso.<\/p>\n<p>\nCausa juzgada\n<\/p>\n<p class=\"voc-p\" style=\"\">La Audiencia Provincial no neg\u00f3 la paternidad, algo que Osuna recalca, pero s\u00ed dictamin\u00f3 que el asunto no pod\u00eda volver a juzgarse porque ya hab\u00eda sido resuelto, en los a\u00f1os noventa. Ese argumento fue despu\u00e9s ratificado por el Tribunal Constitucional y por el Tribunal Europeo de Derechos Humanos: \u00abEl Constitucional dijo lo mismo\u2026 y el Tribunal Europeo tambi\u00e9n. Que no se pod\u00eda repetir el juicio\u00bb. <strong>A partir de ah\u00ed, solo quedaba una instancia internacional: la ONU.<\/strong><\/p>\n<p><img decoding=\"async\" loading=\"lazy\" src=\"https:\/\/www.europesays.com\/es\/wp-content\/uploads\/2025\/12\/julio-iglesias-U21421625075IQR-760x900@diario_abc.jpg\" class=\"voc-img\" width=\"760\" height=\"900\" alt=\"Julio Iglesias niega que Javier Santos sea hijo suyo\" data-voc-vtm-id=\"in-text-traffic\"\/><\/p>\n<p>Julio Iglesias niega que Javier Santos sea hijo suyo<\/p>\n<p>gtres<\/p>\n<p class=\"voc-p\" style=\"\">Osuna confirma que la demanda est\u00e1 presentada desde hace casi tres a\u00f1os en el comit\u00e9 de Derechos Humanos de Ginebra: \u00abEl recurso se present\u00f3 hace m\u00e1s de dos a\u00f1os y medio, casi tres. A\u00fan no han contestado. <strong>La ONU es muy dif\u00edcil\u2026 Deben responder, pero no se sabe cu\u00e1ndo<\/strong>\u00bb.<\/p>\n<p class=\"voc-title\">\u00abJavier ya no quiere dinero. Solo quiere su dignidad y su situaci\u00f3n de hijo de Julio Iglesias\u00bb<\/p>\n<p class=\"voc-article-position__name\">Fernando Osuna<\/p>\n<p class=\"voc-article-position__employ\">Abogado de Javier Santos<\/p>\n<p class=\"voc-p\" style=\"\">La petici\u00f3n ante la ONU no busca una nueva sentencia de paternidad, sino la revisi\u00f3n del derecho de Javier a un juicio justo sin las limitaciones de la \u00abcosa juzgada\u00bb del proceso de hace treinta a\u00f1os. Y aunque la respuesta internacional se hace esperar, el equipo legal no se ha quedado quieto.<\/p>\n<p>\nReapertura en Estados Unidos\n<\/p>\n<p class=\"voc-p\" style=\"\">Osuna adelanta: \u00ab<strong>Estamos intentando tambi\u00e9n, a la vez, presentar la demanda en Estados Unidos. Estamos<\/strong> buscando un bufete americano que quiera colaborar con nosotros.\u00bb El abogado confirma que ya han iniciado conversaciones con varios despachos en Miami para interponer all\u00ed una nueva acci\u00f3n civil.<\/p>\n<p class=\"voc-p\" style=\"\">Ser\u00eda la primera vez que el caso salta a los tribunales estadounidenses, donde reside Julio Iglesias desde hace a\u00f1os y donde, seg\u00fan Osuna, podr\u00eda <strong>existir una v\u00eda legal distinta que no quede limitada por las sentencias previas espa\u00f1olas<\/strong>.<\/p>\n<p>\nSolo dignidad\n<\/p>\n<p class=\"voc-p\" style=\"\">Una de las claves m\u00e1s repetidas por Osuna es la renuncia expresa de Javier a cualquier compensaci\u00f3n econ\u00f3mica: \u00abJavier ya no quiere dinero. Solo quiere su dignidad y su situaci\u00f3n de hijo de Julio Iglesias\u00bb.<\/p>\n<p class=\"voc-p\" style=\"\">El abogado detalla que Javier est\u00e1 dispuesto a firmar cualquier documento necesario para dejar claro que no desea herencia ni beneficios: \u00ab\u00c9l renuncia mediante todo tipo de documentos. Y por ley nadie est\u00e1 obligado a aceptar la leg\u00edtima. Si no quieres, no la coges\u00bb. El propio Javier lo ha declarado p\u00fablicamente en muchas ocasiones.<\/p>\n<p class=\"voc-title\">\u00abSus hermanos dicen que es una cuesti\u00f3n que no les afecta. Que es cosa de su padre. No quieren meterse\u00bb<\/p>\n<p class=\"voc-article-position__name\">Fernando Osuna<\/p>\n<p class=\"voc-article-position__employ\">Abogado de Javier Santos<\/p>\n<p class=\"voc-p\" style=\"\">Durante a\u00f1os, tanto Edite Santos como Javier han afirmado haber intentado abrir canales de comunicaci\u00f3n con el cantante y con los hijos del artista. Pero la familia Iglesias siempre ha mantenido la misma postura y no comentar el caso p\u00fablicamente.<\/p>\n<p class=\"voc-p\" style=\"\">Seg\u00fan Osuna: \u00abHemos intentado ponernos en contacto, pero <strong>los hermanos dicen que es una cuesti\u00f3n que no les afecta. Que es cosa de su padre. No quieren meterse<\/strong>\u00bb.<\/p>\n<p class=\"voc-p\" style=\"\">Pese al cansancio de Santos, el abogado insiste en la importancia del camino recorrido: \u00abHa conseguido mucho. Tiene la tranquilidad de saber que, a nivel gen\u00e9tico, es hijo. Esa duda ya no existe. La prueba con Julio Jos\u00e9 dijo que eran hermanos\u00bb.<\/p>\n<p class=\"voc-p\" style=\"\">A la espera de la respuesta de la ONU y con la mirada en el proceso en Estados Unidos, <strong>el caso del supuesto hijo no reconocido de Julio Iglesias sigue siendo uno de los m\u00e1s longevos de la cr\u00f3nica social espa\u00f1ola<\/strong>. Un relato que, 40 a\u00f1os despu\u00e9s, a\u00fan no tiene un punto final.<\/p>\n","protected":false},"excerpt":{"rendered":"Cuatro d\u00e9cadas despu\u00e9s de que la portuguesa Edite Santos, exbailarina y modelo, asegurara haber vivido una relaci\u00f3n sentimental&hellip;\n","protected":false},"author":2,"featured_media":273814,"comment_status":"","ping_status":"","sticky":false,"template":"","format":"standard","meta":{"footnotes":""},"categories":[174],"tags":[255,6386,115,146,147,25,24,256,30,7534,5264,888,795,5936,2868,9593,23],"class_list":{"0":"post-273813","1":"post","2":"type-post","3":"status-publish","4":"format-standard","5":"has-post-thumbnail","7":"category-famosos","8":"tag-celebrities","9":"tag-demanda","10":"tag-eeuu","11":"tag-entertainment","12":"tag-entretenimiento","13":"tag-es","14":"tag-espana","15":"tag-famosos","16":"tag-hijo","17":"tag-iglesias","18":"tag-javier","19":"tag-julio","20":"tag-nueva","21":"tag-prepara","22":"tag-reconocido","23":"tag-santos","24":"tag-spain"},"share_on_mastodon":{"url":"https:\/\/pubeurope.com\/@es\/115671462799640160","error":""},"_links":{"self":[{"href":"https:\/\/www.europesays.com\/es\/wp-json\/wp\/v2\/posts\/273813","targetHints":{"allow":["GET"]}}],"collection":[{"href":"https:\/\/www.europesays.com\/es\/wp-json\/wp\/v2\/posts"}],"about":[{"href":"https:\/\/www.europesays.com\/es\/wp-json\/wp\/v2\/types\/post"}],"author":[{"embeddable":true,"href":"https:\/\/www.europesays.com\/es\/wp-json\/wp\/v2\/users\/2"}],"replies":[{"embeddable":true,"href":"https:\/\/www.europesays.com\/es\/wp-json\/wp\/v2\/comments?post=273813"}],"version-history":[{"count":0,"href":"https:\/\/www.europesays.com\/es\/wp-json\/wp\/v2\/posts\/273813\/revisions"}],"wp:featuredmedia":[{"embeddable":true,"href":"https:\/\/www.europesays.com\/es\/wp-json\/wp\/v2\/media\/273814"}],"wp:attachment":[{"href":"https:\/\/www.europesays.com\/es\/wp-json\/wp\/v2\/media?parent=273813"}],"wp:term":[{"taxonomy":"category","embeddable":true,"href":"https:\/\/www.europesays.com\/es\/wp-json\/wp\/v2\/categories?post=273813"},{"taxonomy":"post_tag","embeddable":true,"href":"https:\/\/www.europesays.com\/es\/wp-json\/wp\/v2\/tags?post=273813"}],"curies":[{"name":"wp","href":"https:\/\/api.w.org\/{rel}","templated":true}]}}