{"id":273817,"date":"2025-12-06T07:35:12","date_gmt":"2025-12-06T07:35:12","guid":{"rendered":"https:\/\/www.europesays.com\/es\/273817\/"},"modified":"2025-12-06T07:35:12","modified_gmt":"2025-12-06T07:35:12","slug":"el-revival-de-malcolm-in-the-middle-lanza-su-primer-teaser-de-que-tratara-la-nueva-serie","status":"publish","type":"post","link":"https:\/\/www.europesays.com\/es\/273817\/","title":{"rendered":"El revival de \u201cMalcolm In The Middle\u201d lanza su primer teaser: de qu\u00e9 tratar\u00e1 la nueva serie"},"content":{"rendered":"<p>Falta poco para que vuelvas a ver a esta hermosa y perfecta familia (Cr\u00e9ditos: Disney Plus)<\/p>\n<p class=\"paragraph\">Hulu y <b>Disney+ <\/b>revelaron el primer vistazo oficial de <a rel=\"noopener noreferrer nofollow\" href=\"https:\/\/www.infobae.com\/entretenimiento\/2025\/10\/23\/frankie-muniz-se-reune-con-sus-hermanos-rumbo-al-revival-de-malcolm-el-de-en-medio\/\" target=\"_blank\" title=\"https:\/\/www.infobae.com\/entretenimiento\/2025\/10\/23\/frankie-muniz-se-reune-con-sus-hermanos-rumbo-al-revival-de-malcolm-el-de-en-medio\/\">Malcolm in the Middle: Life\u2019s Still Unfair<\/a> (La vida sigue siendo injusta), el esperado revival de la ic\u00f3nica comedia familiar creada por Linwood Boomer.<\/p>\n<p class=\"paragraph\">El adelanto, publicado el 5 de diciembre en coincidencia con el cumplea\u00f1os n\u00famero 40 de <a rel=\"noopener noreferrer nofollow\" href=\"https:\/\/www.infobae.com\/espana\/cultura\/2025\/02\/18\/que-fue-de-frankie-muniz-el-actor-de-malcolm-con-pasado-asturiano-que-triunfa-como-piloto-profesional-de-nascar\/\" target=\"_blank\" title=\"https:\/\/www.infobae.com\/espana\/cultura\/2025\/02\/18\/que-fue-de-frankie-muniz-el-actor-de-malcolm-con-pasado-asturiano-que-triunfa-como-piloto-profesional-de-nascar\/\">Frankie Muniz<\/a>, rescata un famoso momento de la serie original. <\/p>\n<p class=\"paragraph\">El gui\u00f1o, que r\u00e1pidamente notaron las fans de la sitcom, es la toma de una afeitadora el\u00e9ctrica rasurando la espalda de un personaje fuera de plano. <\/p>\n<p class=\"paragraph\">Como se recuerda, en el piloto original, Lois (<b>Jane Kaczmarek<\/b>) le afeitaba el torso a Hal (<b>Bryan Cranston<\/b>) en la cocina, mientras Malcolm, Dewey y Reese observaban con resignada costumbre.<\/p>\n<p><img alt=\"El teaser del reboot inicia\" class=\"global-image\" decoding=\"async\" fetchpriority=\"low\" height=\"300\" loading=\"lazy\" src=\"https:\/\/www.europesays.com\/es\/wp-content\/uploads\/2025\/12\/YDHNAMI2T5CDBFWNF5C2MLUVKA.jpg\" width=\"600\"\/>El teaser del reboot inicia con un gui\u00f1o al piloto de 2000, recreando la recordada escena del rasurado de Hal (Captura Disney Plus\/Archivo IMBD)<\/p>\n<p class=\"paragraph\">La miniserie limitada producida por Disney Branded Television, 20th Television y New Regency estar\u00e1 formada por cuatro episodios. <\/p>\n<p class=\"paragraph\">La historia re\u00fane nuevamente a Malcolm con su familia despu\u00e9s de m\u00e1s de una d\u00e9cada de distancia. De acuerdo con la sinopsis compartidas por Hulu,<b> Hal y Lois \u201cexigen su presencia\u201d en su<\/b> <b>fiesta de 40\u00ba aniversario<\/b>, lo que obliga al protagonista a regresar al ca\u00f3tico hogar que ha evitado durante a\u00f1os<\/p>\n<p class=\"paragraph\">Malcolm, ahora adulto y padre, ha intentado proteger a su hija del torbellino emocional que dej\u00f3 atr\u00e1s, pero el reencuentro con los suyos promete desatar viejos conflictos, nuevas din\u00e1micas y un choque generacional inevitable.<\/p>\n<p class=\"paragraph\">El proyecto \u2014anunciado en diciembre del a\u00f1o pasado como parte de las celebraciones por los 25 a\u00f1os de la serie\u2014 se enfocar\u00e1 en la <b>familia y el humor inc\u00f3modo<\/b> que caracteriz\u00f3 a la producci\u00f3n original. Tambi\u00e9n abordar\u00e1 el significado de crecer, separarse y volver a los afectos que moldearon a uno.<\/p>\n<p><img alt=\"El teaser se public\u00f3 coincidiendo\" class=\"global-image\" decoding=\"async\" fetchpriority=\"low\" height=\"1080\" loading=\"lazy\" src=\"https:\/\/www.europesays.com\/es\/wp-content\/uploads\/2025\/12\/AUQBAO5AY5GMZKEJN3NFFKRWJU.jpg\" width=\"1920\"\/>El teaser se public\u00f3 coincidiendo con el cumplea\u00f1os n\u00famero 40 de Muniz, el actor principal (Captura Disney Plus\/Archivo IMBD)<\/p>\n<p class=\"paragraph\">El revival re\u00fane a gran parte del elenco original: <b>Bryan Cranston (Hal)<\/b>, <b>Frankie Muniz (Malcolm)<\/b>, <b>Jane Kaczmarek (Lois)<\/b>, <b>Christopher Masterson (Francis)<\/b>, <b>Justin Berfield (Reese)<\/b> y <b>Emy Coligado (Piama)<\/b>.<\/p>\n<p class=\"paragraph\">Tambi\u00e9n se incorporan nuevos personajes, como <b>Keeley Karsten<\/b>, quien interpreta a Leah, la hija de Malcolm; <b>Vaughan Murrae<\/b>, como Kelly, el nuevo integrante m\u00e1s joven de la familia; <b>Kiana Madeira<\/b> como Tristan, la novia de Malcolm; y <b>Caleb Ellsworth-Clark<\/b>, quien asume el rol de Dewey, reemplazando a <b>Erik Per Sullivan.<\/b><\/p>\n<p class=\"paragraph\">La ausencia de Per Sullivan fue confirmada y explicada por el propio Bryan Cranston. En una entrevisa de junio para el p\u00f3dcast Fly on the Wall, el actor cont\u00f3 que habl\u00f3 con \u00e9l sobre el regreso, pero que el antiguo Dewey no estaba interesado en hacerlo.<\/p>\n<p><img alt=\"Erik Per Sullivan, quien interpret\u00f3\" class=\"global-image\" decoding=\"async\" fetchpriority=\"low\" height=\"1080\" loading=\"lazy\" src=\"https:\/\/www.europesays.com\/es\/wp-content\/uploads\/2025\/12\/SAJIFL3U2FATFFO2EQARZZK5YQ.jpg\" width=\"1920\"\/>Erik Per Sullivan, quien interpret\u00f3 a Dewey, decidi\u00f3 no regresar debido a que se enfoc\u00f3 en sus estudios en Harvard.<\/p>\n<p class=\"paragraph\">Actualmente, el actor de 34 a\u00f1os est\u00e1 completamente enfocado en sus estudios de posgrado en Harvard ya que dej\u00f3 la actuaci\u00f3n desde ni\u00f1o. <\/p>\n<p class=\"paragraph\">En cuanto al hijo menor, Jamie, ahora ser\u00e1 interpretado por <b>Anthony Timpano<\/b>.<\/p>\n<p class=\"paragraph\">Aunque en los \u00faltimos a\u00f1os Frankie Muniz se hab\u00eda alejado de la actuaci\u00f3n para dedicarse al <b>automovilismo<\/b>, su retorno a Malcolm lo llev\u00f3 a reconectar con su vocaci\u00f3n. El pasado 16 de mayo, cuando el protagonista termin\u00f3 el rodaje de la miniserie, estall\u00f3 en celebraci\u00f3n por haber concretado el proyecto. <\/p>\n<p><img alt=\"As\u00ed se ven Bryan Cranston\" class=\"global-image\" decoding=\"async\" fetchpriority=\"low\" height=\"1118\" loading=\"lazy\" src=\"https:\/\/www.europesays.com\/es\/wp-content\/uploads\/2025\/12\/FW3L2TK2LVC7FOI5VOXC3Z53AU.jpg\" width=\"1200\"\/>As\u00ed se ven Bryan Cranston y Jane Kaczmarek en el regreso de \u201cMalcolm in the Middle\u201d casi 20 a\u00f1os despu\u00e9s (X\/@frankiemuniz)<\/p>\n<p class=\"paragraph\"><b>\u201cMe record\u00f3 cu\u00e1nto amo verdaderamente ser actor\u201d<\/b>, escribi\u00f3 en X. Muniz afirm\u00f3 que esta experiencia le devolvi\u00f3 el orgullo por su carrera y que espera continuar actuando a futuro.<\/p>\n<p class=\"paragraph\"><b>Malcolm: la vida sigue siendo injusta<\/b> se estrenar\u00e1 en 2026 en <b>Hulu<\/b> y tambi\u00e9n en <b>Hulu on Disney+<\/b> en Estados Unidos. En Am\u00e9rica Latina, la serie llegar\u00e1 a trav\u00e9s de <b>Disney+<\/b>.<\/p>\n","protected":false},"excerpt":{"rendered":"Falta poco para que vuelvas a ver a esta hermosa y perfecta familia (Cr\u00e9ditos: Disney Plus) Hulu y&hellip;\n","protected":false},"author":2,"featured_media":273818,"comment_status":"","ping_status":"","sticky":false,"template":"","format":"standard","meta":{"footnotes":""},"categories":[171],"tags":[146,147,25,24,23,214],"class_list":{"0":"post-273817","1":"post","2":"type-post","3":"status-publish","4":"format-standard","5":"has-post-thumbnail","7":"category-tv","8":"tag-entertainment","9":"tag-entretenimiento","10":"tag-es","11":"tag-espana","12":"tag-spain","13":"tag-tv"},"share_on_mastodon":{"url":"https:\/\/pubeurope.com\/@es\/115671475170223450","error":""},"_links":{"self":[{"href":"https:\/\/www.europesays.com\/es\/wp-json\/wp\/v2\/posts\/273817","targetHints":{"allow":["GET"]}}],"collection":[{"href":"https:\/\/www.europesays.com\/es\/wp-json\/wp\/v2\/posts"}],"about":[{"href":"https:\/\/www.europesays.com\/es\/wp-json\/wp\/v2\/types\/post"}],"author":[{"embeddable":true,"href":"https:\/\/www.europesays.com\/es\/wp-json\/wp\/v2\/users\/2"}],"replies":[{"embeddable":true,"href":"https:\/\/www.europesays.com\/es\/wp-json\/wp\/v2\/comments?post=273817"}],"version-history":[{"count":0,"href":"https:\/\/www.europesays.com\/es\/wp-json\/wp\/v2\/posts\/273817\/revisions"}],"wp:featuredmedia":[{"embeddable":true,"href":"https:\/\/www.europesays.com\/es\/wp-json\/wp\/v2\/media\/273818"}],"wp:attachment":[{"href":"https:\/\/www.europesays.com\/es\/wp-json\/wp\/v2\/media?parent=273817"}],"wp:term":[{"taxonomy":"category","embeddable":true,"href":"https:\/\/www.europesays.com\/es\/wp-json\/wp\/v2\/categories?post=273817"},{"taxonomy":"post_tag","embeddable":true,"href":"https:\/\/www.europesays.com\/es\/wp-json\/wp\/v2\/tags?post=273817"}],"curies":[{"name":"wp","href":"https:\/\/api.w.org\/{rel}","templated":true}]}}