{"id":273819,"date":"2025-12-06T07:36:12","date_gmt":"2025-12-06T07:36:12","guid":{"rendered":"https:\/\/www.europesays.com\/es\/273819\/"},"modified":"2025-12-06T07:36:12","modified_gmt":"2025-12-06T07:36:12","slug":"bandalos-chinos-y-un-indie-eclectico-que-queda-en-familia-cultura","status":"publish","type":"post","link":"https:\/\/www.europesays.com\/es\/273819\/","title":{"rendered":"Bandalos Chinos y un \u2018indie\u2019 ecl\u00e9ctico que queda en familia | Cultura"},"content":{"rendered":"<p class=\"\">Es una danza constante. <a href=\"https:\/\/bandaloschinos.com\/\" target=\"_self\" rel=\"nofollow noopener\" title=\"https:\/\/bandaloschinos.com\/\">Bandalos Chinos<\/a> baila entre el rock y el pop, entre lo emergente y la madurez, entre lo profesional y lo familiar. La banda argentina la conforman seis amigos desde el colegio. Dos pares de hermanos. En su coreograf\u00eda ecl\u00e9ctica incorporan lo mejor de todos los mundos. \u201cTen\u00e9s que aprender a convivir con que un d\u00eda com\u00e9s arroz y al d\u00eda siguiente com\u00e9s caviar. Un d\u00eda est\u00e1s llenando un Auditorio Nacional de 10.000 personas <a href=\"https:\/\/elpais.com\/mexico\/2025-12-04\/rosalia-regresa-a-mexico-con-la-gira-lux-ciudades-fechas-y-detalles-de-la-preventa-de-boletos.html\" target=\"_self\" rel=\"nofollow noopener\" title=\"https:\/\/elpais.com\/mexico\/2025-12-04\/rosalia-regresa-a-mexico-con-la-gira-lux-ciudades-fechas-y-detalles-de-la-preventa-de-boletos.html\">en Ciudad de M\u00e9xico<\/a> y dos semanas antes estabas batallando para meter a 300 en Washington\u201d,<b> <\/b>cuenta el cantante Gregorio Degano que, junto al guitarrista I\u00f1aki Colombo, responden a la entrevista. Esta noche les toca un punto medio: comen boquerones y tortilla en una terraza de Madrid. Seguir\u00e1n sus conciertos en la capital, Barcelona y Valencia, donde reunieron casi 4.000 personas.<\/p>\n<p>M\u00e1s informaci\u00f3n<\/p>\n<p class=\"\">En una mesa pr\u00f3xima se oye a los dem\u00e1s miembros que, mal dormidos, pero sonrientes, comparten una cerveza: el guitarrista Tom\u00e1s Verduga; el baterista Mat\u00edas Verduga, el tecladista Salvador Colombo, y el bajista Nicol\u00e1s Rodr\u00edguez del Pozo. Todos rondan los 35 a\u00f1os y son de Beccar, al norte de la Ciudad de Buenos Aires. Cruzaron el Atl\u00e1ntico despu\u00e9s de girar por 28 ciudades de Sudam\u00e9rica, M\u00e9xico y Estados Unidos, para presentar V\u00e1ndalos, su cuarto disco, lanzado este a\u00f1o. Mientras los j\u00f3venes del g\u00e9nero urbano argentino atraen las miradas del mundo, <a href=\"https:\/\/elpais.com\/cultura\/2025-11-28\/la-irrupcion-furiosa-y-guitarrera-de-la-paloma.html\" target=\"_self\" rel=\"nofollow noopener\" title=\"https:\/\/elpais.com\/cultura\/2025-11-28\/la-irrupcion-furiosa-y-guitarrera-de-la-paloma.html\">este grupo referente del indie<\/a> latinoamericano de la \u00faltima d\u00e9cada aprovecha la ola y apuesta por expandirse en Europa.<\/p>\n<p class=\"\">El cantante y ambos d\u00faos de hermanos fueron al mismo colegio en los suburbios de la capital. Su peque\u00f1o gran sue\u00f1o era tocar en Buenos Aires. Empezaron en 2009 con una banda de punk, y el grupo consolid\u00f3 su formaci\u00f3n en 2014, cuando grabaron el EP Nunca estuve ac\u00e1. En 2018 lanzaron Bach, que les abri\u00f3 las puertas de M\u00e9xico, el primer pa\u00eds en el que giraron fuera de casa. Fue el primero de la trilog\u00eda de \u00e1lbumes <a href=\"https:\/\/elpais.com\/elpais\/2014\/04\/10\/icon\/1397120291_050080.html\" target=\"_self\" rel=\"nofollow noopener\" title=\"https:\/\/elpais.com\/elpais\/2014\/04\/10\/icon\/1397120291_050080.html\">que produjo Ad\u00e1n Jodorowsky<\/a> en Sonic Ranch, un estudio en el desierto texano por el que pasaron artistas como Leiva, al que siguieron Paranoia Pop (2020) y El Big Blue (2022). Desde el inicio, no firmaron con ning\u00fan sello. Ser <a href=\"https:\/\/elpais.com\/cultura\/2025-11-11\/turbulencias-en-el-indie-espanol-el-agotamiento-de-un-modelo-provoca-que-algunos-grupos-lo-dejen-y-otros-pierdan-miembros.html\" target=\"_self\" rel=\"nofollow noopener\" title=\"https:\/\/elpais.com\/cultura\/2025-11-11\/turbulencias-en-el-indie-espanol-el-agotamiento-de-un-modelo-provoca-que-algunos-grupos-lo-dejen-y-otros-pierdan-miembros.html\">una banda independiente y autogestionada<\/a> les permite bailar a su propio ritmo. <\/p>\n<p><img decoding=\"auto\" class=\"_re lazyload a_m-h\" height=\"257\"  width=\"414\"  src=\"https:\/\/www.europesays.com\/es\/wp-content\/uploads\/2025\/12\/S3V3F43IRVGITMYDRM7VXUWFK4.jpg\" loading=\"lazy\"\/>Los integrantes del grupo argentino Bandalos Chinos posan en la barra de Casa Brava antes del encuentro con fans en Madrid.Alan Garc\u00eda Loza<\/p>\n<p class=\"\">Como cualquier familia, tienen roces; los suyos se dan en una sala de ensayo, una prueba de sonido o una camioneta de gira. El hermano mayor de los Colombo confiesa: \u201cEs intenso, porque hay una relaci\u00f3n de mucha confianza y eso te abre un canal de comunicaci\u00f3n directo, crudo, y te dec\u00eds de todo: lo bueno y lo malo\u201d. La uni\u00f3n de sangre es m\u00e1s dif\u00edcil de romper, pero puede tensar a\u00fan m\u00e1s el hilo. As\u00ed, comenzaron la terapia de grupo. Degano explica: \u201cLo hab\u00edamos visto en documentales de bandas y durante la pandemia, que se le desmadr\u00f3 el mundo a todos, apareci\u00f3 ese espacio que le estir\u00f3 la vida \u00fatil a la banda, le dio longevidad; las personas cambiamos y era hora de volver a poner objetivos en com\u00fan\u201d.<\/p>\n<p class=\"\">Mientras el trap explotaba en Argentina, los Bandalos se tomaban tres a\u00f1os de silencio discogr\u00e1fico para repensar hacia d\u00f3nde ir. I\u00f1aki Colombo recuerda: \u201cSent\u00edamos que hab\u00edamos encontrado una formulita, discos que nos proyectaron a nivel internacional, pero que nos empez\u00f3 a sonar todo muy parecido\u201d. En 2024 volvieron al estudio de su barrio. \u201cLa premisa era volver a divertirnos. Ven\u00edamos de una din\u00e1mica de grabaci\u00f3n donde no ten\u00edas ni un minuto para que te duela la cabeza o estar resfriado\u201d, recuerda Degano. El resultado recibi\u00f3 <a href=\"https:\/\/elpais.com\/us\/entretenimiento\/2025-11-14\/latin-grammy-2025-bad-bunny-y-ca7riel-y-paco-amoroso-se-banan-de-premios-y-abrazos.html\" target=\"_self\" rel=\"nofollow noopener\" title=\"https:\/\/elpais.com\/us\/entretenimiento\/2025-11-14\/latin-grammy-2025-bad-bunny-y-ca7riel-y-paco-amoroso-se-banan-de-premios-y-abrazos.html\">dos nominaciones a los Premios Grammy Latinos<\/a>. <\/p>\n<p class=\"\">Preguntado por la generaci\u00f3n de raperos compatriotas que se han popularizado en el mundo, el cantante responde convencido: \u201cToda esta camada de artistas urbanos argentinos que irrumpieron a nivel global es 100% nutritiva, nos abren puertas a las bandas alternativas\u201d. \u201cObviamente, no vamos a hacer un estadio como hace Duki ac\u00e1, pero s\u00ed creo que volvi\u00f3 a poner en la mira a los grupos argentinos\u201d, se\u00f1ala.<\/p>\n<p class=\"\">Hace un d\u00eda eran amigos compartiendo unas ca\u00f1as y charlando sobre el futbolista del Real Madrid <a href=\"https:\/\/elpais.com\/deportes\/futbol\/2025-08-14\/franco-mastantuono-el-nuevo-talento-argentino-al-que-llamaron-xabi-alonso-y-luis-enrique.html\" target=\"_self\" rel=\"nofollow noopener\" title=\"https:\/\/elpais.com\/deportes\/futbol\/2025-08-14\/franco-mastantuono-el-nuevo-talento-argentino-al-que-llamaron-xabi-alonso-y-luis-enrique.html\">Franco Mastantuono<\/a> y lo pesada que estaba la maleta con discos de vinilo y camisetas promocionales que arrastraron toda la gira. Pero en la sala La Riviera (Madrid), son estrellas. Fuman en el escenario. Degano se mueve histri\u00f3nico y sonriente, con la voz dulce que lo caracteriza. Tocan un pop-rock elegante, ochentero, a veces funk y otras, electr\u00f3nica. Alguna balada. El rock nacional para ellos \u201ces ADN musical\u201d. Sobre los titanes Garc\u00eda, Spinetta, Cerati, P\u00e1ez, Calamaro, Colombo opina: \u201cEs algo que mamamos desde muy chiquitos, son nuestros primeros \u00eddolos, no lo pod\u00e9s eludir\u201d. Despu\u00e9s llegaron Babas\u00f3nicos y Miranda a mostrarles que siempre se puede agregar algo nuevo.<\/p>\n<p class=\"\">\u201cVinimos con un disco nuevo que se llama V\u00e1ndalos, bien escrito esta vez\u201d, se re\u00eda Degano al presentarse ante 1.700 personas en el concierto en Madrid. Cuando hicieron su primera presentaci\u00f3n de la historia todav\u00eda no ten\u00edan nombre. Alguien del p\u00fablico se acerc\u00f3 a preguntarle a la hermana del cantante c\u00f3mo se llamaban, ella contest\u00f3: \u201cLos Chicos\u201d y ese se\u00f1or luego mand\u00f3 un correo electr\u00f3nico para contratar a \u201cBanda Los Chinos\u201d para un evento. El trabajo nunca se concret\u00f3, pero dej\u00f3 la ra\u00edz del nombre del grupo, que mut\u00f3 a Bandalos Chinos, sin tilde en la \u201ca\u201d por ser una palabra inventada.<\/p>\n<p class=\"\">Eligen no hablar de pol\u00edtica en el escenario. \u201cSiempre nos vinculamos con la m\u00fasica desde un lugar no contestatario y desde aportar un b\u00e1lsamo o un respiro entre tanta crisis y tanto quilombo\u201d, argumenta Degano. No llegaron a votar en las recientes elecciones legislativas, donde <a href=\"https:\/\/elpais.com\/argentina\/2025-12-03\/milei-cesa-al-jefe-de-los-espias-argentinos.html\" target=\"_self\" rel=\"nofollow noopener\" title=\"https:\/\/elpais.com\/argentina\/2025-12-03\/milei-cesa-al-jefe-de-los-espias-argentinos.html\">el partido de Javier Milei<\/a> tuvo un triunfo arrollador. Colombo comenta: \u201cNos entristece; se est\u00e1 <a href=\"https:\/\/elpais.com\/argentina\/2025-12-03\/la-fractura-del-peronismo-allana-el-camino-a-milei-en-el-congreso-argentino.html\" target=\"_self\" rel=\"nofollow noopener\" title=\"https:\/\/elpais.com\/argentina\/2025-12-03\/la-fractura-del-peronismo-allana-el-camino-a-milei-en-el-congreso-argentino.html\">poniendo la mirada en la gesti\u00f3n de un pa\u00eds<\/a> de una manera muy fr\u00eda, un poco desalmado\u201d. \u201cUn presidente roquero que no banca la cultura es contradictorio\u201d, se queja el cantante y agrega: \u201cObviamente que todo en la vida es pol\u00edtico, pero intentamos que hablen los que saben y nosotros acercarnos con nuestro p\u00fablico a escuchar lo que tienen para decir\u201d.<\/p>\n<p class=\"\">Esta fue su cuarta visita a Espa\u00f1a, a donde viajan desde 2022. Tienen todav\u00eda pendiente colaborar con alg\u00fan artista local. Con <a href=\"https:\/\/elpais.com\/cultura\/2025-06-24\/leiva-alarga-su-momento-dulce-ante-17000-personas-en-madrid.html\" target=\"_self\" rel=\"nofollow noopener\" title=\"https:\/\/elpais.com\/cultura\/2025-06-24\/leiva-alarga-su-momento-dulce-ante-17000-personas-en-madrid.html\">Leiva<\/a> o <a href=\"https:\/\/elpais.com\/cultura\/2024-12-11\/marc-gili-musico-las-palabras-perdon-y-gracias-son-las-mas-importantes-del-vocabulario.html\" target=\"_self\" rel=\"nofollow noopener\" title=\"https:\/\/elpais.com\/cultura\/2024-12-11\/marc-gili-musico-las-palabras-perdon-y-gracias-son-las-mas-importantes-del-vocabulario.html\">Dorian<\/a> tienen buen rollo; de otros, como <a href=\"https:\/\/elpais.com\/icon\/2023-12-27\/rusowsky-asi-se-consigue-el-exito-internacional-desde-tu-habitacion.html\" target=\"_self\" rel=\"nofollow noopener\" title=\"https:\/\/elpais.com\/icon\/2023-12-27\/rusowsky-asi-se-consigue-el-exito-internacional-desde-tu-habitacion.html\">Rusowsky<\/a>, <a href=\"https:\/\/elpais.com\/espana\/catalunya\/2025-06-12\/alizzz-reivindica-una-palestina-libre-en-el-placido-arranque-de-sonar.html\" target=\"_self\" rel=\"nofollow noopener\" title=\"https:\/\/elpais.com\/espana\/catalunya\/2025-06-12\/alizzz-reivindica-una-palestina-libre-en-el-placido-arranque-de-sonar.html\">Alizzz<\/a>, <a href=\"https:\/\/elpais.com\/cultura\/2025-12-04\/rosalia-anuncia-ocho-conciertos-en-madrid-y-barcelona-para-presentar-lux.html\" target=\"_self\" rel=\"nofollow noopener\" title=\"https:\/\/elpais.com\/cultura\/2025-12-04\/rosalia-anuncia-ocho-conciertos-en-madrid-y-barcelona-para-presentar-lux.html\">Rosal\u00eda<\/a> o Locoplaya, son solo aficionados. Hacia adelante los espera un nuevo disco. Despu\u00e9s de 15 a\u00f1os de recorrido, est\u00e1n cosechando el cari\u00f1o de Am\u00e9rica y empezando a sembrar en Europa. Dicen: \u201cLo vivimos de manera muy natural, eso de estar todo el tiempo danzando entre ser una banda establecida y ser una banda nueva, como es el caso de Espa\u00f1a, donde todav\u00eda estamos en desarrollo. Vamos a seguir viniendo hasta hacernos nuestro lugar\u201d. <\/p>\n","protected":false},"excerpt":{"rendered":"Es una danza constante. Bandalos Chinos baila entre el rock y el pop, entre lo emergente y la&hellip;\n","protected":false},"author":2,"featured_media":273820,"comment_status":"","ping_status":"","sticky":false,"template":"","format":"standard","meta":{"footnotes":""},"categories":[170],"tags":[283,505,55673,210,209,48078,146,147,25,24,11475,205,184,185,725,6765,1273,23,235],"class_list":{"0":"post-273819","1":"post","2":"type-post","3":"status-publish","4":"format-standard","5":"has-post-thumbnail","7":"category-musica","8":"tag-argentina","9":"tag-artistas","10":"tag-bandas-musica","11":"tag-barcelona","12":"tag-cultura","13":"tag-discograficas","14":"tag-entertainment","15":"tag-entretenimiento","16":"tag-es","17":"tag-espana","18":"tag-giras-musicales","19":"tag-madrid","20":"tag-music","21":"tag-musica","22":"tag-musicos","23":"tag-pop","24":"tag-rock","25":"tag-spain","26":"tag-valencia"},"share_on_mastodon":{"url":"https:\/\/pubeurope.com\/@es\/115671478019017819","error":""},"_links":{"self":[{"href":"https:\/\/www.europesays.com\/es\/wp-json\/wp\/v2\/posts\/273819","targetHints":{"allow":["GET"]}}],"collection":[{"href":"https:\/\/www.europesays.com\/es\/wp-json\/wp\/v2\/posts"}],"about":[{"href":"https:\/\/www.europesays.com\/es\/wp-json\/wp\/v2\/types\/post"}],"author":[{"embeddable":true,"href":"https:\/\/www.europesays.com\/es\/wp-json\/wp\/v2\/users\/2"}],"replies":[{"embeddable":true,"href":"https:\/\/www.europesays.com\/es\/wp-json\/wp\/v2\/comments?post=273819"}],"version-history":[{"count":0,"href":"https:\/\/www.europesays.com\/es\/wp-json\/wp\/v2\/posts\/273819\/revisions"}],"wp:featuredmedia":[{"embeddable":true,"href":"https:\/\/www.europesays.com\/es\/wp-json\/wp\/v2\/media\/273820"}],"wp:attachment":[{"href":"https:\/\/www.europesays.com\/es\/wp-json\/wp\/v2\/media?parent=273819"}],"wp:term":[{"taxonomy":"category","embeddable":true,"href":"https:\/\/www.europesays.com\/es\/wp-json\/wp\/v2\/categories?post=273819"},{"taxonomy":"post_tag","embeddable":true,"href":"https:\/\/www.europesays.com\/es\/wp-json\/wp\/v2\/tags?post=273819"}],"curies":[{"name":"wp","href":"https:\/\/api.w.org\/{rel}","templated":true}]}}