{"id":273837,"date":"2025-12-06T07:54:09","date_gmt":"2025-12-06T07:54:09","guid":{"rendered":"https:\/\/www.europesays.com\/es\/273837\/"},"modified":"2025-12-06T07:54:09","modified_gmt":"2025-12-06T07:54:09","slug":"deco-dio-sus-favoritos-para-levantar-el-mundial","status":"publish","type":"post","link":"https:\/\/www.europesays.com\/es\/273837\/","title":{"rendered":"Deco dio sus favoritos para levantar el Mundial"},"content":{"rendered":"<p class=\"ft-text\">Deco no quiso perderse &#8216;El Partido de las Estrellas&#8217; en Castelldefels y, antes del evento, atendi\u00f3 a los medios de comunicaci\u00f3n. Entre las preguntas, le consultaron por sus favoritos para el Mundial de 2026. El director deportivo del Bar\u00e7a mencion\u00f3 cuatro selecciones, pero llam\u00f3 la atenci\u00f3n que olvid\u00f3 a una muy importante. Entre risas, pidi\u00f3 disculpas por el despiste.<\/p>\n","protected":false},"excerpt":{"rendered":"Deco no quiso perderse &#8216;El Partido de las Estrellas&#8217; en Castelldefels y, antes del evento, atendi\u00f3 a los&hellip;\n","protected":false},"author":2,"featured_media":273838,"comment_status":"","ping_status":"","sticky":false,"template":"","format":"standard","meta":{"footnotes":""},"categories":[268],"tags":[2296,882,168,25,24,881,280,282,32463,281,23,167],"class_list":{"0":"post-273837","1":"post","2":"type-post","3":"status-publish","4":"format-standard","5":"has-post-thumbnail","7":"category-futbol","8":"tag-barca","9":"tag-deco","10":"tag-deportes","11":"tag-es","12":"tag-espana","13":"tag-fc-barcelona","14":"tag-football","15":"tag-futbol","16":"tag-mundial-2026","17":"tag-soccer","18":"tag-spain","19":"tag-sports"},"share_on_mastodon":{"url":"https:\/\/pubeurope.com\/@es\/115671548989318336","error":""},"_links":{"self":[{"href":"https:\/\/www.europesays.com\/es\/wp-json\/wp\/v2\/posts\/273837","targetHints":{"allow":["GET"]}}],"collection":[{"href":"https:\/\/www.europesays.com\/es\/wp-json\/wp\/v2\/posts"}],"about":[{"href":"https:\/\/www.europesays.com\/es\/wp-json\/wp\/v2\/types\/post"}],"author":[{"embeddable":true,"href":"https:\/\/www.europesays.com\/es\/wp-json\/wp\/v2\/users\/2"}],"replies":[{"embeddable":true,"href":"https:\/\/www.europesays.com\/es\/wp-json\/wp\/v2\/comments?post=273837"}],"version-history":[{"count":0,"href":"https:\/\/www.europesays.com\/es\/wp-json\/wp\/v2\/posts\/273837\/revisions"}],"wp:featuredmedia":[{"embeddable":true,"href":"https:\/\/www.europesays.com\/es\/wp-json\/wp\/v2\/media\/273838"}],"wp:attachment":[{"href":"https:\/\/www.europesays.com\/es\/wp-json\/wp\/v2\/media?parent=273837"}],"wp:term":[{"taxonomy":"category","embeddable":true,"href":"https:\/\/www.europesays.com\/es\/wp-json\/wp\/v2\/categories?post=273837"},{"taxonomy":"post_tag","embeddable":true,"href":"https:\/\/www.europesays.com\/es\/wp-json\/wp\/v2\/tags?post=273837"}],"curies":[{"name":"wp","href":"https:\/\/api.w.org\/{rel}","templated":true}]}}