{"id":273839,"date":"2025-12-06T07:55:11","date_gmt":"2025-12-06T07:55:11","guid":{"rendered":"https:\/\/www.europesays.com\/es\/273839\/"},"modified":"2025-12-06T07:55:11","modified_gmt":"2025-12-06T07:55:11","slug":"las-fotos-de-jimena-baron-y-su-viaje-perfecto-a-brasil-familia-surf-y-un-mensaje-de-gratitud-eterna","status":"publish","type":"post","link":"https:\/\/www.europesays.com\/es\/273839\/","title":{"rendered":"Las fotos de Jimena Bar\u00f3n y su viaje perfecto a Brasil: familia, surf y un mensaje de gratitud eterna"},"content":{"rendered":"<p><img alt=\"Jimena Bar\u00f3n disfrut\u00f3 en familia\" class=\"global-image\" decoding=\"async\" fetchpriority=\"high\" height=\"1440\" loading=\"eager\" src=\"https:\/\/www.europesays.com\/es\/wp-content\/uploads\/2025\/12\/CLJONJYIZVHC3ENMNIA3AVXXRU.jpg\" width=\"1080\"\/>Jimena Bar\u00f3n disfrut\u00f3 en familia de unos d\u00edas de descanso en Brasil y comparti\u00f3 sus sentimientos (Instagram)<\/p>\n<p class=\"paragraph\">El sol cae sobre las costas de <b>Brasil<\/b>, y en el aire flota la certeza de que <a rel=\"noopener noreferrer nofollow\" href=\"https:\/\/www.infobae.com\/tag\/jimena-baron\/\" target=\"_blank\" title=\"https:\/\/www.infobae.com\/tag\/jimena-baron\/\"><b>Jimena Bar\u00f3n<\/b><\/a><b> est\u00e1 viviendo unas vacaciones que marcar\u00e1n su memoria y la de quienes la rodean<\/b>. Las aguas turquesas abrazan a su familia: su hijo <b>Momo<\/b>, su pareja <a rel=\"noopener noreferrer nofollow\" href=\"https:\/\/www.infobae.com\/tag\/matias-palleiro\/\" target=\"_blank\" title=\"https:\/\/www.infobae.com\/tag\/matias-palleiro\/\"><b>Mat\u00edas Palleiro<\/b><\/a> \u2014el \u201cQ\u201d de sus fotos y su vida\u2014, el peque\u00f1o <b>Arturo<\/b> y ese c\u00edrculo \u00edntimo que eligen entre olas y abrazos.<\/p>\n<p class=\"paragraph\">Las postales llegan una tras otra, como si fueran r\u00e1fagas de felicidad detenidas en un instante. Momo aparece surfeando, erguido, con la mirada puesta en el horizonte, seguro, casi ajeno al peligro que esconde el mar. Y la mam\u00e1 siente que tiene algo para decirle y quiere que la lean todos: \u201cMomo: Yo te admiro un mont\u00f3n. A m\u00ed por momentos (ni hablar en los revolcones) me da miedo estar ah\u00ed flotando, enfrentando el inmenso mar y sus cambios constantes e impredecibles\u201d, admite con cierta prudencia. Y enseguida se rectifica.<\/p>\n<p class=\"paragraph\"><b>\u201cYo no quiero transmitirte miedo, as\u00ed que solo te miro, veo que sos feliz, que sos un crack y me sonr\u00ede algo adentro del pecho (el coraz\u00f3n?) y me quedo tranquila. Nunca m\u00e1s tranquila que en ese momento. Esto debe estar muy bien, pienso\u201d<\/b>, destaca Jimena, desbordada de orgullo.<\/p>\n<p><img alt=\"Jimena Bar\u00f3n en Brasil\" class=\"global-image\" decoding=\"async\" fetchpriority=\"low\" height=\"1440\" loading=\"lazy\" src=\"https:\/\/www.europesays.com\/es\/wp-content\/uploads\/2025\/12\/7DDTJYKJEFFOFDHGHSBPHGGM64.jpg\" width=\"1080\"\/>Jimena Bar\u00f3n en Brasil<\/p>\n<p class=\"paragraph\">Detr\u00e1s de esa fuerza infantil que desaf\u00eda las olas, hay una madre que se sostiene a s\u00ed misma para ser el ancla y la admiradora de ese peque\u00f1o valiente. \u00bfQui\u00e9n puede mirar a su hijo en el mar y no sentir el v\u00e9rtigo de los a\u00f1os que se van, del miedo a lo desconocido? Pero Jimena suelta el temor y deja que sea la alegr\u00eda la que ocupe el pecho: \u201cTe quieren todos. <b>Esto debe estar muy muy bien<\/b>. El pecho de nuevo me sonr\u00ede\u201d.<\/p>\n<p class=\"paragraph\">En la terraza, en medio del verde tropical de Brasil, <b>Jimena sostiene a Arturo<\/b>. Lo besa. El ni\u00f1o se abandona en sus brazos: una isla de calma, el amor absoluto que se palpa casi en la piel. \u201cArturo de mi alma, mi mochilita viajera, que dorm\u00eds donde sea, com\u00e9s al paso, al trote y al galope, y te re\u00eds y re\u00eds y re\u00eds. <b>\u00a1Qu\u00e9 bendici\u00f3n gordito precioso, qu\u00e9 mo\u00f1azo le viniste a poner a nuestra vida. Te amo tanto, gordo feliz!<\/b>\u201d. A su lado, la esencia de la familia se multiplica.<\/p>\n<p><img alt=\"Jimena Bar\u00f3n y un mensaje\" class=\"global-image\" decoding=\"async\" fetchpriority=\"low\" height=\"1440\" loading=\"lazy\" src=\"https:\/\/www.europesays.com\/es\/wp-content\/uploads\/2025\/12\/BWAKSG54IJEKZCH2BWFGAX5JOU.jpg\" width=\"1080\"\/>Jimena Bar\u00f3n y un mensaje cargado de gratitud tras unos d\u00edas en Brasil<\/p>\n<p class=\"paragraph\">Al borde de la pileta, hay una complicidad que atraviesa la lente. Ella y su pareja, <b>Mat\u00edas Palleiro<\/b>, comparten ropa de playa, se miran y se entienden sin hablar. \u201cA mi Tarz\u00e1n, compa\u00f1ero de todas, que est\u00e1 m\u00e1s fuerte que el peor revolc\u00f3n, sos el partner de mis sue\u00f1os. <b>Qu\u00e9 hermoso y parecido estamos criando. No quisiera para nada vivir la vida sin vos Q<\/b>. \u00a1Qu\u00e9 famili\u00f3n! Yo sab\u00eda que me merec\u00eda mucho esto, pero igual gracias cookie\u201d. Hay gratitud en sus palabras, hay tierra firme en ese amor.<\/p>\n<p class=\"paragraph\">\u00bfSe puede pedir m\u00e1s cuando la alegr\u00eda se reparte entre todos? La respuesta llega en otras l\u00edneas, dedicadas a <b>Mari, antes apenas ni\u00f1era, hoy madrina de Momo, siempre sost\u00e9n y referencia<\/b>: \u201cLa suerte de tenerte es algo que agradezco a diario. Siempre voy a tratar de hacerte feliz como tanto te merec\u00e9s. Tu laburo y tu presencia son un lujo. No ser\u00edamos la familia que somos sin vos, que sos tambi\u00e9n nuestra familia. <b>Madrina oficial, te quiero infinito<\/b>\u201d.<\/p>\n<p><img alt=\"Jimena Bar\u00f3n entre risas, relax\" class=\"global-image\" decoding=\"async\" fetchpriority=\"low\" height=\"1440\" loading=\"lazy\" src=\"https:\/\/www.europesays.com\/es\/wp-content\/uploads\/2025\/12\/DFFOV62I75BYDI67U72QBCDJAE.jpg\" width=\"1080\"\/>Jimena Bar\u00f3n entre risas, relax y la compa\u00f1\u00eda de sus afectos m\u00e1s cercanos en Brasil<\/p>\n<p class=\"paragraph\">Fotos, texto, recuerdos gest\u00e1ndose a cada instante. Una cr\u00f3nica de mar, surf y cari\u00f1o, vivida a flor de piel por <b>Jimena Bar\u00f3n<\/b> y los suyos, en pleno coraz\u00f3n de Brasil. El mensaje final mira hacia arriba: \u201c<b>Y a Dios siempre, que sabe cu\u00e1ndo y por qu\u00e9. Siempre. Gracias.<\/b>\u201d \u00bfQu\u00e9 queda cuando el amor se desborda y la gratitud lo envuelve todo? Quedan estas postales: instantes eternos y la promesa de que la felicidad es, a veces, tan simple como saltar una ola en familia.<\/p>\n","protected":false},"excerpt":{"rendered":"Jimena Bar\u00f3n disfrut\u00f3 en familia de unos d\u00edas de descanso en Brasil y comparti\u00f3 sus sentimientos (Instagram) El&hellip;\n","protected":false},"author":2,"featured_media":273840,"comment_status":"","ping_status":"","sticky":false,"template":"","format":"standard","meta":{"footnotes":""},"categories":[174],"tags":[255,146,147,25,24,256,23],"class_list":{"0":"post-273839","1":"post","2":"type-post","3":"status-publish","4":"format-standard","5":"has-post-thumbnail","7":"category-famosos","8":"tag-celebrities","9":"tag-entertainment","10":"tag-entretenimiento","11":"tag-es","12":"tag-espana","13":"tag-famosos","14":"tag-spain"},"share_on_mastodon":{"url":"https:\/\/pubeurope.com\/@es\/115671553135320315","error":""},"_links":{"self":[{"href":"https:\/\/www.europesays.com\/es\/wp-json\/wp\/v2\/posts\/273839","targetHints":{"allow":["GET"]}}],"collection":[{"href":"https:\/\/www.europesays.com\/es\/wp-json\/wp\/v2\/posts"}],"about":[{"href":"https:\/\/www.europesays.com\/es\/wp-json\/wp\/v2\/types\/post"}],"author":[{"embeddable":true,"href":"https:\/\/www.europesays.com\/es\/wp-json\/wp\/v2\/users\/2"}],"replies":[{"embeddable":true,"href":"https:\/\/www.europesays.com\/es\/wp-json\/wp\/v2\/comments?post=273839"}],"version-history":[{"count":0,"href":"https:\/\/www.europesays.com\/es\/wp-json\/wp\/v2\/posts\/273839\/revisions"}],"wp:featuredmedia":[{"embeddable":true,"href":"https:\/\/www.europesays.com\/es\/wp-json\/wp\/v2\/media\/273840"}],"wp:attachment":[{"href":"https:\/\/www.europesays.com\/es\/wp-json\/wp\/v2\/media?parent=273839"}],"wp:term":[{"taxonomy":"category","embeddable":true,"href":"https:\/\/www.europesays.com\/es\/wp-json\/wp\/v2\/categories?post=273839"},{"taxonomy":"post_tag","embeddable":true,"href":"https:\/\/www.europesays.com\/es\/wp-json\/wp\/v2\/tags?post=273839"}],"curies":[{"name":"wp","href":"https:\/\/api.w.org\/{rel}","templated":true}]}}